{"id":14526,"date":"2025-01-10T12:29:49","date_gmt":"2025-01-10T11:29:49","guid":{"rendered":"https:\/\/serveiseducatius.xtec.cat\/altpenedes\/?p=14526"},"modified":"2025-04-10T12:29:32","modified_gmt":"2025-04-10T10:29:32","slug":"converses-poliedriques-i-parlar-escriure-i-llegir-experiencies-per-combatre-el-pessimisme-ii-institut-desenvolupament-professional-idp","status":"publish","type":"post","link":"https:\/\/serveiseducatius.xtec.cat\/altpenedes\/general\/converses-poliedriques-i-parlar-escriure-i-llegir-experiencies-per-combatre-el-pessimisme-ii-institut-desenvolupament-professional-idp\/","title":{"rendered":"Converses poli\u00e8driques i Parlar, escriure i llegir. Experi\u00e8ncies per combatre el pessimisme II | Institut Desenvolupament Professional (IDP)\u00a0\u00a0"},"content":{"rendered":"\n<p><\/p>\n\n\n\n<p>Estem contents de poder-vos informar de dues propostes pedag\u00f2giques que es realitzaran properament.<\/p>\n\n\n\n<p><img decoding=\"async\" alt=\"1\ufe0f\u20e3\" src=\"https:\/\/fonts.gstatic.com\/s\/e\/notoemoji\/16.0\/0031_fe0f_20e3\/32.png\">La primera proposta, creada conjuntament amb l&#8217;ICE de la Universitat Aut\u00f2noma de Barcelona s\u00f3n unes&nbsp;<strong>Converses Poli\u00e8driques. Di\u00e0legs sobre educaci\u00f3, des de la universitat i la pr\u00e0ctica docent<\/strong>.&nbsp; &nbsp; &nbsp; &nbsp;<\/p>\n\n\n\n<p><img decoding=\"async\" src=\"https:\/\/fonts.gstatic.com\/s\/e\/notoemoji\/16.0\/1f3af\/32.png\" alt=\"\ud83c\udfaf\">Trobareu m\u00e9s informaci\u00f3 i els enlla\u00e7os d&#8217;inscripci\u00f3 a:&nbsp;&nbsp;<a href=\"https:\/\/www.ub.edu\/idp-educacio\/converses-poliedriques\/\" target=\"_blank\" rel=\"noreferrer noopener\">https:\/\/www.ub.edu\/idp-educacio\/converses-poliedriques\/<\/a><\/p>\n\n\n\n<figure class=\"wp-block-image size-large\"><img loading=\"lazy\" decoding=\"async\" width=\"1024\" height=\"768\" src=\"https:\/\/serveiseducatius.xtec.cat\/altpenedes\/wp-content\/uploads\/usu763\/2025\/01\/converses-poliedriques-1024x768.jpg\" alt=\"\" class=\"wp-image-14527\" srcset=\"https:\/\/serveiseducatius.xtec.cat\/altpenedes\/wp-content\/uploads\/usu763\/2025\/01\/converses-poliedriques-1024x768.jpg 1024w, https:\/\/serveiseducatius.xtec.cat\/altpenedes\/wp-content\/uploads\/usu763\/2025\/01\/converses-poliedriques-300x225.jpg 300w, https:\/\/serveiseducatius.xtec.cat\/altpenedes\/wp-content\/uploads\/usu763\/2025\/01\/converses-poliedriques-150x113.jpg 150w, https:\/\/serveiseducatius.xtec.cat\/altpenedes\/wp-content\/uploads\/usu763\/2025\/01\/converses-poliedriques-768x576.jpg 768w, https:\/\/serveiseducatius.xtec.cat\/altpenedes\/wp-content\/uploads\/usu763\/2025\/01\/converses-poliedriques-1536x1152.jpg 1536w, https:\/\/serveiseducatius.xtec.cat\/altpenedes\/wp-content\/uploads\/usu763\/2025\/01\/converses-poliedriques-2048x1536.jpg 2048w\" sizes=\"auto, (max-width: 1024px) 100vw, 1024px\" \/><\/figure>\n\n\n\n<p><img decoding=\"async\" alt=\"2\ufe0f\u20e3\" src=\"https:\/\/fonts.gstatic.com\/s\/e\/notoemoji\/16.0\/0032_fe0f_20e3\/32.png\">La segona \u00e9s la segona jornada:&nbsp;<strong>&#8220;Parlar, escriure i llegir. Experi\u00e8ncies per combatre el pessimisme II&#8221;<\/strong>&nbsp;que es realitzar\u00e0 el divendres 14 de febrer a la tarda i el dissabte 15 al mat\u00ed, a l&#8217;IE Eixample de Barcelona. La jornada ser\u00e0 un&nbsp;espai per compartir experi\u00e8ncies i reflexions al voltant de l&#8217;ensenyament de la llengua i est\u00e0 pensada per totes les etapes educatives.<\/p>\n\n\n\n<figure class=\"wp-block-image size-large\"><img loading=\"lazy\" decoding=\"async\" width=\"724\" height=\"1024\" src=\"https:\/\/serveiseducatius.xtec.cat\/altpenedes\/wp-content\/uploads\/usu763\/2025\/01\/Parlar-llegir-i-escriure-II-724x1024.jpg\" alt=\"\" class=\"wp-image-14528\" srcset=\"https:\/\/serveiseducatius.xtec.cat\/altpenedes\/wp-content\/uploads\/usu763\/2025\/01\/Parlar-llegir-i-escriure-II-724x1024.jpg 724w, https:\/\/serveiseducatius.xtec.cat\/altpenedes\/wp-content\/uploads\/usu763\/2025\/01\/Parlar-llegir-i-escriure-II-212x300.jpg 212w, https:\/\/serveiseducatius.xtec.cat\/altpenedes\/wp-content\/uploads\/usu763\/2025\/01\/Parlar-llegir-i-escriure-II-106x150.jpg 106w, https:\/\/serveiseducatius.xtec.cat\/altpenedes\/wp-content\/uploads\/usu763\/2025\/01\/Parlar-llegir-i-escriure-II-768x1086.jpg 768w, https:\/\/serveiseducatius.xtec.cat\/altpenedes\/wp-content\/uploads\/usu763\/2025\/01\/Parlar-llegir-i-escriure-II-1086x1536.jpg 1086w, https:\/\/serveiseducatius.xtec.cat\/altpenedes\/wp-content\/uploads\/usu763\/2025\/01\/Parlar-llegir-i-escriure-II-1448x2048.jpg 1448w, https:\/\/serveiseducatius.xtec.cat\/altpenedes\/wp-content\/uploads\/usu763\/2025\/01\/Parlar-llegir-i-escriure-II.jpg 1587w\" sizes=\"auto, (max-width: 724px) 100vw, 724px\" \/><\/figure>\n\n\n\n<p><img decoding=\"async\" alt=\"\ud83c\udfaf\" src=\"https:\/\/fonts.gstatic.com\/s\/e\/notoemoji\/16.0\/1f3af\/32.png\">Trobareu m\u00e9s informaci\u00f3 i el formulari d&#8217;inscripci\u00f3 a:&nbsp;<a href=\"https:\/\/www.ub.edu\/idp\/web\/ca\/curso\/ips\/hivern2025\/parlar\" target=\"_blank\" rel=\"noreferrer noopener\">https:\/\/www.ub.edu\/idp\/web\/ca\/curso\/ips\/hivern2025\/parlar<\/a><\/p>\n\n\n\n<p><\/p>\n","protected":false},"excerpt":{"rendered":"<p>Estem contents de poder-vos informar de dues propostes pedag\u00f2giques que es realitzaran properament. La primera proposta, creada conjuntament amb l&#8217;ICE [&hellip;]<\/p>\n","protected":false},"author":6,"featured_media":14534,"comment_status":"open","ping_status":"open","sticky":false,"template":"","format":"standard","meta":{"site-sidebar-layout":"default","site-content-layout":"","ast-site-content-layout":"default","site-content-style":"default","site-sidebar-style":"default","ast-global-header-display":"","ast-banner-title-visibility":"","ast-main-header-display":"","ast-hfb-above-header-display":"","ast-hfb-below-header-display":"","ast-hfb-mobile-header-display":"","site-post-title":"","ast-breadcrumbs-content":"","ast-featured-img":"","footer-sml-layout":"","theme-transparent-header-meta":"","adv-header-id-meta":"","stick-header-meta":"","header-above-stick-meta":"","header-main-stick-meta":"","header-below-stick-meta":"","astra-migrate-meta-layouts":"set","ast-page-background-enabled":"default","ast-page-background-meta":{"desktop":{"background-color":"var(--ast-global-color-4)","background-image":"","background-repeat":"repeat","background-position":"center center","background-size":"auto","background-attachment":"scroll","background-type":"","background-media":"","overlay-type":"","overlay-color":"","overlay-opacity":"","overlay-gradient":""},"tablet":{"background-color":"","background-image":"","background-repeat":"repeat","background-position":"center center","background-size":"auto","background-attachment":"scroll","background-type":"","background-media":"","overlay-type":"","overlay-color":"","overlay-opacity":"","overlay-gradient":""},"mobile":{"background-color":"","background-image":"","background-repeat":"repeat","background-position":"center center","background-size":"auto","background-attachment":"scroll","background-type":"","background-media":"","overlay-type":"","overlay-color":"","overlay-opacity":"","overlay-gradient":""}},"ast-content-background-meta":{"desktop":{"background-color":"var(--ast-global-color-5)","background-image":"","background-repeat":"repeat","background-position":"center center","background-size":"auto","background-attachment":"scroll","background-type":"","background-media":"","overlay-type":"","overlay-color":"","overlay-opacity":"","overlay-gradient":""},"tablet":{"background-color":"var(--ast-global-color-5)","background-image":"","background-repeat":"repeat","background-position":"center center","background-size":"auto","background-attachment":"scroll","background-type":"","background-media":"","overlay-type":"","overlay-color":"","overlay-opacity":"","overlay-gradient":""},"mobile":{"background-color":"var(--ast-global-color-5)","background-image":"","background-repeat":"repeat","background-position":"center center","background-size":"auto","background-attachment":"scroll","background-type":"","background-media":"","overlay-type":"","overlay-color":"","overlay-opacity":"","overlay-gradient":""}},"footnotes":""},"categories":[1],"tags":[870],"class_list":["post-14526","post","type-post","status-publish","format-standard","has-post-thumbnail","hentry","category-general","tag-curs-2024-2025"],"post_mailing_queue_ids":[],"_links":{"self":[{"href":"https:\/\/serveiseducatius.xtec.cat\/altpenedes\/wp-json\/wp\/v2\/posts\/14526","targetHints":{"allow":["GET"]}}],"collection":[{"href":"https:\/\/serveiseducatius.xtec.cat\/altpenedes\/wp-json\/wp\/v2\/posts"}],"about":[{"href":"https:\/\/serveiseducatius.xtec.cat\/altpenedes\/wp-json\/wp\/v2\/types\/post"}],"author":[{"embeddable":true,"href":"https:\/\/serveiseducatius.xtec.cat\/altpenedes\/wp-json\/wp\/v2\/users\/6"}],"replies":[{"embeddable":true,"href":"https:\/\/serveiseducatius.xtec.cat\/altpenedes\/wp-json\/wp\/v2\/comments?post=14526"}],"version-history":[{"count":6,"href":"https:\/\/serveiseducatius.xtec.cat\/altpenedes\/wp-json\/wp\/v2\/posts\/14526\/revisions"}],"predecessor-version":[{"id":14568,"href":"https:\/\/serveiseducatius.xtec.cat\/altpenedes\/wp-json\/wp\/v2\/posts\/14526\/revisions\/14568"}],"wp:featuredmedia":[{"embeddable":true,"href":"https:\/\/serveiseducatius.xtec.cat\/altpenedes\/wp-json\/wp\/v2\/media\/14534"}],"wp:attachment":[{"href":"https:\/\/serveiseducatius.xtec.cat\/altpenedes\/wp-json\/wp\/v2\/media?parent=14526"}],"wp:term":[{"taxonomy":"category","embeddable":true,"href":"https:\/\/serveiseducatius.xtec.cat\/altpenedes\/wp-json\/wp\/v2\/categories?post=14526"},{"taxonomy":"post_tag","embeddable":true,"href":"https:\/\/serveiseducatius.xtec.cat\/altpenedes\/wp-json\/wp\/v2\/tags?post=14526"}],"curies":[{"name":"wp","href":"https:\/\/api.w.org\/{rel}","templated":true}]}}