{"id":13642,"date":"2024-05-09T11:39:09","date_gmt":"2024-05-09T09:39:09","guid":{"rendered":"https:\/\/serveiseducatius.xtec.cat\/altpenedes\/?p=13642"},"modified":"2024-05-10T09:08:31","modified_gmt":"2024-05-10T07:08:31","slug":"treballs-seleccionats-1a-fase-xi-jocs-florals-2024-a-lalt-penedes","status":"publish","type":"post","link":"https:\/\/serveiseducatius.xtec.cat\/altpenedes\/portada\/treballs-seleccionats-1a-fase-xi-jocs-florals-2024-a-lalt-penedes\/","title":{"rendered":"Treballs seleccionats 1a fase XI Jocs Florals 2024 a l&#8217;Alt Pened\u00e8s"},"content":{"rendered":"<p>El 9 de maig de 2024 s&#8217;ha reunit el jurat del Servei Educatiu de l\u2019Alt Pened\u00e8s per seleccionar els treballs de la 1a fase dels <strong>XI Jocs Florals Escolars de Catalunya<\/strong>.<\/p>\n<p>El jurat format per:<\/p>\n<p><b>Rosa Vidal Bassa <\/b><span style=\"font-weight: 400;\">assessora LIC del Servei Educatiu de l\u2019Alt Pened\u00e8s<\/span><br \/>\n<b>Maria Teresa Sadurn\u00ed Hill<\/b><span style=\"font-weight: 400;\"> representant del professorat d\u2019infantil i prim\u00e0ria.<\/span><br \/>\n<b>Josep Bricull\u00e9 Grases<\/b> <span style=\"font-weight: 400;\">representant del professorat de secund\u00e0ria.<\/span><br \/>\n<b>Jaume Ferrer Puig<\/b> <span style=\"font-weight: 400;\">representant del m\u00f3n literari infantil i juvenil vinculada al territori.<\/span><br \/>\n<b style=\"font-family: inherit; font-size: 1em;\">Montserrat Juli\u00e0 Torn\u00e9<\/b><span style=\"font-weight: 400;\"> bibliotec\u00e0ria de la Biblioteca Jaume Vila i Pascual de Gelida,<\/span><span style=\"font-weight: 400;\"> com a representant de l\u2019administraci\u00f3 educativa.<\/span><\/p>\n<p>Ha seleccionat els seg\u00fcents treballs, un per a cada categoria presentada:<\/p>\n<ul>\n<li><b>Categoria A1<\/b><b>&#8211; Cicle inicial d\u2019educaci\u00f3 prim\u00e0ria prosa.<\/b><br \/>\n<span style=\"font-weight: 400;\">L\u2019escrit titulat<\/span><b> L\u2019aventura de la gallina <\/b><span style=\"font-weight: 400;\">que correspon al grup d\u2019alumnes <\/span><b>Manel Amela Puertas, Aritz Honrubia Planes, M\u00edriam Petit De Lamo, Biel Farr\u00e9 Sans i Joshua Llanos Guevara<\/b><span style=\"font-weight: 400;\"> del centre <\/span><b>Escola<\/b> <b>El Castellot<\/b><span style=\"font-weight: 400;\"> de <\/span><b>Castellv\u00ed de la Marca<\/b><span style=\"font-weight: 400;\">.<\/span><\/li>\n<li><b>Categoria A2<\/b><b>&#8211; Cicle inicial d\u2019educaci\u00f3 prim\u00e0ria poesia.<\/b><br \/>\n<span style=\"font-weight: 400;\">L\u2019escrit titulat <\/span><b>El sol <\/b><span style=\"font-weight: 400;\">que correspon a l\u2019alumne <strong>Ton Galimany Murug\u00f3, Maryam El Hayatu El Hajjioui, Yanira Gomez Gimenez i Aran Mora Lorente<\/strong><\/span><b>\u00a0<\/b><span style=\"font-weight: 400;\">del centre <\/span><b>Escola Sant Jeroni<\/b><span style=\"font-weight: 400;\"> de <\/span><b>Sant Pere de Riudebitlles<\/b><span style=\"font-weight: 400;\">.<\/span><\/li>\n<li><b>Categoria B1<\/b><b>&#8211; Cicle mitj\u00e0 d\u2019educaci\u00f3 prim\u00e0ria prosa.<\/b><br \/>\n<span style=\"font-weight: 400;\">L\u2019escrit titulat <\/span><b>Recepta past\u00eds de la felicitat <\/b><span style=\"font-weight: 400;\">que correspon al grup d\u2019alumnes <\/span><b>Carla Gallego Carpio, Wiam Ben Yahia, Anna Trujillo Castillero i Enya G\u00f3mez Plaza<\/b><span style=\"font-weight: 400;\"> del centre <\/span><b>Escola Doctor Samaranch i Fina<\/b><span style=\"font-weight: 400;\"> de <\/span><b>Santa Margarida i els Monjos<\/b><span style=\"font-weight: 400;\">.<\/span><\/li>\n<li><b>Categoria B2<\/b><b>&#8211; Cicle mitj\u00e0 d\u2019educaci\u00f3 prim\u00e0ria poesia.<\/b><br \/>\n<span style=\"font-weight: 400;\">L\u2019escrit titulat <\/span><b>Una estrella solit\u00e0ria<\/b><b>\u00a0<\/b><span style=\"font-weight: 400;\">que correspon al grup d\u2019alumnes <\/span><b>Greta Casanellas, Mar Coch i Badr Oufli <\/b><span style=\"font-weight: 400;\">del centre <\/span><b>Institut Escola Sant Quint\u00ed de Mediona<\/b><span style=\"font-weight: 400;\"> de <\/span><b>Sant Quint\u00ed de Mediona<\/b><span style=\"font-weight: 400;\">.<\/span><\/li>\n<li><b>Categoria C1<\/b><b>&#8211;<\/b><b> Cicle superior d\u2019educaci\u00f3 prim\u00e0ria prosa.<\/b><br \/>\n<span style=\"font-weight: 400;\">L\u2019escrit titulat <\/span><b>Una sequera molt boja<\/b> <span style=\"font-weight: 400;\">que correspon al grup d\u2019alumnes <\/span><b>Nil Llopart Santacana, Kevin Bernaus Santos i Ivet Puig Peir\u00f3<\/b><span style=\"font-weight: 400;\"> del centre <\/span><b>Escola Sant Jeroni<\/b><span style=\"font-weight: 400;\"> de <\/span><b>Sant Pere de Riudebitlles<\/b><span style=\"font-weight: 400;\">.<\/span><\/li>\n<li><b>Categoria C2<\/b><b>&#8211; Cicle superior d\u2019educaci\u00f3 prim\u00e0ria poesia.<\/b><br \/>\n<span style=\"font-weight: 400;\">L\u2019escrit titulat <\/span><b>Sant Pere de Riudebitlles<\/b> <span style=\"font-weight: 400;\">que correspon a l\u2019alumna<\/span><b> Sara Olmo Krawczyk<\/b><span style=\"font-weight: 400;\"> del centre <\/span><b>Escola Sant Jeroni<\/b><span style=\"font-weight: 400;\"> de <\/span><b>Sant Pere de Riudebitlles<\/b><span style=\"font-weight: 400;\">.<\/span><\/li>\n<li><b>Categoria F1<\/b><b>&#8211; Primer i segon curs d\u2019educaci\u00f3 secund\u00e0ria obligat\u00f2ria prosa.<\/b><br \/>\n<span style=\"font-weight: 400;\">L\u2019escrit titulat <\/span><b>L\u2019\u00faltim comiat<\/b> <span style=\"font-weight: 400;\">que correspon a l\u2019alumna <\/span><b>Idaira S\u00e1nchez Cano<\/b><span style=\"font-weight: 400;\"> del centre <\/span><b>Institut Escola Jacint Verdaguer<\/b><span style=\"font-weight: 400;\"> de <\/span><b>Sant Sadurn\u00ed d\u2019Anoia<\/b><span style=\"font-weight: 400;\">.<\/span><\/li>\n<li><b>Categoria G1<\/b><b>&#8211; Tercer i quart curs d\u2019educaci\u00f3 secund\u00e0ria obligat\u00f2ria prosa.\u00a0\u00a0<\/b><br \/>\n<span style=\"font-weight: 400;\">L\u2019escrit titulat <\/span><b>Petxina<\/b> <span style=\"font-weight: 400;\">que correspon a l\u2019alumna <\/span><b>Mariona Serr\u00e0 Sala<\/b><span style=\"font-weight: 400;\"> del centre <\/span><b>Institut Escola Sant Quint\u00ed de Mediona<\/b><span style=\"font-weight: 400;\"> de <\/span><b>Sant Quint\u00ed de Mediona<\/b><span style=\"font-weight: 400;\">.<\/span><\/li>\n<li><b>Categoria H<\/b><b>&#8211; Prim\u00e0ria\/EE prim\u00e0ria<\/b><br \/>\n<span style=\"font-weight: 400;\">El conte audiovisual il\u00b7lustrat titulat <\/span><b>La tribu i la ciutat <\/b><span style=\"font-weight: 400;\">que correspon a l&#8217;alumnat de 5\u00e8 de prim\u00e0ria del centre <strong>Escola El Drac<\/strong> de <strong>Pacs del Pened\u00e8s<\/strong>: <\/span><b>Amir-David Nurmukhametov, Aran Aguilar Vidal, Bruna Sol\u00e9 Gol, Cala Boggiano Esp\u00edn, Cl\u00e0udia Retamal Puig, \u00c8lia Tort Luna, F\u00e8lix Mateu Ravent\u00f3s, Laia Olivella Soler, Martina Bibow Centelles, Martina Silva Sanchez, Mia Garciapons Cid, Nel Bayarri Kramer, Rita Guaus Capdevila, Rosa Benito Calduch i Tykhon Birko.<\/b><\/li>\n<\/ul>\n<p>Durant la deliberaci\u00f3 s&#8217;ha mantingut l\u2019anonimat tant dels centres com del grup d&#8217;alumnes, autors i autores dels escrits presentats dels diferents centres educatius de la comarca de l\u2019Alt Pened\u00e8s.<\/p>\n<p style=\"text-align: center;\"><strong>Gr\u00e0cies per la vostra participaci\u00f3, felicitats als seleccionats i molta sort en la seg\u00fcent fase!<\/strong><\/p>\n<p><span style=\"color: #000000;\"><strong>2a fase<\/strong><\/span><br \/>\nD\u2019entre tots els treballs seleccionats en la primera fase, el jurat dels Serveis Territorials al Pened\u00e8s n&#8217;escollir\u00e0 les obres que passaran a la tercera fase.<br \/>\nEls Serveis Territorials constituiran un jurat format per professionals amb els mateixos perfils que consten a la fase 1.<\/p>\n<p><span style=\"color: #000000;\"><strong>3a fase<\/strong><\/span><br \/>\nLa final dels Jocs Florals de Catalunya ser\u00e0 a Barcelona el dissabte 8 de juny de 2024. Els treballs guardonats es publicaran a la p\u00e0gina web.<\/p>\n","protected":false},"excerpt":{"rendered":"<p>El 9 de maig de 2024 s&#8217;ha reunit virtualment el jurat del Servei Educatiu de l\u2019Alt Pened\u00e8s per seleccionar els treballs de la 1a fase dels XI Jocs Florals Escolars de Catalunya.<\/p>\n","protected":false},"author":6,"featured_media":11022,"comment_status":"open","ping_status":"closed","sticky":false,"template":"","format":"standard","meta":{"site-sidebar-layout":"default","site-content-layout":"","ast-site-content-layout":"","site-content-style":"default","site-sidebar-style":"default","ast-global-header-display":"","ast-banner-title-visibility":"","ast-main-header-display":"","ast-hfb-above-header-display":"","ast-hfb-below-header-display":"","ast-hfb-mobile-header-display":"","site-post-title":"","ast-breadcrumbs-content":"","ast-featured-img":"","footer-sml-layout":"","theme-transparent-header-meta":"","adv-header-id-meta":"","stick-header-meta":"","header-above-stick-meta":"","header-main-stick-meta":"","header-below-stick-meta":"","astra-migrate-meta-layouts":"default","ast-page-background-enabled":"default","ast-page-background-meta":{"desktop":{"background-color":"var(--ast-global-color-4)","background-image":"","background-repeat":"repeat","background-position":"center center","background-size":"auto","background-attachment":"scroll","background-type":"","background-media":"","overlay-type":"","overlay-color":"","overlay-opacity":"","overlay-gradient":""},"tablet":{"background-color":"","background-image":"","background-repeat":"repeat","background-position":"center center","background-size":"auto","background-attachment":"scroll","background-type":"","background-media":"","overlay-type":"","overlay-color":"","overlay-opacity":"","overlay-gradient":""},"mobile":{"background-color":"","background-image":"","background-repeat":"repeat","background-position":"center center","background-size":"auto","background-attachment":"scroll","background-type":"","background-media":"","overlay-type":"","overlay-color":"","overlay-opacity":"","overlay-gradient":""}},"ast-content-background-meta":{"desktop":{"background-color":"var(--ast-global-color-5)","background-image":"","background-repeat":"repeat","background-position":"center center","background-size":"auto","background-attachment":"scroll","background-type":"","background-media":"","overlay-type":"","overlay-color":"","overlay-opacity":"","overlay-gradient":""},"tablet":{"background-color":"var(--ast-global-color-5)","background-image":"","background-repeat":"repeat","background-position":"center center","background-size":"auto","background-attachment":"scroll","background-type":"","background-media":"","overlay-type":"","overlay-color":"","overlay-opacity":"","overlay-gradient":""},"mobile":{"background-color":"var(--ast-global-color-5)","background-image":"","background-repeat":"repeat","background-position":"center center","background-size":"auto","background-attachment":"scroll","background-type":"","background-media":"","overlay-type":"","overlay-color":"","overlay-opacity":"","overlay-gradient":""}},"footnotes":""},"categories":[65,68,71,29],"tags":[836],"class_list":["post-13642","post","type-post","status-publish","format-standard","has-post-thumbnail","hentry","category-crp","category-elic","category-jocs-florals","category-portada","tag-curs-2023-2024"],"post_mailing_queue_ids":[],"_links":{"self":[{"href":"https:\/\/serveiseducatius.xtec.cat\/altpenedes\/wp-json\/wp\/v2\/posts\/13642","targetHints":{"allow":["GET"]}}],"collection":[{"href":"https:\/\/serveiseducatius.xtec.cat\/altpenedes\/wp-json\/wp\/v2\/posts"}],"about":[{"href":"https:\/\/serveiseducatius.xtec.cat\/altpenedes\/wp-json\/wp\/v2\/types\/post"}],"author":[{"embeddable":true,"href":"https:\/\/serveiseducatius.xtec.cat\/altpenedes\/wp-json\/wp\/v2\/users\/6"}],"replies":[{"embeddable":true,"href":"https:\/\/serveiseducatius.xtec.cat\/altpenedes\/wp-json\/wp\/v2\/comments?post=13642"}],"version-history":[{"count":5,"href":"https:\/\/serveiseducatius.xtec.cat\/altpenedes\/wp-json\/wp\/v2\/posts\/13642\/revisions"}],"predecessor-version":[{"id":13650,"href":"https:\/\/serveiseducatius.xtec.cat\/altpenedes\/wp-json\/wp\/v2\/posts\/13642\/revisions\/13650"}],"wp:featuredmedia":[{"embeddable":true,"href":"https:\/\/serveiseducatius.xtec.cat\/altpenedes\/wp-json\/wp\/v2\/media\/11022"}],"wp:attachment":[{"href":"https:\/\/serveiseducatius.xtec.cat\/altpenedes\/wp-json\/wp\/v2\/media?parent=13642"}],"wp:term":[{"taxonomy":"category","embeddable":true,"href":"https:\/\/serveiseducatius.xtec.cat\/altpenedes\/wp-json\/wp\/v2\/categories?post=13642"},{"taxonomy":"post_tag","embeddable":true,"href":"https:\/\/serveiseducatius.xtec.cat\/altpenedes\/wp-json\/wp\/v2\/tags?post=13642"}],"curies":[{"name":"wp","href":"https:\/\/api.w.org\/{rel}","templated":true}]}}