{"id":1363,"date":"2016-02-09T16:03:01","date_gmt":"2016-02-09T15:03:01","guid":{"rendered":"http:\/\/serveiseducatius.xtec.cat\/se-altpenedes\/?p=1363"},"modified":"2016-04-13T08:39:31","modified_gmt":"2016-04-13T07:39:31","slug":"els-xiii-premis-cac-a-lescola","status":"publish","type":"post","link":"https:\/\/serveiseducatius.xtec.cat\/altpenedes\/portada\/els-xiii-premis-cac-a-lescola\/","title":{"rendered":"ELS XIII PREMIS CAC A L&#8217;ESCOLA"},"content":{"rendered":"<p><a href=\"http:\/\/www.premiscacescola.cat\" target=\"_blank\" rel=\"http:\/\/www.premiscacescola.cat\"><img loading=\"lazy\" decoding=\"async\" class=\"alignleft wp-image-1365 size-full\" src=\"http:\/\/serveiseducatius.xtec.cat\/se-altpenedes\/wp-content\/uploads\/usu763\/2016\/02\/premisCAC2.jpg\" alt=\"premisCAC2\" width=\"256\" height=\"62\" \/><\/a>El Consell de l\u2019Audiovisual de Catalunya, en col\u00b7laboraci\u00f3 amb el Departament d\u2019Ensenyament ha convocat un any m\u00e9s els Premis el CAC a l\u2019escola, en aquest cas la XIII edici\u00f3.<\/p>\n<p>Els Premis el CAC a l\u2019escola <strong>s\u2019adrecen als centres p\u00fablics i privats de Catalunya<\/strong> i estan estructurats en dues <strong>categories, alumnat<\/strong> (cat. A) <strong>i professorat<\/strong> (cat. B). Els treballs presentats han d\u2019estar relacionats amb la incorporaci\u00f3 de l\u2019educaci\u00f3 en comunicaci\u00f3 audiovisual en l\u2019\u00e0mbit escolar.<\/p>\n<p>La present edici\u00f3 compta amb una dotaci\u00f3 conjunta de 10.500 euros, repartits en 14 guardons i <strong>el termini de presentaci\u00f3 de treballs finalitza el 7 de mar\u00e7<\/strong>. Trobareu tota la informaci\u00f3 al web dels Premis, <a href=\"http:\/\/www.premiscacescola.cat\/convocatoria\" target=\"_blank\">http:\/\/www.premiscacescola.cat\/convocatoria<\/a>, des d\u2019on podreu descarregar i imprimir les bases de l\u2019edici\u00f3 actual aix\u00ed com consultar els guanyadors de les anteriors. Aix\u00ed mateix, restem a la vostra disposici\u00f3 en cas que necessiteu m\u00e9s informaci\u00f3 o qualsevol aclariment en el correu electr\u00f2nic escola.cac@gencat.cat, i el tel\u00e8fon 935 575 065.<\/p>\n<p>&nbsp;<\/p>\n","protected":false},"excerpt":{"rendered":"<p>El Consell de l\u2019Audiovisual de Catalunya, en col\u00b7laboraci\u00f3 amb el Departament d\u2019Ensenyament ha convocat un any m\u00e9s els Premis el CAC a l\u2019escola, en aquest cas la XIII edici\u00f3.<\/p>\n","protected":false},"author":1,"featured_media":1364,"comment_status":"open","ping_status":"open","sticky":false,"template":"","format":"standard","meta":{"site-sidebar-layout":"default","site-content-layout":"","ast-site-content-layout":"","site-content-style":"default","site-sidebar-style":"default","ast-global-header-display":"","ast-banner-title-visibility":"","ast-main-header-display":"","ast-hfb-above-header-display":"","ast-hfb-below-header-display":"","ast-hfb-mobile-header-display":"","site-post-title":"","ast-breadcrumbs-content":"","ast-featured-img":"","footer-sml-layout":"","theme-transparent-header-meta":"","adv-header-id-meta":"","stick-header-meta":"","header-above-stick-meta":"","header-main-stick-meta":"","header-below-stick-meta":"","astra-migrate-meta-layouts":"default","ast-page-background-enabled":"default","ast-page-background-meta":{"desktop":{"background-color":"var(--ast-global-color-4)","background-image":"","background-repeat":"repeat","background-position":"center center","background-size":"auto","background-attachment":"scroll","background-type":"","background-media":"","overlay-type":"","overlay-color":"","overlay-opacity":"","overlay-gradient":""},"tablet":{"background-color":"","background-image":"","background-repeat":"repeat","background-position":"center center","background-size":"auto","background-attachment":"scroll","background-type":"","background-media":"","overlay-type":"","overlay-color":"","overlay-opacity":"","overlay-gradient":""},"mobile":{"background-color":"","background-image":"","background-repeat":"repeat","background-position":"center center","background-size":"auto","background-attachment":"scroll","background-type":"","background-media":"","overlay-type":"","overlay-color":"","overlay-opacity":"","overlay-gradient":""}},"ast-content-background-meta":{"desktop":{"background-color":"var(--ast-global-color-5)","background-image":"","background-repeat":"repeat","background-position":"center center","background-size":"auto","background-attachment":"scroll","background-type":"","background-media":"","overlay-type":"","overlay-color":"","overlay-opacity":"","overlay-gradient":""},"tablet":{"background-color":"var(--ast-global-color-5)","background-image":"","background-repeat":"repeat","background-position":"center center","background-size":"auto","background-attachment":"scroll","background-type":"","background-media":"","overlay-type":"","overlay-color":"","overlay-opacity":"","overlay-gradient":""},"mobile":{"background-color":"var(--ast-global-color-5)","background-image":"","background-repeat":"repeat","background-position":"center center","background-size":"auto","background-attachment":"scroll","background-type":"","background-media":"","overlay-type":"","overlay-color":"","overlay-opacity":"","overlay-gradient":""}},"footnotes":""},"categories":[29],"tags":[37,223,157],"class_list":["post-1363","post","type-post","status-publish","format-standard","has-post-thumbnail","hentry","category-portada","tag-audiovisuals","tag-cac","tag-curs-2015-2016"],"post_mailing_queue_ids":[],"_links":{"self":[{"href":"https:\/\/serveiseducatius.xtec.cat\/altpenedes\/wp-json\/wp\/v2\/posts\/1363","targetHints":{"allow":["GET"]}}],"collection":[{"href":"https:\/\/serveiseducatius.xtec.cat\/altpenedes\/wp-json\/wp\/v2\/posts"}],"about":[{"href":"https:\/\/serveiseducatius.xtec.cat\/altpenedes\/wp-json\/wp\/v2\/types\/post"}],"author":[{"embeddable":true,"href":"https:\/\/serveiseducatius.xtec.cat\/altpenedes\/wp-json\/wp\/v2\/users\/1"}],"replies":[{"embeddable":true,"href":"https:\/\/serveiseducatius.xtec.cat\/altpenedes\/wp-json\/wp\/v2\/comments?post=1363"}],"version-history":[{"count":3,"href":"https:\/\/serveiseducatius.xtec.cat\/altpenedes\/wp-json\/wp\/v2\/posts\/1363\/revisions"}],"predecessor-version":[{"id":1474,"href":"https:\/\/serveiseducatius.xtec.cat\/altpenedes\/wp-json\/wp\/v2\/posts\/1363\/revisions\/1474"}],"wp:featuredmedia":[{"embeddable":true,"href":"https:\/\/serveiseducatius.xtec.cat\/altpenedes\/wp-json\/wp\/v2\/media\/1364"}],"wp:attachment":[{"href":"https:\/\/serveiseducatius.xtec.cat\/altpenedes\/wp-json\/wp\/v2\/media?parent=1363"}],"wp:term":[{"taxonomy":"category","embeddable":true,"href":"https:\/\/serveiseducatius.xtec.cat\/altpenedes\/wp-json\/wp\/v2\/categories?post=1363"},{"taxonomy":"post_tag","embeddable":true,"href":"https:\/\/serveiseducatius.xtec.cat\/altpenedes\/wp-json\/wp\/v2\/tags?post=1363"}],"curies":[{"name":"wp","href":"https:\/\/api.w.org\/{rel}","templated":true}]}}