{"id":13539,"date":"2024-04-08T10:24:15","date_gmt":"2024-04-08T08:24:15","guid":{"rendered":"https:\/\/serveiseducatius.xtec.cat\/altpenedes\/?p=13539"},"modified":"2024-04-08T10:41:47","modified_gmt":"2024-04-08T08:41:47","slug":"%f0%9f%8c%b1kilian-jornet-foundation-treballant-en-la-preservacio-de-les-muntanyes-i-el-seu-entorn","status":"publish","type":"post","link":"https:\/\/serveiseducatius.xtec.cat\/altpenedes\/general\/%f0%9f%8c%b1kilian-jornet-foundation-treballant-en-la-preservacio-de-les-muntanyes-i-el-seu-entorn\/","title":{"rendered":"\ud83c\udf31Kilian Jornet Foundation &#8211; Treballant en la preservaci\u00f3 de les muntanyes i el seu entorn"},"content":{"rendered":"<p><strong>NOU PROJECTE EDUCATIU DEL <\/strong><strong>TERRITORI, SOSTENIBILITAT I CURA DEL NOSTRE MEDI<\/strong><\/p>\n<p>Aquest mes d&#8217;abril comencen un nou projecte educatiu a la zona de Vilafranca del Pened\u00e8s. Juntament amb l&#8217;associaci\u00f3 Pened\u00e8s Verd i el Centre Excursionista del Pened\u00e8s, han treballat en una unitat did\u00e0ctica pels m\u00e9s joves que ser\u00e0 presentada a diferents escoles de la regi\u00f3. Per poder dur a terme aquestes jornades, s&#8217;han ideat diversos jocs que ajudaran a dinamitzar les sessions, i de forma interactiva, compartir amb els m\u00e9s joves l&#8217;impacte que tenen els residus al medi i qu\u00e8 podem fer per reduir-lo.<br \/>\nAmb l&#8217;objectiu principal de conscienciar de l&#8217;impacte d&#8217;aquests, les jornades educatives acabaran amb la realitzaci\u00f3 d&#8217;una\u00a0recollida de residus coordinada per Pened\u00e8s Verd el pr\u00f2xim 12 de maig, i que estar\u00e0 oberta a tothom que hi vulgui participar.<\/p>\n<p><img loading=\"lazy\" decoding=\"async\" class=\"size-medium wp-image-13540 alignleft\" src=\"https:\/\/serveiseducatius.xtec.cat\/altpenedes\/wp-content\/uploads\/usu763\/2024\/04\/unnamed-6-225x300.jpg\" alt=\"\" width=\"225\" height=\"300\" srcset=\"https:\/\/serveiseducatius.xtec.cat\/altpenedes\/wp-content\/uploads\/usu763\/2024\/04\/unnamed-6-225x300.jpg 225w, https:\/\/serveiseducatius.xtec.cat\/altpenedes\/wp-content\/uploads\/usu763\/2024\/04\/unnamed-6-113x150.jpg 113w, https:\/\/serveiseducatius.xtec.cat\/altpenedes\/wp-content\/uploads\/usu763\/2024\/04\/unnamed-6.jpg 450w\" sizes=\"auto, (max-width: 225px) 100vw, 225px\" \/><\/p>\n<p>&nbsp;<\/p>\n<p>&nbsp;<\/p>\n<p>&nbsp;<\/p>\n<p>&nbsp;<\/p>\n<p>&nbsp;<\/p>\n<p>&nbsp;<\/p>\n<p>&nbsp;<\/p>\n<p><a href=\"https:\/\/www.email-index.com\/click.php?L=kkDX7mCZNJv64ujj3iFBjw&amp;J=49DZchqqWmBoBhRhO763lUTQ&amp;C=h2OlmcqMaiPB7cnauU7Z3A&amp;F=HKFRcCbcnmxmc4f43DJP5g\" target=\"_blank\" rel=\"noopener\" data-saferedirecturl=\"https:\/\/www.google.com\/url?q=https:\/\/www.email-index.com\/click.php?L%3DkkDX7mCZNJv64ujj3iFBjw%26J%3D49DZchqqWmBoBhRhO763lUTQ%26C%3Dh2OlmcqMaiPB7cnauU7Z3A%26F%3DHKFRcCbcnmxmc4f43DJP5g&amp;source=gmail&amp;ust=1712646796415000&amp;usg=AOvVaw3PKMTs06Gzm6JG2PSuTdFu\"><strong>APUNTA&#8217;T A LA JORNADA DE RECOLLIDA!<\/strong><\/a><u><\/u><u><\/u><\/p>\n","protected":false},"excerpt":{"rendered":"<p>Aquest mes d&#8217;abril comencem un nou projecte educatiu a la zona de Vilafranca del Pened\u00e8s.\u00a0Juntament amb l&#8217;associaci\u00f3 Pened\u00e8s Verd i el Centre Excursionista del Pened\u00e8s, hem treballat en\u00a0una\u00a0unitat did\u00e0ctica pels m\u00e9s joves\u00a0que ser\u00e0 presentada a diferents escoles de la regi\u00f3.<\/p>\n","protected":false},"author":6,"featured_media":13540,"comment_status":"open","ping_status":"closed","sticky":false,"template":"","format":"standard","meta":{"site-sidebar-layout":"default","site-content-layout":"","ast-site-content-layout":"","site-content-style":"default","site-sidebar-style":"default","ast-global-header-display":"","ast-banner-title-visibility":"","ast-main-header-display":"","ast-hfb-above-header-display":"","ast-hfb-below-header-display":"","ast-hfb-mobile-header-display":"","site-post-title":"","ast-breadcrumbs-content":"","ast-featured-img":"","footer-sml-layout":"","theme-transparent-header-meta":"","adv-header-id-meta":"","stick-header-meta":"","header-above-stick-meta":"","header-main-stick-meta":"","header-below-stick-meta":"","astra-migrate-meta-layouts":"default","ast-page-background-enabled":"default","ast-page-background-meta":{"desktop":{"background-color":"var(--ast-global-color-4)","background-image":"","background-repeat":"repeat","background-position":"center center","background-size":"auto","background-attachment":"scroll","background-type":"","background-media":"","overlay-type":"","overlay-color":"","overlay-opacity":"","overlay-gradient":""},"tablet":{"background-color":"","background-image":"","background-repeat":"repeat","background-position":"center center","background-size":"auto","background-attachment":"scroll","background-type":"","background-media":"","overlay-type":"","overlay-color":"","overlay-opacity":"","overlay-gradient":""},"mobile":{"background-color":"","background-image":"","background-repeat":"repeat","background-position":"center center","background-size":"auto","background-attachment":"scroll","background-type":"","background-media":"","overlay-type":"","overlay-color":"","overlay-opacity":"","overlay-gradient":""}},"ast-content-background-meta":{"desktop":{"background-color":"var(--ast-global-color-5)","background-image":"","background-repeat":"repeat","background-position":"center center","background-size":"auto","background-attachment":"scroll","background-type":"","background-media":"","overlay-type":"","overlay-color":"","overlay-opacity":"","overlay-gradient":""},"tablet":{"background-color":"var(--ast-global-color-5)","background-image":"","background-repeat":"repeat","background-position":"center center","background-size":"auto","background-attachment":"scroll","background-type":"","background-media":"","overlay-type":"","overlay-color":"","overlay-opacity":"","overlay-gradient":""},"mobile":{"background-color":"var(--ast-global-color-5)","background-image":"","background-repeat":"repeat","background-position":"center center","background-size":"auto","background-attachment":"scroll","background-type":"","background-media":"","overlay-type":"","overlay-color":"","overlay-opacity":"","overlay-gradient":""}},"footnotes":""},"categories":[153,1,29],"tags":[866,865,864],"class_list":["post-13539","post","type-post","status-publish","format-standard","has-post-thumbnail","hentry","category-escoles-verdes","category-general","category-portada","tag-associacio-penedes-verd","tag-centre-excursionista-del-penedes","tag-kilian-jornet-foundation"],"post_mailing_queue_ids":[],"_links":{"self":[{"href":"https:\/\/serveiseducatius.xtec.cat\/altpenedes\/wp-json\/wp\/v2\/posts\/13539","targetHints":{"allow":["GET"]}}],"collection":[{"href":"https:\/\/serveiseducatius.xtec.cat\/altpenedes\/wp-json\/wp\/v2\/posts"}],"about":[{"href":"https:\/\/serveiseducatius.xtec.cat\/altpenedes\/wp-json\/wp\/v2\/types\/post"}],"author":[{"embeddable":true,"href":"https:\/\/serveiseducatius.xtec.cat\/altpenedes\/wp-json\/wp\/v2\/users\/6"}],"replies":[{"embeddable":true,"href":"https:\/\/serveiseducatius.xtec.cat\/altpenedes\/wp-json\/wp\/v2\/comments?post=13539"}],"version-history":[{"count":2,"href":"https:\/\/serveiseducatius.xtec.cat\/altpenedes\/wp-json\/wp\/v2\/posts\/13539\/revisions"}],"predecessor-version":[{"id":13542,"href":"https:\/\/serveiseducatius.xtec.cat\/altpenedes\/wp-json\/wp\/v2\/posts\/13539\/revisions\/13542"}],"wp:featuredmedia":[{"embeddable":true,"href":"https:\/\/serveiseducatius.xtec.cat\/altpenedes\/wp-json\/wp\/v2\/media\/13540"}],"wp:attachment":[{"href":"https:\/\/serveiseducatius.xtec.cat\/altpenedes\/wp-json\/wp\/v2\/media?parent=13539"}],"wp:term":[{"taxonomy":"category","embeddable":true,"href":"https:\/\/serveiseducatius.xtec.cat\/altpenedes\/wp-json\/wp\/v2\/categories?post=13539"},{"taxonomy":"post_tag","embeddable":true,"href":"https:\/\/serveiseducatius.xtec.cat\/altpenedes\/wp-json\/wp\/v2\/tags?post=13539"}],"curies":[{"name":"wp","href":"https:\/\/api.w.org\/{rel}","templated":true}]}}