{"id":12798,"date":"2023-06-21T10:01:40","date_gmt":"2023-06-21T08:01:40","guid":{"rendered":"https:\/\/serveiseducatius.xtec.cat\/altpenedes\/?p=12798"},"modified":"2023-06-27T15:25:52","modified_gmt":"2023-06-27T13:25:52","slug":"jornada-conjunta-de-tancament-del-curs-22-23-de-les-xtte-de-barcelona-comarques-baix-llobregat-penedes-alt-pirineu-i-aran-lleida-tarragona-i-terres-de-lebre","status":"publish","type":"post","link":"https:\/\/serveiseducatius.xtec.cat\/altpenedes\/general\/jornada-conjunta-de-tancament-del-curs-22-23-de-les-xtte-de-barcelona-comarques-baix-llobregat-penedes-alt-pirineu-i-aran-lleida-tarragona-i-terres-de-lebre\/","title":{"rendered":"Jornada conjunta de tancament del curs 22-23 de les XTTE"},"content":{"rendered":"<h4>XTTE de Barcelona Comarques, Baix Llobregat, Pened\u00e8s, Alt Pirineu i Aran, Lleida, Tarragona i Terres de l\u2019Ebre<\/h4>\n<p>El passat dimecres dia 31 de maig m\u00e9s de 250 docents de Barcelona Comarques, Baix Llobregat, Lleida, Alt Pirineu i Aran, Pened\u00e8s, Terres de l\u2019Ebre i Tarragona van participar de la\u00a0<b>Jornada de tancament de les Xarxes Territorials de Transformaci\u00f3 Educativa\u00a0<\/b>a l\u2019Institut Can Vilomara de l\u2019Hospitalet de Llobregat.<\/p>\n<p>Cliqueu a la primera imatge si voleu veure l\u2019escaleta de la jornada:<\/p>\n<p><a href=\"https:\/\/projectes.xtec.cat\/transformacioenxarxa\/wp-content\/uploads\/usu1468\/2023\/06\/Presentacio%CC%81-definitiva-Jornada-proposta-31M.pdf\"><img loading=\"lazy\" decoding=\"async\" class=\"\" src=\"https:\/\/projectes.xtec.cat\/transformacioenxarxa\/wp-content\/uploads\/usu1468\/2023\/06\/imatge-destacada-5-terrritoris-300x168.png\" width=\"407\" height=\"228\" \/><\/a> <img loading=\"lazy\" decoding=\"async\" class=\"\" src=\"https:\/\/projectes.xtec.cat\/transformacioenxarxa\/wp-content\/uploads\/usu1468\/2023\/06\/df860c9c-707b-46d1-afe1-ca0dc58082cd-2-300x225.jpg\" width=\"308\" height=\"231\" \/><\/p>\n<p>La jornada es va desenvolupar en diferents moments.\u00a0 El primer va ser la rebuda de la directora del centre i l\u2019acollida de la directora dels Serveis Territorials de Barcelona Comarques.<\/p>\n<p><img decoding=\"async\" src=\"https:\/\/projectes.xtec.cat\/transformacioenxarxa\/wp-content\/uploads\/usu1468\/2023\/06\/0e186411-25f8-43b6-9a79-6ce55fa19c6a.jpg\" \/><\/p>\n<p>A continuaci\u00f3<strong>\u00a013 centres dels diferents territoris, van compartir experi\u00e8ncies reeixides vinculades amb els diferents vectors del curr\u00edculum.<\/strong><\/p>\n<ul>\n<li><strong>Escola Cascavell:<\/strong>\u00a0<em>Amb les tert\u00falies compartim mirades<\/em>\u00a0(V. Perspectiva de g\u00e8nere)<\/li>\n<li><strong>Institut Campclar<\/strong>:\u00a0<em>Som les arque\u00f2logues i els arque\u00f2legs de Campclar!<\/em>\u00a0(V. Aprenentatges competencials)<\/li>\n<li><strong>Escola Jaume Miret<\/strong>:\u00a0<em>Setmana de la sostenibilitat<\/em>\u00a0(V.Ciutadania Democr\u00e0tica i Consci\u00e8ncia Global)<\/li>\n<li><strong>Escola Joan Mir\u00f3<\/strong>:\u00a0<em>SOM, SENTIM i FEM<\/em>\u00a0(V. Benestar emocional)<\/li>\n<li><strong>Escola Soriano Montagut<\/strong>:<em>\u00a0Arrels i ales<\/em>\u00a0(V. Benestar emocional)<\/li>\n<li><strong>Institut la Valira<\/strong>:\u00a0<em>De la individualitzaci\u00f3 a la personalitzaci\u00f3<\/em>\u00a0(V. Aprenentatges competencials).<\/li>\n<li><strong>Institut Apel\u00b7les Mestres<\/strong>:\u00a0<em>Al + 3 obrim els ulls i ens transformem<\/em>\u00a0(V.Ciutadania Democr\u00e0tica i Consci\u00e8ncia Global)<\/li>\n<li><strong>ZER La Font de l\u2019Aiguad\u00ed<\/strong>:\u00a0<em>Escoltem les veus del nostre alumnat!<\/em>\u00a0(V.Ciutadania Democr\u00e0tica i Consci\u00e8ncia Global)<\/li>\n<li><strong>Escola Santa Caterina<\/strong>:\u00a0<em>La for\u00e7a de la llengua per viure i conviure<\/em>\u00a0(V.Ciutadania Democr\u00e0tica i Consci\u00e8ncia Global)<\/li>\n<li><strong>Escola la S\u00ednia<\/strong>:\u00a0<em>Educar per la vida des de la vida<\/em>\u00a0(V.Ciutadania Democr\u00e0tica i Consci\u00e8ncia Global)<\/li>\n<li><strong>Escola Garona<\/strong>:\u00a0<em>EN BOCA DE TOTI, EN BOCA DE TOTS, EN BOCA DE TODOS<\/em>\u00a0(V. Qualitat Educaci\u00f3 de les lleng\u00fces).<\/li>\n<li><strong>Institut Joanot Martorell<\/strong>:\u00a0<em>Ens sentim b\u00e9 i tenim una mirada positiva<\/em>. (V. Benestar emocional).<\/li>\n<li><strong>Escola Riera de Ribes<\/strong>:\u00a0<em>ON S\u00d3N LES OBRES D\u2019ART DE LES DONES?<\/em>\u00a0(V. Perspectiva de g\u00e8nere)<\/li>\n<\/ul>\n<p><img loading=\"lazy\" decoding=\"async\" class=\"\" src=\"https:\/\/projectes.xtec.cat\/transformacioenxarxa\/wp-content\/uploads\/usu1468\/2023\/06\/20230531_103402-1-300x135.jpg\" width=\"376\" height=\"169\" \/>\u00a0 <img loading=\"lazy\" decoding=\"async\" class=\"\" src=\"https:\/\/projectes.xtec.cat\/transformacioenxarxa\/wp-content\/uploads\/usu1468\/2023\/06\/5d0a9f9a-0e72-42f2-ab44-cb311eaf97b1-1-300x135.jpg\" width=\"371\" height=\"167\" \/><\/p>\n<p>Va ser una jornada d\u2019aprenentatge entre territoris que va permetre treure profit<b>\u00a0l\u2019ess\u00e8ncia de la XTTE:<\/b><\/p>\n<ul>\n<li>Aprenentatge entre iguals.<\/li>\n<li>Treball compartit.<\/li>\n<li>Innovaci\u00f3 educativa.<\/li>\n<li>Horitzontalitat.<\/li>\n<li>Participaci\u00f3 i comprom\u00eds.<\/li>\n<li>Construcci\u00f3 col\u00b7lectiva del coneixement.<\/li>\n<li>Desenvolupament professional docent.<\/li>\n<li>Comunicaci\u00f3 i projecci\u00f3 al propi centre.<\/li>\n<\/ul>\n<p>I sobretot, va ajudar a impulsar el treball en xarxa per a la mobilitzaci\u00f3 del curr\u00edculum, la transformaci\u00f3 territorial i la millora cont\u00ednua dels centres amb la voluntat d\u2019empoderar-los perqu\u00e8 els nostres alumnes aprenguin m\u00e9s i millor.<\/p>\n<p>Amb el tancament de<strong>\u00a0Bego\u00f1a Ibarrola<\/strong>\u00a0com a ponent: \u201c<em><strong>Estrategias y recursos para potenciar el bienestar emocional en la comunidad educativa<\/strong><\/em>\u201d\u00a0 es\u00a0va donar per acabada una jornada amb l\u2019agra\u00efment en format floral als centres.<\/p>\n<p>Si cliqueu a la seg\u00fcent imatge trobareu la pon\u00e8ncia de la Bego\u00f1a Ibarrola que va fer sobre Benestar emocional:<\/p>\n<p><a href=\"https:\/\/www.youtube.com\/watch?v=_6QkLaO-h3A&amp;t=10s\"><img decoding=\"async\" src=\"https:\/\/projectes.xtec.cat\/transformacioenxarxa\/wp-content\/uploads\/usu1468\/2023\/06\/caratula-ponencia-begona-ss-1.png\" \/><\/a><\/p>\n<p>A les seg\u00fcents imatges trobareu enlla\u00e7ades la <strong>presentaci\u00f3 digital<\/strong>\u00a0de la Bego\u00f1a sobre la pon\u00e8ncia\u00a0<strong>i<\/strong>\u00a0un\u00a0<strong>breu resum<\/strong>\u00a0de la mateixa:<\/p>\n<p><a href=\"https:\/\/projectes.xtec.cat\/transformacioenxarxa\/wp-content\/uploads\/usu1468\/2023\/06\/RESUMEN-PONENCIA-1.docx-2.pdf\"><img loading=\"lazy\" decoding=\"async\" class=\"\" src=\"https:\/\/projectes.xtec.cat\/transformacioenxarxa\/wp-content\/uploads\/usu1468\/2023\/06\/caratula-pdf-5-territoris-300x223.png\" width=\"367\" height=\"273\" \/>\u00a0\u00a0\u00a0\u00a0 <img decoding=\"async\" src=\"https:\/\/projectes.xtec.cat\/transformacioenxarxa\/wp-content\/uploads\/usu1468\/2023\/06\/caratula-resum-ponencia-begona-300x268.png\" \/>\u00a0 <img decoding=\"async\" src=\"https:\/\/projectes.xtec.cat\/transformacioenxarxa\/wp-content\/uploads\/usu1468\/2023\/06\/1ac4adc3-49db-4eb0-8d0c-48d04d29deaf-225x300.jpg\" \/>\u00a0\u00a0\u00a0<\/a><\/p>\n<p>Per acabar us deixem un\u00a0<strong>videoresum d\u2019aquesta jornada de xarxa de xarxes<\/strong>\u00a0i us encoratgem a qu\u00e8 continueu formant-ne part o,\u00a0<em><strong>si encara no esteu enxarxats us animem a fer que us poseu en contacte amb els referents territorials perqu\u00e8 us orientin i us ajudin a formar part de la Xarxa Territorial de Transformaci\u00f3 Educativa.<\/strong><\/em><\/p>\n<p><strong>Aprofiteu l\u2019oportunitat d\u2019aprendre i compartir d\u2019altres i amb altres centres!<\/strong><\/p>\n<p>Cliqueu a la seg\u00fcent imatge per visionar el resum de la jornada!<\/p>\n<p><a href=\"https:\/\/www.youtube.com\/watch?v=i_bvICfmcIw\"><img decoding=\"async\" src=\"https:\/\/projectes.xtec.cat\/transformacioenxarxa\/wp-content\/uploads\/usu1468\/2023\/06\/caratula-video-resum-5-territoris.png\" \/><\/a><\/p>\n","protected":false},"excerpt":{"rendered":"<p>Jornada conjunta de tancament del curs 22-23 de les XTTE de Barcelona Comarques, Baix Llobregat, Pened\u00e8s, Alt Pirineu i Aran, Lleida, Tarragona i Terres de l\u2019Ebre<\/p>\n","protected":false},"author":6,"featured_media":12799,"comment_status":"open","ping_status":"closed","sticky":false,"template":"","format":"standard","meta":{"site-sidebar-layout":"default","site-content-layout":"","ast-site-content-layout":"","site-content-style":"default","site-sidebar-style":"default","ast-global-header-display":"","ast-banner-title-visibility":"","ast-main-header-display":"","ast-hfb-above-header-display":"","ast-hfb-below-header-display":"","ast-hfb-mobile-header-display":"","site-post-title":"","ast-breadcrumbs-content":"","ast-featured-img":"","footer-sml-layout":"","theme-transparent-header-meta":"","adv-header-id-meta":"","stick-header-meta":"","header-above-stick-meta":"","header-main-stick-meta":"","header-below-stick-meta":"","astra-migrate-meta-layouts":"default","ast-page-background-enabled":"default","ast-page-background-meta":{"desktop":{"background-color":"var(--ast-global-color-4)","background-image":"","background-repeat":"repeat","background-position":"center center","background-size":"auto","background-attachment":"scroll","background-type":"","background-media":"","overlay-type":"","overlay-color":"","overlay-opacity":"","overlay-gradient":""},"tablet":{"background-color":"","background-image":"","background-repeat":"repeat","background-position":"center center","background-size":"auto","background-attachment":"scroll","background-type":"","background-media":"","overlay-type":"","overlay-color":"","overlay-opacity":"","overlay-gradient":""},"mobile":{"background-color":"","background-image":"","background-repeat":"repeat","background-position":"center center","background-size":"auto","background-attachment":"scroll","background-type":"","background-media":"","overlay-type":"","overlay-color":"","overlay-opacity":"","overlay-gradient":""}},"ast-content-background-meta":{"desktop":{"background-color":"var(--ast-global-color-5)","background-image":"","background-repeat":"repeat","background-position":"center center","background-size":"auto","background-attachment":"scroll","background-type":"","background-media":"","overlay-type":"","overlay-color":"","overlay-opacity":"","overlay-gradient":""},"tablet":{"background-color":"var(--ast-global-color-5)","background-image":"","background-repeat":"repeat","background-position":"center center","background-size":"auto","background-attachment":"scroll","background-type":"","background-media":"","overlay-type":"","overlay-color":"","overlay-opacity":"","overlay-gradient":""},"mobile":{"background-color":"var(--ast-global-color-5)","background-image":"","background-repeat":"repeat","background-position":"center center","background-size":"auto","background-attachment":"scroll","background-type":"","background-media":"","overlay-type":"","overlay-color":"","overlay-opacity":"","overlay-gradient":""}},"footnotes":""},"categories":[1,29,821],"tags":[839,838,840,822],"class_list":["post-12798","post","type-post","status-publish","format-standard","has-post-thumbnail","hentry","category-general","category-portada","category-xarxa-de-transformacio-educativa-penedes","tag-begona-ibarrola","tag-capsules-formatives","tag-xarxes-territorials-de-transformacio","tag-xtte"],"post_mailing_queue_ids":[],"_links":{"self":[{"href":"https:\/\/serveiseducatius.xtec.cat\/altpenedes\/wp-json\/wp\/v2\/posts\/12798","targetHints":{"allow":["GET"]}}],"collection":[{"href":"https:\/\/serveiseducatius.xtec.cat\/altpenedes\/wp-json\/wp\/v2\/posts"}],"about":[{"href":"https:\/\/serveiseducatius.xtec.cat\/altpenedes\/wp-json\/wp\/v2\/types\/post"}],"author":[{"embeddable":true,"href":"https:\/\/serveiseducatius.xtec.cat\/altpenedes\/wp-json\/wp\/v2\/users\/6"}],"replies":[{"embeddable":true,"href":"https:\/\/serveiseducatius.xtec.cat\/altpenedes\/wp-json\/wp\/v2\/comments?post=12798"}],"version-history":[{"count":3,"href":"https:\/\/serveiseducatius.xtec.cat\/altpenedes\/wp-json\/wp\/v2\/posts\/12798\/revisions"}],"predecessor-version":[{"id":12808,"href":"https:\/\/serveiseducatius.xtec.cat\/altpenedes\/wp-json\/wp\/v2\/posts\/12798\/revisions\/12808"}],"wp:featuredmedia":[{"embeddable":true,"href":"https:\/\/serveiseducatius.xtec.cat\/altpenedes\/wp-json\/wp\/v2\/media\/12799"}],"wp:attachment":[{"href":"https:\/\/serveiseducatius.xtec.cat\/altpenedes\/wp-json\/wp\/v2\/media?parent=12798"}],"wp:term":[{"taxonomy":"category","embeddable":true,"href":"https:\/\/serveiseducatius.xtec.cat\/altpenedes\/wp-json\/wp\/v2\/categories?post=12798"},{"taxonomy":"post_tag","embeddable":true,"href":"https:\/\/serveiseducatius.xtec.cat\/altpenedes\/wp-json\/wp\/v2\/tags?post=12798"}],"curies":[{"name":"wp","href":"https:\/\/api.w.org\/{rel}","templated":true}]}}