{"id":12783,"date":"2023-06-08T12:45:47","date_gmt":"2023-06-08T10:45:47","guid":{"rendered":"https:\/\/serveiseducatius.xtec.cat\/altpenedes\/?p=12783"},"modified":"2023-09-21T10:30:22","modified_gmt":"2023-09-21T08:30:22","slug":"trobada-parelles-linguistiques-dels-instituts-de-lalt-penedes-a-lespai-jove-la-nau-de-vilafranca","status":"publish","type":"post","link":"https:\/\/serveiseducatius.xtec.cat\/altpenedes\/general\/trobada-parelles-linguistiques-dels-instituts-de-lalt-penedes-a-lespai-jove-la-nau-de-vilafranca\/","title":{"rendered":"Trobada Parelles ling\u00fc\u00edstiques dels Instituts de l&#8217;Alt Pened\u00e8s a l&#8217;espai jove la Nau de Vilafranca"},"content":{"rendered":"<p>El divendres 2 de juny es va dur a terme una <a href=\"https:\/\/www.rtvvilafranca.cat\/2023\/06\/finalitza-el-curs-de-parelles-linguistiques-als-instituts-amb-un-balanc-positiu\/?fbclid=PAAabMYQVUUerMNxuB5iNevzayTHBPlQ0cq4Beu2iPda3IAZM_zL8SA4fn2wI\">Trobada de Parelles ling\u00fc\u00edstiques<\/a> formades per joves dels instituts de la comarca. De les 120 parelles que s&#8217;han creat aquest curs a les aules de secund\u00e0ria, uns 70 alumnes han celebrat a l&#8217;espai jove la Nau una activitat que t\u00e9 per objectiu fomentar l&#8217;\u00fas de la llengua catalana, crear vincles amb l&#8217;alumnat nouvingut i con\u00e8ixer l&#8217;entorn.<\/p>\n<p>L&#8217;acte es va iniciar amb la presentaci\u00f3 de les activitats d&#8217;estiu per part dels responsables de l&#8217;espai Jove la Nau. Seguidament, es va fer un taller de din\u00e0miques de conviv\u00e8ncia i cohesi\u00f3 amb una molt bona participaci\u00f3 de tot l&#8217;alumnat i, finalment, la referent del Voluntariat per la Llengua del Consorci de Normalitzaci\u00f3 Ling\u00fc\u00edstica va fer entrega dels Diplomes a tot l&#8217;alumnat que ha participat del Projecte.<\/p>\n<p>La valoraci\u00f3 \u00e9s molt positiva per part dels docents i de l&#8217;Equip LIC. Esperem poder organitzar moltes m\u00e9s trobades!<a href=\"https:\/\/serveiseducatius.xtec.cat\/altpenedes\/wp-content\/uploads\/usu763\/2023\/06\/IMG_20230602_121546-scaled.jpg\"><img loading=\"lazy\" decoding=\"async\" class=\"alignright size-full wp-image-12784\" src=\"https:\/\/serveiseducatius.xtec.cat\/altpenedes\/wp-content\/uploads\/usu763\/2023\/06\/IMG_20230602_121546-scaled.jpg\" alt=\"\" width=\"2560\" height=\"1916\" srcset=\"https:\/\/serveiseducatius.xtec.cat\/altpenedes\/wp-content\/uploads\/usu763\/2023\/06\/IMG_20230602_121546-scaled.jpg 2560w, https:\/\/serveiseducatius.xtec.cat\/altpenedes\/wp-content\/uploads\/usu763\/2023\/06\/IMG_20230602_121546-300x224.jpg 300w, https:\/\/serveiseducatius.xtec.cat\/altpenedes\/wp-content\/uploads\/usu763\/2023\/06\/IMG_20230602_121546-1024x766.jpg 1024w, https:\/\/serveiseducatius.xtec.cat\/altpenedes\/wp-content\/uploads\/usu763\/2023\/06\/IMG_20230602_121546-150x112.jpg 150w, https:\/\/serveiseducatius.xtec.cat\/altpenedes\/wp-content\/uploads\/usu763\/2023\/06\/IMG_20230602_121546-768x575.jpg 768w, https:\/\/serveiseducatius.xtec.cat\/altpenedes\/wp-content\/uploads\/usu763\/2023\/06\/IMG_20230602_121546-1536x1149.jpg 1536w, https:\/\/serveiseducatius.xtec.cat\/altpenedes\/wp-content\/uploads\/usu763\/2023\/06\/IMG_20230602_121546-2048x1532.jpg 2048w, https:\/\/serveiseducatius.xtec.cat\/altpenedes\/wp-content\/uploads\/usu763\/2023\/06\/IMG_20230602_121546-200x150.jpg 200w\" sizes=\"auto, (max-width: 2560px) 100vw, 2560px\" \/><\/a> <a href=\"https:\/\/serveiseducatius.xtec.cat\/altpenedes\/wp-content\/uploads\/usu763\/2023\/06\/IMG-20230602-WA0009.jpg\"><img loading=\"lazy\" decoding=\"async\" class=\"alignright size-full wp-image-12785\" src=\"https:\/\/serveiseducatius.xtec.cat\/altpenedes\/wp-content\/uploads\/usu763\/2023\/06\/IMG-20230602-WA0009.jpg\" alt=\"\" width=\"2048\" height=\"1536\" srcset=\"https:\/\/serveiseducatius.xtec.cat\/altpenedes\/wp-content\/uploads\/usu763\/2023\/06\/IMG-20230602-WA0009.jpg 2048w, https:\/\/serveiseducatius.xtec.cat\/altpenedes\/wp-content\/uploads\/usu763\/2023\/06\/IMG-20230602-WA0009-300x225.jpg 300w, https:\/\/serveiseducatius.xtec.cat\/altpenedes\/wp-content\/uploads\/usu763\/2023\/06\/IMG-20230602-WA0009-1024x768.jpg 1024w, https:\/\/serveiseducatius.xtec.cat\/altpenedes\/wp-content\/uploads\/usu763\/2023\/06\/IMG-20230602-WA0009-150x113.jpg 150w, https:\/\/serveiseducatius.xtec.cat\/altpenedes\/wp-content\/uploads\/usu763\/2023\/06\/IMG-20230602-WA0009-768x576.jpg 768w, https:\/\/serveiseducatius.xtec.cat\/altpenedes\/wp-content\/uploads\/usu763\/2023\/06\/IMG-20230602-WA0009-1536x1152.jpg 1536w, https:\/\/serveiseducatius.xtec.cat\/altpenedes\/wp-content\/uploads\/usu763\/2023\/06\/IMG-20230602-WA0009-200x150.jpg 200w\" sizes=\"auto, (max-width: 2048px) 100vw, 2048px\" \/><\/a> <a href=\"https:\/\/serveiseducatius.xtec.cat\/altpenedes\/wp-content\/uploads\/usu763\/2023\/06\/IMG-20230602-WA0010.jpg\"><img loading=\"lazy\" decoding=\"async\" class=\"alignright size-full wp-image-12786\" src=\"https:\/\/serveiseducatius.xtec.cat\/altpenedes\/wp-content\/uploads\/usu763\/2023\/06\/IMG-20230602-WA0010.jpg\" alt=\"\" width=\"2048\" height=\"1536\" srcset=\"https:\/\/serveiseducatius.xtec.cat\/altpenedes\/wp-content\/uploads\/usu763\/2023\/06\/IMG-20230602-WA0010.jpg 2048w, https:\/\/serveiseducatius.xtec.cat\/altpenedes\/wp-content\/uploads\/usu763\/2023\/06\/IMG-20230602-WA0010-300x225.jpg 300w, https:\/\/serveiseducatius.xtec.cat\/altpenedes\/wp-content\/uploads\/usu763\/2023\/06\/IMG-20230602-WA0010-1024x768.jpg 1024w, https:\/\/serveiseducatius.xtec.cat\/altpenedes\/wp-content\/uploads\/usu763\/2023\/06\/IMG-20230602-WA0010-150x113.jpg 150w, https:\/\/serveiseducatius.xtec.cat\/altpenedes\/wp-content\/uploads\/usu763\/2023\/06\/IMG-20230602-WA0010-768x576.jpg 768w, https:\/\/serveiseducatius.xtec.cat\/altpenedes\/wp-content\/uploads\/usu763\/2023\/06\/IMG-20230602-WA0010-1536x1152.jpg 1536w, https:\/\/serveiseducatius.xtec.cat\/altpenedes\/wp-content\/uploads\/usu763\/2023\/06\/IMG-20230602-WA0010-200x150.jpg 200w\" sizes=\"auto, (max-width: 2048px) 100vw, 2048px\" \/><\/a><\/p>\n","protected":false},"excerpt":{"rendered":"<p>El divendres 2 de juny es va dur a terme una Trobada de Parelles ling\u00fc\u00edstiques formades per joves dels instituts de la comarca. De les 120 parelles que s&#8217;han creat aquest curs a les aules de secund\u00e0ria, uns 70 alumnes han celebrat a l&#8217;espai jove la Nau una activitat que t\u00e9 per objectiu fomentar l&#8217;\u00fas de la llengua catalana, crear vincles amb l&#8217;alumnat nouvingut i con\u00e8ixer l&#8217;entorn.<\/p>\n","protected":false},"author":25,"featured_media":12784,"comment_status":"open","ping_status":"closed","sticky":false,"template":"","format":"standard","meta":{"site-sidebar-layout":"default","site-content-layout":"","ast-site-content-layout":"","site-content-style":"default","site-sidebar-style":"default","ast-global-header-display":"","ast-banner-title-visibility":"","ast-main-header-display":"","ast-hfb-above-header-display":"","ast-hfb-below-header-display":"","ast-hfb-mobile-header-display":"","site-post-title":"","ast-breadcrumbs-content":"","ast-featured-img":"","footer-sml-layout":"","theme-transparent-header-meta":"","adv-header-id-meta":"","stick-header-meta":"","header-above-stick-meta":"","header-main-stick-meta":"","header-below-stick-meta":"","astra-migrate-meta-layouts":"default","ast-page-background-enabled":"default","ast-page-background-meta":{"desktop":{"background-color":"var(--ast-global-color-4)","background-image":"","background-repeat":"repeat","background-position":"center center","background-size":"auto","background-attachment":"scroll","background-type":"","background-media":"","overlay-type":"","overlay-color":"","overlay-opacity":"","overlay-gradient":""},"tablet":{"background-color":"","background-image":"","background-repeat":"repeat","background-position":"center center","background-size":"auto","background-attachment":"scroll","background-type":"","background-media":"","overlay-type":"","overlay-color":"","overlay-opacity":"","overlay-gradient":""},"mobile":{"background-color":"","background-image":"","background-repeat":"repeat","background-position":"center center","background-size":"auto","background-attachment":"scroll","background-type":"","background-media":"","overlay-type":"","overlay-color":"","overlay-opacity":"","overlay-gradient":""}},"ast-content-background-meta":{"desktop":{"background-color":"var(--ast-global-color-5)","background-image":"","background-repeat":"repeat","background-position":"center center","background-size":"auto","background-attachment":"scroll","background-type":"","background-media":"","overlay-type":"","overlay-color":"","overlay-opacity":"","overlay-gradient":""},"tablet":{"background-color":"var(--ast-global-color-5)","background-image":"","background-repeat":"repeat","background-position":"center center","background-size":"auto","background-attachment":"scroll","background-type":"","background-media":"","overlay-type":"","overlay-color":"","overlay-opacity":"","overlay-gradient":""},"mobile":{"background-color":"var(--ast-global-color-5)","background-image":"","background-repeat":"repeat","background-position":"center center","background-size":"auto","background-attachment":"scroll","background-type":"","background-media":"","overlay-type":"","overlay-color":"","overlay-opacity":"","overlay-gradient":""}},"footnotes":""},"categories":[68,1,525],"tags":[519,521,754,837],"class_list":["post-12783","post","type-post","status-publish","format-standard","has-post-thumbnail","hentry","category-elic","category-general","category-seminariclic","tag-aula-acollida","tag-catala","tag-elic-alt-penedes","tag-parelles-linguistiques"],"post_mailing_queue_ids":[],"_links":{"self":[{"href":"https:\/\/serveiseducatius.xtec.cat\/altpenedes\/wp-json\/wp\/v2\/posts\/12783","targetHints":{"allow":["GET"]}}],"collection":[{"href":"https:\/\/serveiseducatius.xtec.cat\/altpenedes\/wp-json\/wp\/v2\/posts"}],"about":[{"href":"https:\/\/serveiseducatius.xtec.cat\/altpenedes\/wp-json\/wp\/v2\/types\/post"}],"author":[{"embeddable":true,"href":"https:\/\/serveiseducatius.xtec.cat\/altpenedes\/wp-json\/wp\/v2\/users\/25"}],"replies":[{"embeddable":true,"href":"https:\/\/serveiseducatius.xtec.cat\/altpenedes\/wp-json\/wp\/v2\/comments?post=12783"}],"version-history":[{"count":3,"href":"https:\/\/serveiseducatius.xtec.cat\/altpenedes\/wp-json\/wp\/v2\/posts\/12783\/revisions"}],"predecessor-version":[{"id":12886,"href":"https:\/\/serveiseducatius.xtec.cat\/altpenedes\/wp-json\/wp\/v2\/posts\/12783\/revisions\/12886"}],"wp:featuredmedia":[{"embeddable":true,"href":"https:\/\/serveiseducatius.xtec.cat\/altpenedes\/wp-json\/wp\/v2\/media\/12784"}],"wp:attachment":[{"href":"https:\/\/serveiseducatius.xtec.cat\/altpenedes\/wp-json\/wp\/v2\/media?parent=12783"}],"wp:term":[{"taxonomy":"category","embeddable":true,"href":"https:\/\/serveiseducatius.xtec.cat\/altpenedes\/wp-json\/wp\/v2\/categories?post=12783"},{"taxonomy":"post_tag","embeddable":true,"href":"https:\/\/serveiseducatius.xtec.cat\/altpenedes\/wp-json\/wp\/v2\/tags?post=12783"}],"curies":[{"name":"wp","href":"https:\/\/api.w.org\/{rel}","templated":true}]}}