{"id":12704,"date":"2023-05-04T16:57:06","date_gmt":"2023-05-04T14:57:06","guid":{"rendered":"https:\/\/serveiseducatius.xtec.cat\/altpenedes\/?p=12704"},"modified":"2023-05-24T08:42:53","modified_gmt":"2023-05-24T06:42:53","slug":"treballs-seleccionats-1a-fase-x-jocs-florals-2023-a-lalt-penedes","status":"publish","type":"post","link":"https:\/\/serveiseducatius.xtec.cat\/altpenedes\/portada\/treballs-seleccionats-1a-fase-x-jocs-florals-2023-a-lalt-penedes\/","title":{"rendered":"Treballs seleccionats 1a fase X Jocs Florals 2023 a l&#8217;Alt Pened\u00e8s"},"content":{"rendered":"<p>El dijous 4 de maig de 2023 s&#8217;ha reunit presencialment el jurat del Servei Educatiu de l\u2019Alt Pened\u00e8s per seleccionar els treballs de la 1a fase dels <strong>X Jocs Florals Escolars de Catalunya<\/strong>.<\/p>\n<p><img loading=\"lazy\" decoding=\"async\" class=\"alignright size-medium wp-image-12735\" src=\"https:\/\/serveiseducatius.xtec.cat\/altpenedes\/wp-content\/uploads\/usu763\/2023\/05\/IMG_5790-300x225.jpg\" alt=\"\" width=\"300\" height=\"225\" srcset=\"https:\/\/serveiseducatius.xtec.cat\/altpenedes\/wp-content\/uploads\/usu763\/2023\/05\/IMG_5790-300x225.jpg 300w, https:\/\/serveiseducatius.xtec.cat\/altpenedes\/wp-content\/uploads\/usu763\/2023\/05\/IMG_5790-150x113.jpg 150w, https:\/\/serveiseducatius.xtec.cat\/altpenedes\/wp-content\/uploads\/usu763\/2023\/05\/IMG_5790-200x150.jpg 200w, https:\/\/serveiseducatius.xtec.cat\/altpenedes\/wp-content\/uploads\/usu763\/2023\/05\/IMG_5790.jpg 640w\" sizes=\"auto, (max-width: 300px) 100vw, 300px\" \/>El jurat format per:<\/p>\n<ul>\n<li style=\"font-weight: 400;\" aria-level=\"1\"><b>Carme Font <\/b><span style=\"font-weight: 400;\">assessora LIC dels serveis educatius de l\u2019Alt Pened\u00e8s<\/span><\/li>\n<li style=\"font-weight: 400;\" aria-level=\"1\"><b>August Garc\u00eda <\/b><span style=\"font-weight: 400;\">representant del professorat d\u2019infantil i prim\u00e0ria.<\/span><\/li>\n<li style=\"font-weight: 400;\" aria-level=\"1\"><b>Carme Salvad\u00f3 <\/b>\u00a0<span style=\"font-weight: 400;\">representant del professorat de secund\u00e0ria.<\/span><\/li>\n<li style=\"font-weight: 400;\" aria-level=\"1\"><b>Elisenda Papiol <\/b><span style=\"font-weight: 400;\">representant del m\u00f3n literari infantil i juvenil.<\/span><\/li>\n<li style=\"font-weight: 400;\" aria-level=\"1\"><b style=\"font-family: inherit; font-size: 1em;\">M\u00f2nica Quintero <\/b><span style=\"font-weight: 400;\">professional del CREDA Comarques IV<\/span><\/li>\n<\/ul>\n<p>Ha seleccionat els seg\u00fcents treballs, un per a cada categoria presentada:<\/p>\n<ul>\n<li style=\"list-style-type: none;\">\n<ul>\n<li style=\"list-style-type: none;\">\n<ul style=\"list-style-type: square;\">\n<li><strong>B2.<\/strong> L\u2019escrit titulat <strong>La natura<\/strong> del grup d\u2019alumnes de 3r de Cicle Mitj\u00e0 de l\u2019escola Sant Jeroni de Sant Pere de Riudebitlles.<\/li>\n<li><strong>C1.<\/strong> L\u2019escrit titulat <strong>Transg\u00e8nicament<\/strong> del grup d\u2019alumnes de 5\u00e8 de Cicle Superior de l\u2019escola Sant Jeroni de Sant Pere de Riudebitlles.<\/li>\n<li><strong>C2.<\/strong> L\u2019escrit titulat <strong>Poemes de flors<\/strong><b>\u00a0<\/b>del grup d\u2019alumnes de 6\u00e8 de Cicle Superior de l\u2019escola El Drac de Pacs del Pened\u00e8s.<\/li>\n<li><strong>F1.<\/strong> L&#8217;escrit titulat <strong>El llibre viatger<\/strong> de <span style=\"font-weight: 400;\">Martina Jo Marin Molero<\/span> de l&#8217;escola Montagut, de Vilafranca del Pened\u00e8s.<\/li>\n<li><strong>G1.<\/strong> L&#8217;escrit titulat <strong>Jo t&#8217;estimava<\/strong> d&#8217;<span style=\"font-weight: 400;\">Ariadna Laborda Gabarr\u00f3 de l&#8217;escola Montagut, de Vilafranca del Pened\u00e8s.<\/span><\/li>\n<li><strong>H.<\/strong>\u00a0 El conte audiovisual i il\u00b7lustrat <strong>Contes desplegables<\/strong> del grup d\u2019alumnes de sis\u00e8 curs de l&#8217;escola El Drac, de Pacs del Pened\u00e8s.<\/li>\n<\/ul>\n<\/li>\n<\/ul>\n<\/li>\n<\/ul>\n<p>Durant la deliberaci\u00f3 s&#8217;ha mantingut l\u2019anonimat tant dels centres com del grup d&#8217;alumnes, autors i autores dels escrits presentats dels diferents centres educatius de la comarca de l\u2019Alt Pened\u00e8s.<\/p>\n<p style=\"text-align: center;\"><strong>Gr\u00e0cies per la vostra participaci\u00f3, felicitats als seleccionats i molta sort en la seg\u00fcent fase!<\/strong><\/p>\n<p><strong>2a fase<\/strong><br \/>\nD\u2019entre tots els treballs seleccionats en la primera fase, el jurat n\u2019escollir\u00e0 les obres que passaran a la tercera fase. Tots els centres participants finalistes podran assistir a la final territorial el 24 de maig a la Casa del Mar, carrer Albareda,1-3 08004 Barcelona.<br \/>\nEls Serveis Territorials constituiran un jurat format per professionals amb els mateixos perfils que consten a la fase 1.<\/p>\n<p><strong>3a fase<\/strong><br \/>\nFinal dels Jocs Florals de Catalunya, dissabte 17 de juny de 2023 (lloc a concretar). Els treballs guardonats es publicaran a la p\u00e0gina web.<\/p>\n<p><span style=\"font-family: inherit; font-size: 1em;\">Podeu trobar tota la informaci\u00f3 a l\u2019adre\u00e7a oficial dels Jocs Florals: <a href=\"https:\/\/xtec.gencat.cat\/ca\/centres\/premis-i-concursos\/jocsflorals\/2223\/\" target=\"_blank\" rel=\"noopener\">https:\/\/xtec.gencat.cat\/ca\/centres\/premis-i-concursos\/jocsflorals\/2223\/<\/a><\/span><\/p>\n","protected":false},"excerpt":{"rendered":"<p>El dijous 4 de maig de 2023 s&#8217;ha reunit presencialment el jurat del Servei Educatiu de l\u2019Alt Pened\u00e8s per seleccionar els treballs de la 1a fase dels X Jocs Florals Escolars de Catalunya.<\/p>\n","protected":false},"author":6,"featured_media":11022,"comment_status":"open","ping_status":"closed","sticky":false,"template":"","format":"standard","meta":{"site-sidebar-layout":"default","site-content-layout":"","ast-site-content-layout":"","site-content-style":"default","site-sidebar-style":"default","ast-global-header-display":"","ast-banner-title-visibility":"","ast-main-header-display":"","ast-hfb-above-header-display":"","ast-hfb-below-header-display":"","ast-hfb-mobile-header-display":"","site-post-title":"","ast-breadcrumbs-content":"","ast-featured-img":"","footer-sml-layout":"","theme-transparent-header-meta":"","adv-header-id-meta":"","stick-header-meta":"","header-above-stick-meta":"","header-main-stick-meta":"","header-below-stick-meta":"","astra-migrate-meta-layouts":"default","ast-page-background-enabled":"default","ast-page-background-meta":{"desktop":{"background-color":"var(--ast-global-color-4)","background-image":"","background-repeat":"repeat","background-position":"center center","background-size":"auto","background-attachment":"scroll","background-type":"","background-media":"","overlay-type":"","overlay-color":"","overlay-opacity":"","overlay-gradient":""},"tablet":{"background-color":"","background-image":"","background-repeat":"repeat","background-position":"center center","background-size":"auto","background-attachment":"scroll","background-type":"","background-media":"","overlay-type":"","overlay-color":"","overlay-opacity":"","overlay-gradient":""},"mobile":{"background-color":"","background-image":"","background-repeat":"repeat","background-position":"center center","background-size":"auto","background-attachment":"scroll","background-type":"","background-media":"","overlay-type":"","overlay-color":"","overlay-opacity":"","overlay-gradient":""}},"ast-content-background-meta":{"desktop":{"background-color":"var(--ast-global-color-5)","background-image":"","background-repeat":"repeat","background-position":"center center","background-size":"auto","background-attachment":"scroll","background-type":"","background-media":"","overlay-type":"","overlay-color":"","overlay-opacity":"","overlay-gradient":""},"tablet":{"background-color":"var(--ast-global-color-5)","background-image":"","background-repeat":"repeat","background-position":"center center","background-size":"auto","background-attachment":"scroll","background-type":"","background-media":"","overlay-type":"","overlay-color":"","overlay-opacity":"","overlay-gradient":""},"mobile":{"background-color":"var(--ast-global-color-5)","background-image":"","background-repeat":"repeat","background-position":"center center","background-size":"auto","background-attachment":"scroll","background-type":"","background-media":"","overlay-type":"","overlay-color":"","overlay-opacity":"","overlay-gradient":""}},"footnotes":""},"categories":[65,68,71,29],"tags":[805],"class_list":["post-12704","post","type-post","status-publish","format-standard","has-post-thumbnail","hentry","category-crp","category-elic","category-jocs-florals","category-portada","tag-curs-2022-2023"],"post_mailing_queue_ids":[],"_links":{"self":[{"href":"https:\/\/serveiseducatius.xtec.cat\/altpenedes\/wp-json\/wp\/v2\/posts\/12704","targetHints":{"allow":["GET"]}}],"collection":[{"href":"https:\/\/serveiseducatius.xtec.cat\/altpenedes\/wp-json\/wp\/v2\/posts"}],"about":[{"href":"https:\/\/serveiseducatius.xtec.cat\/altpenedes\/wp-json\/wp\/v2\/types\/post"}],"author":[{"embeddable":true,"href":"https:\/\/serveiseducatius.xtec.cat\/altpenedes\/wp-json\/wp\/v2\/users\/6"}],"replies":[{"embeddable":true,"href":"https:\/\/serveiseducatius.xtec.cat\/altpenedes\/wp-json\/wp\/v2\/comments?post=12704"}],"version-history":[{"count":3,"href":"https:\/\/serveiseducatius.xtec.cat\/altpenedes\/wp-json\/wp\/v2\/posts\/12704\/revisions"}],"predecessor-version":[{"id":12763,"href":"https:\/\/serveiseducatius.xtec.cat\/altpenedes\/wp-json\/wp\/v2\/posts\/12704\/revisions\/12763"}],"wp:featuredmedia":[{"embeddable":true,"href":"https:\/\/serveiseducatius.xtec.cat\/altpenedes\/wp-json\/wp\/v2\/media\/11022"}],"wp:attachment":[{"href":"https:\/\/serveiseducatius.xtec.cat\/altpenedes\/wp-json\/wp\/v2\/media?parent=12704"}],"wp:term":[{"taxonomy":"category","embeddable":true,"href":"https:\/\/serveiseducatius.xtec.cat\/altpenedes\/wp-json\/wp\/v2\/categories?post=12704"},{"taxonomy":"post_tag","embeddable":true,"href":"https:\/\/serveiseducatius.xtec.cat\/altpenedes\/wp-json\/wp\/v2\/tags?post=12704"}],"curies":[{"name":"wp","href":"https:\/\/api.w.org\/{rel}","templated":true}]}}