{"id":12299,"date":"2023-01-19T14:14:56","date_gmt":"2023-01-19T13:14:56","guid":{"rendered":"https:\/\/serveiseducatius.xtec.cat\/altpenedes\/?p=12299"},"modified":"2023-01-19T14:34:21","modified_gmt":"2023-01-19T13:34:21","slug":"conferencia-agroecologia-escolar-realitats-reptes-i-perspectives","status":"publish","type":"post","link":"https:\/\/serveiseducatius.xtec.cat\/altpenedes\/dinamitzacio\/escoles-verdes\/conferencia-agroecologia-escolar-realitats-reptes-i-perspectives\/","title":{"rendered":"Confer\u00e8ncia agroecologia escolar: realitats, reptes i perspectives"},"content":{"rendered":"<p>CONFER\u00c8NCIA AGROECOLOGIA ESCOLAR: REALITATS, REPTES I PERSPECTIVES\ud83c\udf31<\/p>\n<p>L\u2019<strong>agroecologia escolar<\/strong>, entesa com a un camp de recerca i acci\u00f3 educatives, promou la participaci\u00f3 dels infants i joves en la\u00a0<strong>transformaci\u00f3 del sistema alimentari escolar<\/strong>, tenint en compte els seus diferents \u00e0mbits (producci\u00f3, transformaci\u00f3, comercialitzaci\u00f3\/intercanvi, consum i gesti\u00f3 dels residus).<\/p>\n<p><strong style=\"font-size: 14px;\">Data:<\/strong><span style=\"font-size: 14px;\"> 26 gener 2023\u00a0 \u00a0 <\/span><strong style=\"font-size: 14px;\">Horari:<\/strong><span style=\"font-size: 14px;\">17.30h<\/span><\/p>\n<p><strong style=\"font-size: 14px;\">Gratu\u00efta amb inscripci\u00f3 pr\u00e8via<\/strong><span style=\"font-size: 14px;\">:\u00a0<\/span><a class=\"button button-blau\" style=\"font-family: 'Helvetica Neue', Helvetica, Helvetica, Arial, sans-serif; font-size: 16px;\" href=\"https:\/\/menjaactuaimpacta.org\/agenda\/inscripcio-als-esdeveniments\/?event=13853\">Inscriu-t\u2019hi!<\/a><\/p>\n<p>Aquesta xerrada s&#8217;emmarca en el projecte EUKI &#8220;Parem Taula pel Clima&#8221; de la Iniciativa Europea pel Clima.<\/p>\n<p><img loading=\"lazy\" decoding=\"async\" class=\"size-medium wp-image-12300 alignleft\" src=\"https:\/\/serveiseducatius.xtec.cat\/altpenedes\/wp-content\/uploads\/usu763\/2023\/01\/unnamed-1-300x251.png\" alt=\"\" width=\"300\" height=\"251\" srcset=\"https:\/\/serveiseducatius.xtec.cat\/altpenedes\/wp-content\/uploads\/usu763\/2023\/01\/unnamed-1-300x250.png 300w, https:\/\/serveiseducatius.xtec.cat\/altpenedes\/wp-content\/uploads\/usu763\/2023\/01\/unnamed-1-150x126.png 150w, https:\/\/serveiseducatius.xtec.cat\/altpenedes\/wp-content\/uploads\/usu763\/2023\/01\/unnamed-1-768x644.png 768w, https:\/\/serveiseducatius.xtec.cat\/altpenedes\/wp-content\/uploads\/usu763\/2023\/01\/unnamed-1.png 940w\" sizes=\"auto, (max-width: 300px) 100vw, 300px\" \/><\/p>\n","protected":false},"excerpt":{"rendered":"<p>L\u2019agroecologia escolar, entesa com a un camp de recerca i acci\u00f3 educatives, promou la participaci\u00f3 dels infants i joves en la\u00a0transformaci\u00f3 del sistema alimentari escolar, tenint en compte els seus diferents \u00e0mbits (producci\u00f3, transformaci\u00f3, comercialitzaci\u00f3\/intercanvi, consum i gesti\u00f3 dels residus).<\/p>\n","protected":false},"author":6,"featured_media":12300,"comment_status":"closed","ping_status":"closed","sticky":false,"template":"","format":"standard","meta":{"site-sidebar-layout":"default","site-content-layout":"","ast-site-content-layout":"","site-content-style":"default","site-sidebar-style":"default","ast-global-header-display":"","ast-banner-title-visibility":"","ast-main-header-display":"","ast-hfb-above-header-display":"","ast-hfb-below-header-display":"","ast-hfb-mobile-header-display":"","site-post-title":"","ast-breadcrumbs-content":"","ast-featured-img":"","footer-sml-layout":"","theme-transparent-header-meta":"","adv-header-id-meta":"","stick-header-meta":"","header-above-stick-meta":"","header-main-stick-meta":"","header-below-stick-meta":"","astra-migrate-meta-layouts":"default","ast-page-background-enabled":"default","ast-page-background-meta":{"desktop":{"background-color":"var(--ast-global-color-4)","background-image":"","background-repeat":"repeat","background-position":"center center","background-size":"auto","background-attachment":"scroll","background-type":"","background-media":"","overlay-type":"","overlay-color":"","overlay-opacity":"","overlay-gradient":""},"tablet":{"background-color":"","background-image":"","background-repeat":"repeat","background-position":"center center","background-size":"auto","background-attachment":"scroll","background-type":"","background-media":"","overlay-type":"","overlay-color":"","overlay-opacity":"","overlay-gradient":""},"mobile":{"background-color":"","background-image":"","background-repeat":"repeat","background-position":"center center","background-size":"auto","background-attachment":"scroll","background-type":"","background-media":"","overlay-type":"","overlay-color":"","overlay-opacity":"","overlay-gradient":""}},"ast-content-background-meta":{"desktop":{"background-color":"var(--ast-global-color-5)","background-image":"","background-repeat":"repeat","background-position":"center center","background-size":"auto","background-attachment":"scroll","background-type":"","background-media":"","overlay-type":"","overlay-color":"","overlay-opacity":"","overlay-gradient":""},"tablet":{"background-color":"var(--ast-global-color-5)","background-image":"","background-repeat":"repeat","background-position":"center center","background-size":"auto","background-attachment":"scroll","background-type":"","background-media":"","overlay-type":"","overlay-color":"","overlay-opacity":"","overlay-gradient":""},"mobile":{"background-color":"var(--ast-global-color-5)","background-image":"","background-repeat":"repeat","background-position":"center center","background-size":"auto","background-attachment":"scroll","background-type":"","background-media":"","overlay-type":"","overlay-color":"","overlay-opacity":"","overlay-gradient":""}},"footnotes":""},"categories":[153],"tags":[826,805],"class_list":["post-12299","post","type-post","status-publish","format-standard","has-post-thumbnail","hentry","category-escoles-verdes","tag-agroecologia","tag-curs-2022-2023"],"post_mailing_queue_ids":[],"_links":{"self":[{"href":"https:\/\/serveiseducatius.xtec.cat\/altpenedes\/wp-json\/wp\/v2\/posts\/12299","targetHints":{"allow":["GET"]}}],"collection":[{"href":"https:\/\/serveiseducatius.xtec.cat\/altpenedes\/wp-json\/wp\/v2\/posts"}],"about":[{"href":"https:\/\/serveiseducatius.xtec.cat\/altpenedes\/wp-json\/wp\/v2\/types\/post"}],"author":[{"embeddable":true,"href":"https:\/\/serveiseducatius.xtec.cat\/altpenedes\/wp-json\/wp\/v2\/users\/6"}],"replies":[{"embeddable":true,"href":"https:\/\/serveiseducatius.xtec.cat\/altpenedes\/wp-json\/wp\/v2\/comments?post=12299"}],"version-history":[{"count":3,"href":"https:\/\/serveiseducatius.xtec.cat\/altpenedes\/wp-json\/wp\/v2\/posts\/12299\/revisions"}],"predecessor-version":[{"id":12303,"href":"https:\/\/serveiseducatius.xtec.cat\/altpenedes\/wp-json\/wp\/v2\/posts\/12299\/revisions\/12303"}],"wp:featuredmedia":[{"embeddable":true,"href":"https:\/\/serveiseducatius.xtec.cat\/altpenedes\/wp-json\/wp\/v2\/media\/12300"}],"wp:attachment":[{"href":"https:\/\/serveiseducatius.xtec.cat\/altpenedes\/wp-json\/wp\/v2\/media?parent=12299"}],"wp:term":[{"taxonomy":"category","embeddable":true,"href":"https:\/\/serveiseducatius.xtec.cat\/altpenedes\/wp-json\/wp\/v2\/categories?post=12299"},{"taxonomy":"post_tag","embeddable":true,"href":"https:\/\/serveiseducatius.xtec.cat\/altpenedes\/wp-json\/wp\/v2\/tags?post=12299"}],"curies":[{"name":"wp","href":"https:\/\/api.w.org\/{rel}","templated":true}]}}