{"id":11817,"date":"2022-09-16T08:05:02","date_gmt":"2022-09-16T06:05:02","guid":{"rendered":"https:\/\/serveiseducatius.xtec.cat\/altpenedes\/?p=11817"},"modified":"2022-09-16T00:13:14","modified_gmt":"2022-09-15T22:13:14","slug":"pfz-22-23-formacions-xtcd","status":"publish","type":"post","link":"https:\/\/serveiseducatius.xtec.cat\/altpenedes\/general\/pfz-22-23-formacions-xtcd\/","title":{"rendered":"PFZ 22-23 | Formacions XTCD"},"content":{"rendered":"<p><img loading=\"lazy\" decoding=\"async\" class=\"alignright size-medium wp-image-11822\" src=\"https:\/\/serveiseducatius.xtec.cat\/altpenedes\/wp-content\/uploads\/usu763\/2022\/09\/XTCD-300x171.png\" alt=\"\" width=\"300\" height=\"171\" srcset=\"https:\/\/serveiseducatius.xtec.cat\/altpenedes\/wp-content\/uploads\/usu763\/2022\/09\/XTCD-300x171.png 300w, https:\/\/serveiseducatius.xtec.cat\/altpenedes\/wp-content\/uploads\/usu763\/2022\/09\/XTCD-150x86.png 150w, https:\/\/serveiseducatius.xtec.cat\/altpenedes\/wp-content\/uploads\/usu763\/2022\/09\/XTCD.png 595w\" sizes=\"auto, (max-width: 300px) 100vw, 300px\" \/>El dijous 15\/09\/2022 es va presentar la<strong> Xarxa Territorial de Cultura Digital <\/strong><span style=\"color: #808080;\">| <a style=\"color: #808080;\" href=\"https:\/\/youtu.be\/LVpFWB_g2Jw\" target=\"_blank\" rel=\"noopener\">V\u00eddeo presentaci\u00f3 15\/09\/2022<\/a><\/span><\/p>\n<p>A continuaci\u00f3 trobareu els v\u00eddeos de presentaci\u00f3 de cada subxarxa i el t\u00edtol de l&#8217;activitat publicada al del Pla de Formaci\u00f3 de l&#8217;Alt Pened\u00e8s 22-23.<\/p>\n<p>\ud83d\udcd9 <strong>Subxarxa de compet\u00e8ncia digital docent (CDD)<\/strong><\/p>\n<p style=\"padding-left: 40px;\">Adre\u00e7at a docents de qualsevol nivell educatiu del centre | <a href=\"https:\/\/youtu.be\/WB2dDTcrp2Q\" target=\"_blank\" rel=\"noopener\"><span style=\"color: #999999;\">V\u00eddeo presentaci\u00f315\/09\/2022<\/span><\/a><br \/>\nNodes: <a href=\"https:\/\/projectes.xtec.cat\/xtcd\/competencia-digital-docent\/\" target=\"_blank\" rel=\"noopener\">https:\/\/projectes.xtec.cat\/xtcd\/coordinacio-digital-de-centre\/<\/a><\/p>\n<p style=\"padding-left: 40px;\">\ud83d\udd0e 2011150529 <a href=\"https:\/\/aplicacions.gestioeducativa.gencat.cat\/pls\/soloas\/pk_for_mod_ins.p_for_detall_activitat?p_header=Llista%20d%27activitats^pk_for_mod_ins.p_for_cons_activitats?p_crp=201%26p_any=2022-2023%26p_totes=s%26p_inici=81%26p_excloure_crp_rec=F&amp;p_codi=2011150529&amp;p_curs=2022-2023&amp;p_es_inscr=S\" target=\"_blank\" rel=\"noopener\">Subxarxa de Compet\u00e8ncia Digital Docent<\/a><\/p>\n<p>\ud83d\udcd8 <strong>Subxarxa d&#8217;estrat\u00e8gia digital de centre (EDC)<\/strong><\/p>\n<p style=\"padding-left: 40px;\">Adre\u00e7at a membres de la comissi\u00f3 digital de centre | <a href=\"https:\/\/youtu.be\/vlT3Vls7O2A\" target=\"_blank\" rel=\"noopener\"><span style=\"color: #999999;\">V\u00eddeo presentaci\u00f315\/09\/2022<\/span><\/a><br \/>\nNodes: <a href=\"https:\/\/projectes.xtec.cat\/xtcd\/coordinacio-digital-de-centre\/\" target=\"_blank\" rel=\"noopener\">https:\/\/projectes.xtec.cat\/xtcd\/coordinacio-digital-de-centre\/<\/a><\/p>\n<p style=\"padding-left: 40px;\">\ud83d\udd0e 2011180529 <a href=\"https:\/\/aplicacions.gestioeducativa.gencat.cat\/pls\/soloas\/pk_for_mod_ins.p_for_detall_activitat?p_header=Llista%20d%27activitats^pk_for_mod_ins.p_for_cons_activitats?p_crp=201%26p_any=2022-2023%26p_totes=s%26p_inici=91%26p_excloure_crp_rec=F&amp;p_codi=2011180529&amp;p_curs=2022-2023&amp;p_es_inscr=S\" target=\"_blank\" rel=\"noopener\">Grup de treball de la subxarxa d&#8217;estrat\u00e8gia digital de centre<\/a><\/p>\n<p style=\"padding-left: 40px;\">\ud83d\udd0e 2011160529 <a href=\"https:\/\/aplicacions.gestioeducativa.gencat.cat\/pls\/soloas\/pk_for_mod_ins.p_for_detall_activitat?p_header=Llista%20d%27activitats^pk_for_mod_ins.p_for_cons_activitats?p_crp=201%26p_any=2022-2023%26p_totes=s%26p_inici=91%26p_excloure_crp_rec=F&amp;p_codi=2011160529&amp;p_curs=2022-2023&amp;p_es_inscr=S\" target=\"_blank\" rel=\"noopener\">Seminari de continu\u00eftat de la subxarxa EDC<\/a> <em><span style=\"color: #808080;\">(mentora del centre: Mayca)*<\/span><\/em><\/p>\n<p style=\"padding-left: 40px;\">\ud83d\udd0e 2011170529 <a href=\"https:\/\/aplicacions.gestioeducativa.gencat.cat\/pls\/soloas\/pk_for_mod_ins.p_for_detall_activitat?p_header=Llista%20d%27activitats^pk_for_mod_ins.p_for_cons_activitats?p_crp=201%26p_any=2022-2023%26p_totes=s%26p_inici=91%26p_excloure_crp_rec=F&amp;p_codi=2011170529&amp;p_curs=2022-2023&amp;p_es_inscr=S\" target=\"_blank\" rel=\"noopener\">Seminari de continu\u00eftat de la subxarxa EDC <\/a><em><span style=\"color: #808080;\">(mentor del centre: Ferran)*<\/span><\/em><\/p>\n<p style=\"padding-left: 40px;\">\ud83d\udd0e 2011190529 <a href=\"https:\/\/aplicacions.gestioeducativa.gencat.cat\/pls\/soloas\/pk_for_mod_ins.p_for_detall_activitat?p_header=Llista%20d%27activitats^pk_for_mod_ins.p_for_cons_activitats?p_crp=201%26p_any=2022-2023%26p_totes=s%26p_inici=91%26p_excloure_crp_rec=F&amp;p_codi=2011190529&amp;p_curs=2022-2023&amp;p_es_inscr=S\" target=\"_blank\" rel=\"noopener\">Seminari de continu\u00eftat de la subxarxa EDC <\/a><em><span style=\"color: #808080;\">(mentor del centre: Ra\u00fal)*<\/span><\/em><\/p>\n<p><span style=\"color: #808080;\">\u00a0 \u00a0 \u00a0 \u00a0 \u00a0*Cal fer la inscripci\u00f3 tenint en compte el mentor\/a que acompanya el vostre centre en l&#8217;Estrat\u00e8gia digital de Centre.\u00a0<\/span><\/p>\n<h6>\ud83d\udcd7 <span style=\"color: #000000;\"><strong>Subxarxa de coordinaci\u00f3 digital de centre (CDC)<\/strong><\/span><\/h6>\n<p style=\"padding-left: 40px;\">Adre\u00e7at a coordinadores i coordinadors digitals de centre | <a href=\"https:\/\/youtu.be\/oWVGF0DtHwA\" target=\"_blank\" rel=\"noopener\"><span style=\"color: #999999;\">V\u00eddeo presentaci\u00f315\/09\/2022<\/span><\/a><br \/>\nNodes: <a href=\"https:\/\/projectes.xtec.cat\/xtcd\/coordinacio-digital-de-centre\/\" target=\"_blank\" rel=\"noopener\">https:\/\/projectes.xtec.cat\/xtcd\/coordinacio-digital-de-centre\/<\/a><\/p>\n<p style=\"padding-left: 40px;\">\ud83d\udd0e 2011140529\u00a0\u00a0\u00a0<a href=\"https:\/\/aplicacions.gestioeducativa.gencat.cat\/pls\/soloas\/pk_for_mod_ins.p_for_detall_activitat?p_header=Llista%20d%27activitats^pk_for_mod_ins.p_for_cons_activitats?p_crp=201%26p_any=2022-2023%26p_totes=s%26p_inici=81%26p_excloure_crp_rec=F&amp;p_codi=2011140529&amp;p_curs=2022-2023&amp;p_es_inscr=S\" target=\"_blank\" rel=\"noopener\">Subxarxa de Coordinaci\u00f3 digital de centres<\/a><\/p>\n<p>*Tota la informaci\u00f3 de les sessions web es pot trobar accedint en el <a href=\"https:\/\/projectes.xtec.cat\/xtcd\/sessions-2022-23\/\" target=\"_blank\" rel=\"noopener\">calendari.<\/a><\/p>\n","protected":false},"excerpt":{"rendered":"<p>El dijous 15\/09\/2022 es va presentar la XTCD. A continuaci\u00f3 trobareu els v\u00eddeos de presentaci\u00f3 de cada subxarxa i el t\u00edtol de l&#8217;activitat publicada al del Pla de Formaci\u00f3 de l&#8217;Alt Pened\u00e8s 22-23.\u00a0<\/p>\n","protected":false},"author":6,"featured_media":11822,"comment_status":"closed","ping_status":"closed","sticky":false,"template":"","format":"standard","meta":{"site-sidebar-layout":"default","site-content-layout":"","ast-site-content-layout":"","site-content-style":"default","site-sidebar-style":"default","ast-global-header-display":"","ast-banner-title-visibility":"","ast-main-header-display":"","ast-hfb-above-header-display":"","ast-hfb-below-header-display":"","ast-hfb-mobile-header-display":"","site-post-title":"","ast-breadcrumbs-content":"","ast-featured-img":"","footer-sml-layout":"","theme-transparent-header-meta":"","adv-header-id-meta":"","stick-header-meta":"","header-above-stick-meta":"","header-main-stick-meta":"","header-below-stick-meta":"","astra-migrate-meta-layouts":"default","ast-page-background-enabled":"default","ast-page-background-meta":{"desktop":{"background-color":"var(--ast-global-color-4)","background-image":"","background-repeat":"repeat","background-position":"center center","background-size":"auto","background-attachment":"scroll","background-type":"","background-media":"","overlay-type":"","overlay-color":"","overlay-opacity":"","overlay-gradient":""},"tablet":{"background-color":"","background-image":"","background-repeat":"repeat","background-position":"center center","background-size":"auto","background-attachment":"scroll","background-type":"","background-media":"","overlay-type":"","overlay-color":"","overlay-opacity":"","overlay-gradient":""},"mobile":{"background-color":"","background-image":"","background-repeat":"repeat","background-position":"center center","background-size":"auto","background-attachment":"scroll","background-type":"","background-media":"","overlay-type":"","overlay-color":"","overlay-opacity":"","overlay-gradient":""}},"ast-content-background-meta":{"desktop":{"background-color":"var(--ast-global-color-5)","background-image":"","background-repeat":"repeat","background-position":"center center","background-size":"auto","background-attachment":"scroll","background-type":"","background-media":"","overlay-type":"","overlay-color":"","overlay-opacity":"","overlay-gradient":""},"tablet":{"background-color":"var(--ast-global-color-5)","background-image":"","background-repeat":"repeat","background-position":"center center","background-size":"auto","background-attachment":"scroll","background-type":"","background-media":"","overlay-type":"","overlay-color":"","overlay-opacity":"","overlay-gradient":""},"mobile":{"background-color":"var(--ast-global-color-5)","background-image":"","background-repeat":"repeat","background-position":"center center","background-size":"auto","background-attachment":"scroll","background-type":"","background-media":"","overlay-type":"","overlay-color":"","overlay-opacity":"","overlay-gradient":""}},"footnotes":""},"categories":[1,29,737],"tags":[805],"class_list":["post-11817","post","type-post","status-publish","format-standard","has-post-thumbnail","hentry","category-general","category-portada","category-xtcd","tag-curs-2022-2023"],"post_mailing_queue_ids":[],"_links":{"self":[{"href":"https:\/\/serveiseducatius.xtec.cat\/altpenedes\/wp-json\/wp\/v2\/posts\/11817","targetHints":{"allow":["GET"]}}],"collection":[{"href":"https:\/\/serveiseducatius.xtec.cat\/altpenedes\/wp-json\/wp\/v2\/posts"}],"about":[{"href":"https:\/\/serveiseducatius.xtec.cat\/altpenedes\/wp-json\/wp\/v2\/types\/post"}],"author":[{"embeddable":true,"href":"https:\/\/serveiseducatius.xtec.cat\/altpenedes\/wp-json\/wp\/v2\/users\/6"}],"replies":[{"embeddable":true,"href":"https:\/\/serveiseducatius.xtec.cat\/altpenedes\/wp-json\/wp\/v2\/comments?post=11817"}],"version-history":[{"count":3,"href":"https:\/\/serveiseducatius.xtec.cat\/altpenedes\/wp-json\/wp\/v2\/posts\/11817\/revisions"}],"predecessor-version":[{"id":11831,"href":"https:\/\/serveiseducatius.xtec.cat\/altpenedes\/wp-json\/wp\/v2\/posts\/11817\/revisions\/11831"}],"wp:featuredmedia":[{"embeddable":true,"href":"https:\/\/serveiseducatius.xtec.cat\/altpenedes\/wp-json\/wp\/v2\/media\/11822"}],"wp:attachment":[{"href":"https:\/\/serveiseducatius.xtec.cat\/altpenedes\/wp-json\/wp\/v2\/media?parent=11817"}],"wp:term":[{"taxonomy":"category","embeddable":true,"href":"https:\/\/serveiseducatius.xtec.cat\/altpenedes\/wp-json\/wp\/v2\/categories?post=11817"},{"taxonomy":"post_tag","embeddable":true,"href":"https:\/\/serveiseducatius.xtec.cat\/altpenedes\/wp-json\/wp\/v2\/tags?post=11817"}],"curies":[{"name":"wp","href":"https:\/\/api.w.org\/{rel}","templated":true}]}}