{"id":11573,"date":"2022-05-04T13:03:58","date_gmt":"2022-05-04T11:03:58","guid":{"rendered":"https:\/\/serveiseducatius.xtec.cat\/altpenedes\/?p=11573"},"modified":"2022-05-13T13:00:05","modified_gmt":"2022-05-13T11:00:05","slug":"treballs-seleccionats-1a-fase-ix-jocs-florals-2022-a-lalt-penedes","status":"publish","type":"post","link":"https:\/\/serveiseducatius.xtec.cat\/altpenedes\/portada\/treballs-seleccionats-1a-fase-ix-jocs-florals-2022-a-lalt-penedes\/","title":{"rendered":"Treballs seleccionats 1a fase IX Jocs Florals 2022 a l&#8217;Alt Pened\u00e8s"},"content":{"rendered":"<p>El dimarts 3 de maig de 2022 s&#8217;ha reunit virtualment el jurat del Servei Educatiu de l\u2019Alt Pened\u00e8s per seleccionar els treballs de la 1a fase dels <strong>IX Jocs Florals Escolars de Catalunya<\/strong>.<\/p>\n<p><img loading=\"lazy\" decoding=\"async\" class=\"size-medium wp-image-11022 alignright\" src=\"https:\/\/serveiseducatius.xtec.cat\/altpenedes\/wp-content\/uploads\/usu763\/2021\/05\/Jocs-Florals_logo-vermell-300x178.png\" alt=\"\" width=\"300\" height=\"178\" srcset=\"https:\/\/serveiseducatius.xtec.cat\/altpenedes\/wp-content\/uploads\/usu763\/2021\/05\/Jocs-Florals_logo-vermell-300x178.png 300w, https:\/\/serveiseducatius.xtec.cat\/altpenedes\/wp-content\/uploads\/usu763\/2021\/05\/Jocs-Florals_logo-vermell-150x89.png 150w, https:\/\/serveiseducatius.xtec.cat\/altpenedes\/wp-content\/uploads\/usu763\/2021\/05\/Jocs-Florals_logo-vermell-768x455.png 768w, https:\/\/serveiseducatius.xtec.cat\/altpenedes\/wp-content\/uploads\/usu763\/2021\/05\/Jocs-Florals_logo-vermell-1024x607.png 1024w, https:\/\/serveiseducatius.xtec.cat\/altpenedes\/wp-content\/uploads\/usu763\/2021\/05\/Jocs-Florals_logo-vermell.png 1085w\" sizes=\"auto, (max-width: 300px) 100vw, 300px\" \/>El jurat format per:<\/p>\n<ul>\n<li style=\"font-weight: 400;\" aria-level=\"1\"><b>Rosa Vidal <\/b><span style=\"font-weight: 400;\">assessora LIC dels serveis educatius de l\u2019Alt Pened\u00e8s<\/span><\/li>\n<li style=\"font-weight: 400;\" aria-level=\"1\"><b>August Garc\u00eda <\/b><span style=\"font-weight: 400;\">representant del professorat d\u2019infantil i prim\u00e0ria.<\/span><\/li>\n<li style=\"font-weight: 400;\" aria-level=\"1\"><b>\u00d2scar Bladas<\/b>\u00a0<span style=\"font-weight: 400;\">representant del professorat de secund\u00e0ria.<\/span><\/li>\n<li style=\"font-weight: 400;\" aria-level=\"1\"><b>Xavier Bayer <\/b><span style=\"font-weight: 400;\">representant del m\u00f3n literari infantil i juvenil.<\/span><\/li>\n<li style=\"font-weight: 400;\" aria-level=\"1\"><b style=\"font-family: inherit; font-size: 1em;\">M\u00f2nica Quintero <\/b><span style=\"font-weight: 400;\">professional del CREDA Comarques IV<\/span><\/li>\n<\/ul>\n<p>Ha seleccionat els seg\u00fcents treballs, un per a cada categoria presentada:<\/p>\n<ul>\n<li style=\"list-style-type: none;\">\n<ul>\n<li style=\"list-style-type: none;\">\n<ul style=\"list-style-type: square;\">\n<li><strong>A1.<\/strong> Alumnat del cicle inicial d&#8217;educaci\u00f3 prim\u00e0ria, prosa. L&#8217;escrit titulat <strong>El drac sense sabates <\/strong>del grup d\u2019alumnes de Cicle Inicial de l\u2019escola El Castellot de Castellv\u00ed de la Marca.<\/li>\n<li><strong>A2.<\/strong> Alumnat del cicle inicial d&#8217;educaci\u00f3 prim\u00e0ria, poesia. L\u2019escrit titulat\u00a0<strong>La pizza de pop<\/strong> del grup d\u2019alumnes de Cicle Inicial de l\u2019escola El Castellot de Castellv\u00ed de la Marca.<\/li>\n<li><strong>B1.<\/strong> Alumnat del cicle mitj\u00e0 d&#8217;educaci\u00f3 prim\u00e0ria, prosa. L\u2019escrit titulat\u00a0<strong>El que salva una selva<\/strong> del grup d\u2019alumnes de Cicle Mitj\u00e0 de l\u2019escola El Castellot de Castellv\u00ed de la Marca.<\/li>\n<li><strong>B2.<\/strong> Alumnat del cicle mitj\u00e0 d&#8217;educaci\u00f3 prim\u00e0ria, poesia.\u00a0L\u2019escrit titulat\u00a0<strong>Nosaltres diem no!<\/strong> del grup d\u2019alumnes de Cicle Mitj\u00e0 de l\u2019escola Doctor Samaranch i Fina de Santa Margarida i els Monjos.<\/li>\n<li><strong>C1.<\/strong> Alumnat del cicle superior d&#8217;educaci\u00f3 prim\u00e0ria, prosa. L\u2019escrit titulat\u00a0<strong>La Balena<\/strong> del grup d\u2019alumnes de Cicle Superior de l\u2019escola\u00a0El Castellot de Castellv\u00ed de la Marca.<\/li>\n<li><strong>C2.<\/strong> Alumnat del cicle superior d&#8217;educaci\u00f3 prim\u00e0ria, poesia. L\u2019escrit titulat <b>La maced\u00f2nia <\/b>del grup d\u2019alumnes de Cicle Superior de l\u2019escola El Drac de Pacs del Pened\u00e8s.<\/li>\n<li><strong>H.<\/strong> Conte audiovisual i il\u00b7lustrat per a tot l\u2019alumnat de prim\u00e0ria. El\u00a0conte audiovisual i il\u00b7lustrat <strong>El llop i la can\u00e7\u00f3 del bosc<\/strong> del grup d\u2019alumnes de l&#8217;escola El Drac de Pacs del Pened\u00e8s.<\/li>\n<\/ul>\n<\/li>\n<\/ul>\n<\/li>\n<\/ul>\n<p>Durant la deliberaci\u00f3 s&#8217;ha mantingut l\u2019anonimat tant dels centres com del grup d&#8217;alumnes, autors i autores dels escrits presentats dels diferents centres educatius de la comarca de l\u2019Alt Pened\u00e8s.<\/p>\n<p><span style=\"color: #000000;\">No s&#8217;ha presentat cap treball de les categories D1, D2 de prim\u00e0ria i E1, E2, F1, F2, G1 i G2 de secund\u00e0ria.<\/span><\/p>\n<p style=\"text-align: center;\"><strong>Gr\u00e0cies per la vostra participaci\u00f3, felicitats als seleccionats i molta sort en la seg\u00fcent fase!<\/strong><\/p>\n<p><strong>2a fase<\/strong><br \/>\nD\u2019entre tots els treballs seleccionats en la primera fase, el jurat n\u2019escollir\u00e0 quinze, un per categoria, que passaran a la tercera fase.<br \/>\nEls Serveis Territorials constituiran un jurat format per professionals amb els mateixos perfils que consten a la fase 1.<\/p>\n<p><strong>3a fase<\/strong><br \/>\nFinal dels Jocs Florals de Catalunya,\u00a0<strong>dissabte 18 de juny.<\/strong>\u00a0Es comunicar\u00e0 el lloc on es desenvolupar\u00e0 l\u2019acte m\u00e9s endavant. Els treballs guardonats es publicaran a la p\u00e0gina web.<\/p>\n<p>&nbsp;<\/p>\n<p><span style=\"font-family: inherit; font-size: 1em;\">Podeu trobar tota la informaci\u00f3 a l\u2019adre\u00e7a oficial dels Jocs Florals: <\/span><a style=\"font-family: inherit; font-size: 1em;\" href=\"http:\/\/xtec.gencat.cat\/ca\/centres\/alscentres\/premis\/jocsflorals\" target=\"_blank\" rel=\"noopener noreferrer\">http:\/\/xtec.gencat.cat\/ca\/centres\/alscentres\/premis\/jocsflorals<\/a><\/p>\n","protected":false},"excerpt":{"rendered":"<p>Consulteu els treballs seleccionats de la 1a fase dels IX Jocs Florals Escolars de Catalunya.<\/p>\n","protected":false},"author":6,"featured_media":11022,"comment_status":"open","ping_status":"closed","sticky":false,"template":"","format":"standard","meta":{"site-sidebar-layout":"default","site-content-layout":"","ast-site-content-layout":"","site-content-style":"default","site-sidebar-style":"default","ast-global-header-display":"","ast-banner-title-visibility":"","ast-main-header-display":"","ast-hfb-above-header-display":"","ast-hfb-below-header-display":"","ast-hfb-mobile-header-display":"","site-post-title":"","ast-breadcrumbs-content":"","ast-featured-img":"","footer-sml-layout":"","theme-transparent-header-meta":"","adv-header-id-meta":"","stick-header-meta":"","header-above-stick-meta":"","header-main-stick-meta":"","header-below-stick-meta":"","astra-migrate-meta-layouts":"default","ast-page-background-enabled":"default","ast-page-background-meta":{"desktop":{"background-color":"var(--ast-global-color-4)","background-image":"","background-repeat":"repeat","background-position":"center center","background-size":"auto","background-attachment":"scroll","background-type":"","background-media":"","overlay-type":"","overlay-color":"","overlay-opacity":"","overlay-gradient":""},"tablet":{"background-color":"","background-image":"","background-repeat":"repeat","background-position":"center center","background-size":"auto","background-attachment":"scroll","background-type":"","background-media":"","overlay-type":"","overlay-color":"","overlay-opacity":"","overlay-gradient":""},"mobile":{"background-color":"","background-image":"","background-repeat":"repeat","background-position":"center center","background-size":"auto","background-attachment":"scroll","background-type":"","background-media":"","overlay-type":"","overlay-color":"","overlay-opacity":"","overlay-gradient":""}},"ast-content-background-meta":{"desktop":{"background-color":"var(--ast-global-color-5)","background-image":"","background-repeat":"repeat","background-position":"center center","background-size":"auto","background-attachment":"scroll","background-type":"","background-media":"","overlay-type":"","overlay-color":"","overlay-opacity":"","overlay-gradient":""},"tablet":{"background-color":"var(--ast-global-color-5)","background-image":"","background-repeat":"repeat","background-position":"center center","background-size":"auto","background-attachment":"scroll","background-type":"","background-media":"","overlay-type":"","overlay-color":"","overlay-opacity":"","overlay-gradient":""},"mobile":{"background-color":"var(--ast-global-color-5)","background-image":"","background-repeat":"repeat","background-position":"center center","background-size":"auto","background-attachment":"scroll","background-type":"","background-media":"","overlay-type":"","overlay-color":"","overlay-opacity":"","overlay-gradient":""}},"footnotes":""},"categories":[71,29],"tags":[752,479],"class_list":["post-11573","post","type-post","status-publish","format-standard","has-post-thumbnail","hentry","category-jocs-florals","category-portada","tag-curs-2021-2022","tag-jocs-florals-escolars"],"post_mailing_queue_ids":[],"_links":{"self":[{"href":"https:\/\/serveiseducatius.xtec.cat\/altpenedes\/wp-json\/wp\/v2\/posts\/11573","targetHints":{"allow":["GET"]}}],"collection":[{"href":"https:\/\/serveiseducatius.xtec.cat\/altpenedes\/wp-json\/wp\/v2\/posts"}],"about":[{"href":"https:\/\/serveiseducatius.xtec.cat\/altpenedes\/wp-json\/wp\/v2\/types\/post"}],"author":[{"embeddable":true,"href":"https:\/\/serveiseducatius.xtec.cat\/altpenedes\/wp-json\/wp\/v2\/users\/6"}],"replies":[{"embeddable":true,"href":"https:\/\/serveiseducatius.xtec.cat\/altpenedes\/wp-json\/wp\/v2\/comments?post=11573"}],"version-history":[{"count":3,"href":"https:\/\/serveiseducatius.xtec.cat\/altpenedes\/wp-json\/wp\/v2\/posts\/11573\/revisions"}],"predecessor-version":[{"id":11613,"href":"https:\/\/serveiseducatius.xtec.cat\/altpenedes\/wp-json\/wp\/v2\/posts\/11573\/revisions\/11613"}],"wp:featuredmedia":[{"embeddable":true,"href":"https:\/\/serveiseducatius.xtec.cat\/altpenedes\/wp-json\/wp\/v2\/media\/11022"}],"wp:attachment":[{"href":"https:\/\/serveiseducatius.xtec.cat\/altpenedes\/wp-json\/wp\/v2\/media?parent=11573"}],"wp:term":[{"taxonomy":"category","embeddable":true,"href":"https:\/\/serveiseducatius.xtec.cat\/altpenedes\/wp-json\/wp\/v2\/categories?post=11573"},{"taxonomy":"post_tag","embeddable":true,"href":"https:\/\/serveiseducatius.xtec.cat\/altpenedes\/wp-json\/wp\/v2\/tags?post=11573"}],"curies":[{"name":"wp","href":"https:\/\/api.w.org\/{rel}","templated":true}]}}