{"id":10954,"date":"2021-03-19T08:05:16","date_gmt":"2021-03-19T07:05:16","guid":{"rendered":"http:\/\/serveiseducatius.xtec.cat\/altpenedes\/?p=10954"},"modified":"2021-03-18T21:14:23","modified_gmt":"2021-03-18T20:14:23","slug":"visites-virtuals-guiades-entre-centres","status":"publish","type":"post","link":"https:\/\/serveiseducatius.xtec.cat\/altpenedes\/general\/visites-virtuals-guiades-entre-centres\/","title":{"rendered":"Visites virtuals guiades entre centres"},"content":{"rendered":"<p><img loading=\"lazy\" decoding=\"async\" class=\"size-medium wp-image-10955 alignright\" src=\"https:\/\/serveiseducatius.xtec.cat\/altpenedes\/wp-content\/uploads\/usu763\/2021\/03\/visites-virtuals-guiades-300x169.jpg\" alt=\"\" width=\"300\" height=\"169\" data-wp-editing=\"1\" srcset=\"https:\/\/serveiseducatius.xtec.cat\/altpenedes\/wp-content\/uploads\/usu763\/2021\/03\/visites-virtuals-guiades-300x169.jpg 300w, https:\/\/serveiseducatius.xtec.cat\/altpenedes\/wp-content\/uploads\/usu763\/2021\/03\/visites-virtuals-guiades-150x84.jpg 150w, https:\/\/serveiseducatius.xtec.cat\/altpenedes\/wp-content\/uploads\/usu763\/2021\/03\/visites-virtuals-guiades-768x432.jpg 768w, https:\/\/serveiseducatius.xtec.cat\/altpenedes\/wp-content\/uploads\/usu763\/2021\/03\/visites-virtuals-guiades-1024x576.jpg 1024w, https:\/\/serveiseducatius.xtec.cat\/altpenedes\/wp-content\/uploads\/usu763\/2021\/03\/visites-virtuals-guiades.jpg 1501w\" sizes=\"auto, (max-width: 300px) 100vw, 300px\" \/>Una de les accions m\u00e9s valuoses en l\u2019aprenentatge entre centres \u00e9s la realitzaci\u00f3 de visites a centres. El Laboratori organitza aquestes trobades condicionats per la situaci\u00f3 de pand\u00e8mia i les mesures sanit\u00e0ries que impedeixen les visites presencials. \u00c9s per aix\u00f2 que, enguany, des del Laboratori us proposem les <strong>\u201cVisites virtuals guiades entre centres\u201d<\/strong>.<\/p>\n<p>Demanem a centres referents del Laboratori que comparteixin la seva expertesa i experi\u00e8ncia en aquells aspectes de la transformaci\u00f3 educativa en qu\u00e8 el seu projecte educatiu i la seva pr\u00e0ctica docent excel\u00b7leixen. Creiem que \u00e9s fonamental l\u2019aprenentatge en xarxa, la construcci\u00f3 compartida i el reconeixement d\u2019experi\u00e8ncies reeixides. \u00c9s per aix\u00f2 que els demanem que esdevinguin centres amfitrions d&#8217;una visita virtual guiada. Aquests mateixos centres referents, juntament amb els centres facilitats del Laboratori, poden esdevenir centres visitants en d\u2019altres visites virtuals.<\/p>\n<p>Les visites tindran una durada aproximada d\u20191 hora, i seguiran la seg\u00fcent estructura:<\/p>\n<ol>\n<li style=\"list-style-type: none;\">\n<ol>\n<li>Contextualitzaci\u00f3 de la visita en relaci\u00f3 al prop\u00f2sit educatiu del centre i als eixos de la transformaci\u00f3 educativa orientada a l&#8217;organitzaci\u00f3 i gesti\u00f3, les metodologies i l&#8217;ecosistema i treball en xarxa.<\/li>\n<li>Emissi\u00f3 d&#8217;un v\u00eddeo, enregistrat pr\u00e8viament pel centre, que visualitza i exemplifica all\u00f2 explicat. En aquest v\u00eddeo, el centre amfitri\u00f3 mostra diferents aspectes de la seva pr\u00e0ctica educativa, centrada en un o m\u00e9s dels tres eixos de la transformaci\u00f3 educativa en els quals excel\u00b7leixen.<\/li>\n<li>Debat posterior entre les representants del centre amfitri\u00f3 i les persones interessades a fer-ho com a convidades.<\/li>\n<li>Valoraci\u00f3 final i retorn al centre amfitri\u00f3 mitjan\u00e7ant un q\u00fcestionari.<\/li>\n<\/ol>\n<\/li>\n<\/ol>\n<p>Totes les visites s\u2019emetran en directe a trav\u00e9s del<strong> <a href=\"https:\/\/www.youtube.com\/playlist?list=PLuALtkX3StgCx95LjBq5Kqjm0hOyyFd0L\" target=\"_blank\" rel=\"noopener noreferrer\">canal YouTube del Laboratori de Transformaci\u00f3 Educativa<\/a><\/strong> i hi quedaran registrades per a una posterior visualitzaci\u00f3.<\/p>\n<p>Aquest curs preveiem fer 2 torns de visites virtuals, sempre en horari lectiu:<\/p>\n<ul>\n<li>Entre el 12 i el 16 d&#8217;abril de 2021<\/li>\n<li>Entre el 26 i el 30 d&#8217;abril de 2021<\/li>\n<\/ul>\n<p>Els v\u00eddeos de les visites virtuals guiades en centres formaran part de la col\u00b7lecci\u00f3 <a href=\"https:\/\/projectes.xtec.cat\/transformacioenxarxa\/transformar-per-innovar\/inspirar-la-transformacio-educativa\/\" target=\"_blank\" rel=\"noopener noreferrer\"><strong>Inspirar la Transformaci\u00f3 Educativa<\/strong><\/a> de la iniciativa <a href=\"https:\/\/projectes.xtec.cat\/transformacioenxarxa\/transformar-per-innovar\/\" target=\"_blank\" rel=\"noopener noreferrer\"><strong>Transformar per innovar<\/strong><\/a>.<\/p>\n<p>Disposeu de m\u00e9s informaci\u00f3 a l\u2019article <a href=\"https:\/\/projectes.xtec.cat\/transformacioenxarxa\/general\/organitzacio-de-les-visites-virtuals-guiades-2021\/\" target=\"_blank\" rel=\"noopener noreferrer\"><strong>Visites Virtuals Guiades<\/strong><\/a>.<\/p>\n<p style=\"text-align: right;\"><strong>L&#8217;Equip del Laboratori de Transformaci\u00f3 Educativa<\/strong><\/p>\n","protected":false},"excerpt":{"rendered":"<p>Totes les visites s\u2019emetran en directe a trav\u00e9s del<strong> <a href=\"https:\/\/www.youtube.com\/playlist?list=PLuALtkX3StgCx95LjBq5Kqjm0hOyyFd0L\" target=\"_blank\" rel=\"noopener noreferrer\">canal YouTube del Laboratori de Transformaci\u00f3 Educativa<\/a><\/strong> i hi quedaran registrades per a una posterior visualitzaci\u00f3.<\/p>\n","protected":false},"author":6,"featured_media":10955,"comment_status":"open","ping_status":"closed","sticky":false,"template":"","format":"standard","meta":{"site-sidebar-layout":"default","site-content-layout":"","ast-site-content-layout":"","site-content-style":"default","site-sidebar-style":"default","ast-global-header-display":"","ast-banner-title-visibility":"","ast-main-header-display":"","ast-hfb-above-header-display":"","ast-hfb-below-header-display":"","ast-hfb-mobile-header-display":"","site-post-title":"","ast-breadcrumbs-content":"","ast-featured-img":"","footer-sml-layout":"","theme-transparent-header-meta":"","adv-header-id-meta":"","stick-header-meta":"","header-above-stick-meta":"","header-main-stick-meta":"","header-below-stick-meta":"","astra-migrate-meta-layouts":"default","ast-page-background-enabled":"default","ast-page-background-meta":{"desktop":{"background-color":"var(--ast-global-color-4)","background-image":"","background-repeat":"repeat","background-position":"center center","background-size":"auto","background-attachment":"scroll","background-type":"","background-media":"","overlay-type":"","overlay-color":"","overlay-opacity":"","overlay-gradient":""},"tablet":{"background-color":"","background-image":"","background-repeat":"repeat","background-position":"center center","background-size":"auto","background-attachment":"scroll","background-type":"","background-media":"","overlay-type":"","overlay-color":"","overlay-opacity":"","overlay-gradient":""},"mobile":{"background-color":"","background-image":"","background-repeat":"repeat","background-position":"center center","background-size":"auto","background-attachment":"scroll","background-type":"","background-media":"","overlay-type":"","overlay-color":"","overlay-opacity":"","overlay-gradient":""}},"ast-content-background-meta":{"desktop":{"background-color":"var(--ast-global-color-5)","background-image":"","background-repeat":"repeat","background-position":"center center","background-size":"auto","background-attachment":"scroll","background-type":"","background-media":"","overlay-type":"","overlay-color":"","overlay-opacity":"","overlay-gradient":""},"tablet":{"background-color":"var(--ast-global-color-5)","background-image":"","background-repeat":"repeat","background-position":"center center","background-size":"auto","background-attachment":"scroll","background-type":"","background-media":"","overlay-type":"","overlay-color":"","overlay-opacity":"","overlay-gradient":""},"mobile":{"background-color":"var(--ast-global-color-5)","background-image":"","background-repeat":"repeat","background-position":"center center","background-size":"auto","background-attachment":"scroll","background-type":"","background-media":"","overlay-type":"","overlay-color":"","overlay-opacity":"","overlay-gradient":""}},"footnotes":""},"categories":[222,1,29],"tags":[721],"class_list":["post-10954","post","type-post","status-publish","format-standard","has-post-thumbnail","hentry","category-sstt","category-general","category-portada","tag-curs-2020-2021"],"post_mailing_queue_ids":[],"_links":{"self":[{"href":"https:\/\/serveiseducatius.xtec.cat\/altpenedes\/wp-json\/wp\/v2\/posts\/10954","targetHints":{"allow":["GET"]}}],"collection":[{"href":"https:\/\/serveiseducatius.xtec.cat\/altpenedes\/wp-json\/wp\/v2\/posts"}],"about":[{"href":"https:\/\/serveiseducatius.xtec.cat\/altpenedes\/wp-json\/wp\/v2\/types\/post"}],"author":[{"embeddable":true,"href":"https:\/\/serveiseducatius.xtec.cat\/altpenedes\/wp-json\/wp\/v2\/users\/6"}],"replies":[{"embeddable":true,"href":"https:\/\/serveiseducatius.xtec.cat\/altpenedes\/wp-json\/wp\/v2\/comments?post=10954"}],"version-history":[{"count":1,"href":"https:\/\/serveiseducatius.xtec.cat\/altpenedes\/wp-json\/wp\/v2\/posts\/10954\/revisions"}],"predecessor-version":[{"id":10956,"href":"https:\/\/serveiseducatius.xtec.cat\/altpenedes\/wp-json\/wp\/v2\/posts\/10954\/revisions\/10956"}],"wp:featuredmedia":[{"embeddable":true,"href":"https:\/\/serveiseducatius.xtec.cat\/altpenedes\/wp-json\/wp\/v2\/media\/10955"}],"wp:attachment":[{"href":"https:\/\/serveiseducatius.xtec.cat\/altpenedes\/wp-json\/wp\/v2\/media?parent=10954"}],"wp:term":[{"taxonomy":"category","embeddable":true,"href":"https:\/\/serveiseducatius.xtec.cat\/altpenedes\/wp-json\/wp\/v2\/categories?post=10954"},{"taxonomy":"post_tag","embeddable":true,"href":"https:\/\/serveiseducatius.xtec.cat\/altpenedes\/wp-json\/wp\/v2\/tags?post=10954"}],"curies":[{"name":"wp","href":"https:\/\/api.w.org\/{rel}","templated":true}]}}