{"id":10712,"date":"2021-01-01T08:30:42","date_gmt":"2021-01-01T07:30:42","guid":{"rendered":"http:\/\/serveiseducatius.xtec.cat\/altpenedes\/?p=10712"},"modified":"2021-01-11T11:46:47","modified_gmt":"2021-01-11T10:46:47","slug":"oferta-formativa-del-cesire","status":"publish","type":"post","link":"https:\/\/serveiseducatius.xtec.cat\/altpenedes\/portada\/oferta-formativa-del-cesire\/","title":{"rendered":"Oferta formativa del CESIRE"},"content":{"rendered":"<p><img loading=\"lazy\" decoding=\"async\" class=\"size-medium wp-image-10713 alignright\" src=\"https:\/\/serveiseducatius.xtec.cat\/altpenedes\/wp-content\/uploads\/usu763\/2020\/12\/cesire_formacions-300x159.png\" alt=\"\" width=\"300\" height=\"159\" srcset=\"https:\/\/serveiseducatius.xtec.cat\/altpenedes\/wp-content\/uploads\/usu763\/2020\/12\/cesire_formacions-300x159.png 300w, https:\/\/serveiseducatius.xtec.cat\/altpenedes\/wp-content\/uploads\/usu763\/2020\/12\/cesire_formacions-150x79.png 150w, https:\/\/serveiseducatius.xtec.cat\/altpenedes\/wp-content\/uploads\/usu763\/2020\/12\/cesire_formacions.png 310w\" sizes=\"auto, (max-width: 300px) 100vw, 300px\" \/><strong>Oferta formativa del CESIRE<\/strong>, des de l&#8217;<strong>\u00e0mbit infantil i ling\u00fc\u00edstic<\/strong>, que\u00a0<b>comen\u00e7aran a partir del mes de gener.\u00a0<\/b><\/p>\n<p>Aqu\u00ed trobareu tots els enlla\u00e7os amb la informaci\u00f3 necess\u00e0ria per poder-s&#8217;hi <strong>inscriure a partir de l&#8217;1 de gener<\/strong>.<\/p>\n<ul>\n<li><strong>9000030532<\/strong> <a href=\"https:\/\/aplicacions.gestioeducativa.gencat.cat\/pls\/soloas\/pk_for_mod_ins.p_for_detall_activitat?p_codi=9000030532&amp;p_curs=2020-2021&amp;p_es_inscr=S\" target=\"_blank\" rel=\"noopener noreferrer\">L\u2019acompanyament en l\u2019adquisici\u00f3 de la llengua oral a trav\u00e9s de la literatura<\/a> Curs. Educaci\u00f3 Infantil<\/li>\n<li><strong>9000040532<\/strong> <a href=\"https:\/\/aplicacions.gestioeducativa.gencat.cat\/pls\/soloas\/pk_for_mod_ins.p_for_detall_activitat?p_codi=9000040532&amp;p_curs=2020-2021&amp;p_es_inscr=S\" target=\"_blank\" rel=\"noopener noreferrer\">L&#8217;\u00e0lbum, la lectura en veu alta i la conversa liter\u00e0ria<\/a> Curs. Prim\u00e0ria-Secund\u00e0ria<\/li>\n<li><strong>9000050532<\/strong> <a href=\"https:\/\/aplicacions.gestioeducativa.gencat.cat\/pls\/soloas\/pk_for_mod_ins.p_for_detall_activitat?p_codi=9000050532&amp;p_curs=2020-2021&amp;p_es_inscr=S\" target=\"_blank\" rel=\"noopener noreferrer\">Jugar la ficci\u00f3: el videojoc com a forma de cultura en l&#8217;educaci\u00f3 liter\u00e0ria de la inf\u00e0ncia i la joventut<\/a> Curs. Internivells: Educaci\u00f3 Infantil-Prim\u00e0ria-Secund\u00e0ria<\/li>\n<li><strong>9004550532<\/strong> <a href=\"https:\/\/aplicacions.gestioeducativa.gencat.cat\/pls\/soloas\/pk_for_mod_ins.p_for_detall_activitat?p_codi=9004550532&amp;p_curs=2020-2021&amp;p_es_inscr=S\" target=\"_blank\" rel=\"noopener noreferrer\">Dificultats en la relaci\u00f3 comunicaci\u00f3 i llenguatge<\/a> Curs. Educaci\u00f3 Infantil<\/li>\n<\/ul>\n<hr \/>\n<h4><strong>Comunitat STEAMcat<\/strong><\/h4>\n<p>Enguany hem preparat una formaci\u00f3 sobre <strong>Did\u00e0ctica de les ci\u00e8ncies des d&#8217;una perspectiva STEAM<\/strong>, preparada per les nostres ambaixadores Cati Quintana, Olga Monta\u00f1a i Olga Fuertes. Al llarg de la formaci\u00f3 podreu comptar amb la pres\u00e8ncia de persones de gran recorregut dins el m\u00f3n cient\u00edfic:<\/p>\n<p style=\"padding-left: 40px;\"><a href=\"https:\/\/jordidomenechportfolio.wordpress.com\/\" target=\"_blank\" rel=\"noopener noreferrer\">Jordi Dom\u00e8nech<\/a> (indagaci\u00f3)<br \/>\n<a href=\"https:\/\/stemabp.wordpress.com\/2016\/12\/16\/marcel-costa\/\" target=\"_blank\" rel=\"noopener noreferrer\">Marcel Costa<\/a> (controv\u00e8rsies sociocient\u00edfiques)<br \/>\n<a href=\"https:\/\/twitter.com\/cristinapuig9?lang=ca\" target=\"_blank\" rel=\"noopener noreferrer\">Cristina Puig<\/a> i <a href=\"https:\/\/www.ceab.csic.es\/personal\/gemma-agell-llobet\/\" target=\"_blank\" rel=\"noopener noreferrer\">Gemma Agell<\/a> (ci\u00e8ncia ciutadana)<br \/>\n<a href=\"https:\/\/twitter.com\/mariondita?lang=ca\" target=\"_blank\" rel=\"noopener noreferrer\">Mariona C\u00edller<\/a> (ci\u00e8ncia i tecnologia)<br \/>\n<a href=\"http:\/\/jaumemalbareda.com\/\" target=\"_blank\" rel=\"noopener noreferrer\">Jaume M Albareda<\/a> (lideratge d&#8217;equips)<\/p>\n<p>\u00c9s un curs de 30h en format telem\u00e0tic (del 2\/2\/2021 al 1\/6\/2021 &#8211; 8 sessions &#8211; de 16:30h a 19:30h)<\/p>\n<p><a href=\"https:\/\/aplicacions.gestioeducativa.gencat.cat\/pls\/soloas\/pk_for_mod_ins.p_for_exhaustiu_activitat?p_header=Llista%20d%27activitats%5Epk_for_mod_ins.p_for_cons_activitats?p_any=2020-2021%26p_totes=N%26p_desc=ci%C3%A8ncies%26p_inici=1%26p_excloure_crp_rec=T*Detall%20d%27activitat%5Epk_for_mod_ins.p_for_detall_activitat?p_codi=9001970532%26p_curs=2020-2021%26p_es_inscr=S&amp;p_codi=9001970532&amp;p_curs=2020-2021&amp;p_es_inscr=S\" target=\"_blank\" rel=\"noopener noreferrer\"><strong>+ informaci\u00f3<\/strong><\/a><br \/>\n<strong><a href=\"https:\/\/aplicacions.gestioeducativa.gencat.cat\/pls\/soloas\/pk_for_mod_ins.p_for_detall_activitat?p_header=Llista%20d%27activitats%5Epk_for_mod_ins.p_for_cons_activitats?p_any=2020-2021%26p_totes=N%26p_desc=ci%C3%A8ncies%26p_inici=1%26p_excloure_crp_rec=T&amp;p_codi=9001970532&amp;p_curs=2020-2021&amp;p_excloure_crp_rec=T\" target=\"_blank\" rel=\"noopener noreferrer\">INSCRIPCI\u00d3 A LA FORMACI\u00d3<\/a><\/strong><\/p>\n<p>Tamb\u00e9 podreu trobar altres formacions d&#8217;inter\u00e8s per al bon desenvolupament del vostre projecte (infantil-prim\u00e0ria-secund\u00e0ria) a la <a href=\"https:\/\/agora.xtec.cat\/cesire\/portada\/noves-formacions-del-cesire\/\" target=\"_blank\" rel=\"noopener noreferrer\">web del CESIRE<\/a><\/p>\n","protected":false},"excerpt":{"rendered":"<p><strong>Oferta formativa del CESIRE<\/strong>, des de l&#8217;<strong>\u00e0mbit infantil i ling\u00fc\u00edstic<\/strong>, que <b>comen\u00e7aran a partir del mes de gener.<\/p>\n","protected":false},"author":6,"featured_media":10713,"comment_status":"open","ping_status":"closed","sticky":false,"template":"","format":"standard","meta":{"site-sidebar-layout":"default","site-content-layout":"","ast-site-content-layout":"","site-content-style":"default","site-sidebar-style":"default","ast-global-header-display":"","ast-banner-title-visibility":"","ast-main-header-display":"","ast-hfb-above-header-display":"","ast-hfb-below-header-display":"","ast-hfb-mobile-header-display":"","site-post-title":"","ast-breadcrumbs-content":"","ast-featured-img":"","footer-sml-layout":"","theme-transparent-header-meta":"","adv-header-id-meta":"","stick-header-meta":"","header-above-stick-meta":"","header-main-stick-meta":"","header-below-stick-meta":"","astra-migrate-meta-layouts":"default","ast-page-background-enabled":"default","ast-page-background-meta":{"desktop":{"background-color":"var(--ast-global-color-4)","background-image":"","background-repeat":"repeat","background-position":"center center","background-size":"auto","background-attachment":"scroll","background-type":"","background-media":"","overlay-type":"","overlay-color":"","overlay-opacity":"","overlay-gradient":""},"tablet":{"background-color":"","background-image":"","background-repeat":"repeat","background-position":"center center","background-size":"auto","background-attachment":"scroll","background-type":"","background-media":"","overlay-type":"","overlay-color":"","overlay-opacity":"","overlay-gradient":""},"mobile":{"background-color":"","background-image":"","background-repeat":"repeat","background-position":"center center","background-size":"auto","background-attachment":"scroll","background-type":"","background-media":"","overlay-type":"","overlay-color":"","overlay-opacity":"","overlay-gradient":""}},"ast-content-background-meta":{"desktop":{"background-color":"var(--ast-global-color-5)","background-image":"","background-repeat":"repeat","background-position":"center center","background-size":"auto","background-attachment":"scroll","background-type":"","background-media":"","overlay-type":"","overlay-color":"","overlay-opacity":"","overlay-gradient":""},"tablet":{"background-color":"var(--ast-global-color-5)","background-image":"","background-repeat":"repeat","background-position":"center center","background-size":"auto","background-attachment":"scroll","background-type":"","background-media":"","overlay-type":"","overlay-color":"","overlay-opacity":"","overlay-gradient":""},"mobile":{"background-color":"var(--ast-global-color-5)","background-image":"","background-repeat":"repeat","background-position":"center center","background-size":"auto","background-attachment":"scroll","background-type":"","background-media":"","overlay-type":"","overlay-color":"","overlay-opacity":"","overlay-gradient":""}},"footnotes":""},"categories":[222,612,29],"tags":[721],"class_list":["post-10712","post","type-post","status-publish","format-standard","has-post-thumbnail","hentry","category-sstt","category-espai-0-6","category-portada","tag-curs-2020-2021"],"post_mailing_queue_ids":[],"_links":{"self":[{"href":"https:\/\/serveiseducatius.xtec.cat\/altpenedes\/wp-json\/wp\/v2\/posts\/10712","targetHints":{"allow":["GET"]}}],"collection":[{"href":"https:\/\/serveiseducatius.xtec.cat\/altpenedes\/wp-json\/wp\/v2\/posts"}],"about":[{"href":"https:\/\/serveiseducatius.xtec.cat\/altpenedes\/wp-json\/wp\/v2\/types\/post"}],"author":[{"embeddable":true,"href":"https:\/\/serveiseducatius.xtec.cat\/altpenedes\/wp-json\/wp\/v2\/users\/6"}],"replies":[{"embeddable":true,"href":"https:\/\/serveiseducatius.xtec.cat\/altpenedes\/wp-json\/wp\/v2\/comments?post=10712"}],"version-history":[{"count":3,"href":"https:\/\/serveiseducatius.xtec.cat\/altpenedes\/wp-json\/wp\/v2\/posts\/10712\/revisions"}],"predecessor-version":[{"id":10731,"href":"https:\/\/serveiseducatius.xtec.cat\/altpenedes\/wp-json\/wp\/v2\/posts\/10712\/revisions\/10731"}],"wp:featuredmedia":[{"embeddable":true,"href":"https:\/\/serveiseducatius.xtec.cat\/altpenedes\/wp-json\/wp\/v2\/media\/10713"}],"wp:attachment":[{"href":"https:\/\/serveiseducatius.xtec.cat\/altpenedes\/wp-json\/wp\/v2\/media?parent=10712"}],"wp:term":[{"taxonomy":"category","embeddable":true,"href":"https:\/\/serveiseducatius.xtec.cat\/altpenedes\/wp-json\/wp\/v2\/categories?post=10712"},{"taxonomy":"post_tag","embeddable":true,"href":"https:\/\/serveiseducatius.xtec.cat\/altpenedes\/wp-json\/wp\/v2\/tags?post=10712"}],"curies":[{"name":"wp","href":"https:\/\/api.w.org\/{rel}","templated":true}]}}