{"id":10660,"date":"2020-12-01T12:43:42","date_gmt":"2020-12-01T11:43:42","guid":{"rendered":"http:\/\/serveiseducatius.xtec.cat\/altpenedes\/?p=10660"},"modified":"2020-12-01T12:48:13","modified_gmt":"2020-12-01T11:48:13","slug":"jornades-de-transformacio-de-centres","status":"publish","type":"post","link":"https:\/\/serveiseducatius.xtec.cat\/altpenedes\/eap\/jornades-de-transformacio-de-centres\/","title":{"rendered":"Jornada Transformaci\u00f3 dels centres d&#8217;Educaci\u00f3 Especial"},"content":{"rendered":"<p><img loading=\"lazy\" decoding=\"async\" class=\"size-medium wp-image-10661 alignright\" src=\"https:\/\/serveiseducatius.xtec.cat\/altpenedes\/wp-content\/uploads\/usu763\/2020\/12\/Jornada-online-DINCAT-300x278.jpg\" alt=\"\" width=\"300\" height=\"278\" srcset=\"https:\/\/serveiseducatius.xtec.cat\/altpenedes\/wp-content\/uploads\/usu763\/2020\/12\/Jornada-online-DINCAT-300x278.jpg 300w, https:\/\/serveiseducatius.xtec.cat\/altpenedes\/wp-content\/uploads\/usu763\/2020\/12\/Jornada-online-DINCAT-150x139.jpg 150w, https:\/\/serveiseducatius.xtec.cat\/altpenedes\/wp-content\/uploads\/usu763\/2020\/12\/Jornada-online-DINCAT.jpg 480w\" sizes=\"auto, (max-width: 300px) 100vw, 300px\" \/>Divendres 11 de desembre de 2020 de 10:30h a 12:30h tindr\u00e0 lloc, de manera virtual, la <strong>Jornada de Transformaci\u00f3 dels centres d&#8217;Educaci\u00f3 Especial<\/strong> que es duen a terme des de <a href=\"https:\/\/www.dincat.cat\/\" target=\"_blank\" rel=\"noopener noreferrer\">Dincat<\/a>.<\/p>\n<p>La presentaci\u00f3 anir\u00e0 a c\u00e0rrec de la sub-directora general d&#8217;Educaci\u00f3 inclusiva del Departmanet d&#8217;Educaci\u00f3, Imma Reguant i dins l&#8217;apartat d&#8217;experi\u00e8ncies dels CEE participants la direcci\u00f3 de l&#8217;EAP B-15 de l&#8217;Alt Pened\u00e8s explicar\u00e0 el Programa CEEPSIR ESPIGA-EAP. Consulteu el <a href=\"https:\/\/drive.google.com\/file\/d\/1Vnv_-6FvLyWXTA0YM1i738EpYPDMZwdk\/view?usp=sharing\" target=\"_blank\" rel=\"noopener noreferrer\">programa de la Jornada online<\/a>.<\/p>\n<p>Tothom interessat pot assistir-hi fent la inscripci\u00f3 a l&#8217;enlla\u00e7: <a href=\"https:\/\/dincat.cat\/jornada-transformaci\u00f3-CEE\" target=\"_blank\" rel=\"noopener noreferrer\">https:\/\/dincat.cat\/jornada-transformaci\u00f3-CEE<\/a><\/p>\n<p>Aquestes jornades s\u00f3n la cloenda de la formaci\u00f3 que varis centres d&#8217;EE han estat duent a terme per a preparar-se per ser escoles d&#8217;excel\u00b7l\u00e8ncia en l&#8217;atenci\u00f3 a l&#8217;alumnat amb discapacitat i esdevenir centres de recursos a la inclusi\u00f3.<\/p>\n<p><iframe loading=\"lazy\" src=\"https:\/\/drive.google.com\/file\/d\/1Vnv_-6FvLyWXTA0YM1i738EpYPDMZwdk\/preview\" width=\"100%\" height=\"480\"><\/iframe><\/p>\n","protected":false},"excerpt":{"rendered":"<p><strong>Divendres 11 de desembre<\/strong> de 2020 de 10:30h a 12:30h tindr\u00e0 lloc, de manera virtual, la <strong>Jornada de Transformaci\u00f3 dels centres d&#8217;Educaci\u00f3 Especial<\/strong> que es duen a terme des de Dincat. Tothom interessat pot assistir-hi fent la inscripci\u00f3 a l&#8217;<a href=\"https:\/\/dincat.cat\/jornada-transformaci\u00f3-CEE\" target=\"_blank\" rel=\"noopener noreferrer\">enlla\u00e7<\/a>. Consulteu el <a href=\"https:\/\/drive.google.com\/file\/d\/1Vnv_-6FvLyWXTA0YM1i738EpYPDMZwdk\/view?usp=sharing\" target=\"_blank\" rel=\"noopener noreferrer\">programa de la Jornada online<\/a>.<\/p>\n","protected":false},"author":6,"featured_media":10661,"comment_status":"closed","ping_status":"closed","sticky":false,"template":"","format":"standard","meta":{"site-sidebar-layout":"default","site-content-layout":"","ast-site-content-layout":"","site-content-style":"default","site-sidebar-style":"default","ast-global-header-display":"","ast-banner-title-visibility":"","ast-main-header-display":"","ast-hfb-above-header-display":"","ast-hfb-below-header-display":"","ast-hfb-mobile-header-display":"","site-post-title":"","ast-breadcrumbs-content":"","ast-featured-img":"","footer-sml-layout":"","theme-transparent-header-meta":"","adv-header-id-meta":"","stick-header-meta":"","header-above-stick-meta":"","header-main-stick-meta":"","header-below-stick-meta":"","astra-migrate-meta-layouts":"default","ast-page-background-enabled":"default","ast-page-background-meta":{"desktop":{"background-color":"var(--ast-global-color-4)","background-image":"","background-repeat":"repeat","background-position":"center center","background-size":"auto","background-attachment":"scroll","background-type":"","background-media":"","overlay-type":"","overlay-color":"","overlay-opacity":"","overlay-gradient":""},"tablet":{"background-color":"","background-image":"","background-repeat":"repeat","background-position":"center center","background-size":"auto","background-attachment":"scroll","background-type":"","background-media":"","overlay-type":"","overlay-color":"","overlay-opacity":"","overlay-gradient":""},"mobile":{"background-color":"","background-image":"","background-repeat":"repeat","background-position":"center center","background-size":"auto","background-attachment":"scroll","background-type":"","background-media":"","overlay-type":"","overlay-color":"","overlay-opacity":"","overlay-gradient":""}},"ast-content-background-meta":{"desktop":{"background-color":"var(--ast-global-color-5)","background-image":"","background-repeat":"repeat","background-position":"center center","background-size":"auto","background-attachment":"scroll","background-type":"","background-media":"","overlay-type":"","overlay-color":"","overlay-opacity":"","overlay-gradient":""},"tablet":{"background-color":"var(--ast-global-color-5)","background-image":"","background-repeat":"repeat","background-position":"center center","background-size":"auto","background-attachment":"scroll","background-type":"","background-media":"","overlay-type":"","overlay-color":"","overlay-opacity":"","overlay-gradient":""},"mobile":{"background-color":"var(--ast-global-color-5)","background-image":"","background-repeat":"repeat","background-position":"center center","background-size":"auto","background-attachment":"scroll","background-type":"","background-media":"","overlay-type":"","overlay-color":"","overlay-opacity":"","overlay-gradient":""}},"footnotes":""},"categories":[222,67,217],"tags":[721],"class_list":["post-10660","post","type-post","status-publish","format-standard","has-post-thumbnail","hentry","category-sstt","category-eap","category-entitats","tag-curs-2020-2021"],"post_mailing_queue_ids":[],"_links":{"self":[{"href":"https:\/\/serveiseducatius.xtec.cat\/altpenedes\/wp-json\/wp\/v2\/posts\/10660","targetHints":{"allow":["GET"]}}],"collection":[{"href":"https:\/\/serveiseducatius.xtec.cat\/altpenedes\/wp-json\/wp\/v2\/posts"}],"about":[{"href":"https:\/\/serveiseducatius.xtec.cat\/altpenedes\/wp-json\/wp\/v2\/types\/post"}],"author":[{"embeddable":true,"href":"https:\/\/serveiseducatius.xtec.cat\/altpenedes\/wp-json\/wp\/v2\/users\/6"}],"replies":[{"embeddable":true,"href":"https:\/\/serveiseducatius.xtec.cat\/altpenedes\/wp-json\/wp\/v2\/comments?post=10660"}],"version-history":[{"count":2,"href":"https:\/\/serveiseducatius.xtec.cat\/altpenedes\/wp-json\/wp\/v2\/posts\/10660\/revisions"}],"predecessor-version":[{"id":10663,"href":"https:\/\/serveiseducatius.xtec.cat\/altpenedes\/wp-json\/wp\/v2\/posts\/10660\/revisions\/10663"}],"wp:featuredmedia":[{"embeddable":true,"href":"https:\/\/serveiseducatius.xtec.cat\/altpenedes\/wp-json\/wp\/v2\/media\/10661"}],"wp:attachment":[{"href":"https:\/\/serveiseducatius.xtec.cat\/altpenedes\/wp-json\/wp\/v2\/media?parent=10660"}],"wp:term":[{"taxonomy":"category","embeddable":true,"href":"https:\/\/serveiseducatius.xtec.cat\/altpenedes\/wp-json\/wp\/v2\/categories?post=10660"},{"taxonomy":"post_tag","embeddable":true,"href":"https:\/\/serveiseducatius.xtec.cat\/altpenedes\/wp-json\/wp\/v2\/tags?post=10660"}],"curies":[{"name":"wp","href":"https:\/\/api.w.org\/{rel}","templated":true}]}}