{"id":10577,"date":"2020-10-29T12:31:32","date_gmt":"2020-10-29T11:31:32","guid":{"rendered":"http:\/\/serveiseducatius.xtec.cat\/altpenedes\/?p=10577"},"modified":"2021-03-01T14:47:01","modified_gmt":"2021-03-01T13:47:01","slug":"blog-del-programa-coeducat-amb-el-curriculum","status":"publish","type":"post","link":"https:\/\/serveiseducatius.xtec.cat\/altpenedes\/portada\/blog-del-programa-coeducat-amb-el-curriculum\/","title":{"rendered":"Blog del Programa &#8216;Coeduca&#8217;t amb el curr\u00edculum&#8217;"},"content":{"rendered":"<p><img loading=\"lazy\" decoding=\"async\" class=\"size-medium wp-image-10466 alignleft\" src=\"https:\/\/serveiseducatius.xtec.cat\/altpenedes\/wp-content\/uploads\/usu763\/2020\/10\/coeducat-300x225.jpg\" alt=\"\" width=\"300\" height=\"225\" srcset=\"https:\/\/serveiseducatius.xtec.cat\/altpenedes\/wp-content\/uploads\/usu763\/2020\/10\/coeducat-300x225.jpg 300w, https:\/\/serveiseducatius.xtec.cat\/altpenedes\/wp-content\/uploads\/usu763\/2020\/10\/coeducat-150x112.jpg 150w, https:\/\/serveiseducatius.xtec.cat\/altpenedes\/wp-content\/uploads\/usu763\/2020\/10\/coeducat-200x150.jpg 200w, https:\/\/serveiseducatius.xtec.cat\/altpenedes\/wp-content\/uploads\/usu763\/2020\/10\/coeducat.jpg 347w\" sizes=\"auto, (max-width: 300px) 100vw, 300px\" \/>Des del Servei de Curr\u00edculum d&#8217;Educaci\u00f3 Infantil i Prim\u00e0ria ens informen que s&#8217;ha publicat el <a href=\"https:\/\/blocs.xtec.cat\/coeducacioiigualtat\/?_ga=2.127825997.1518678391.1603696568-1584098330.1601893895\" target=\"_blank\" rel=\"noopener noreferrer\">blog del Programa Coeduca&#8217;t amb el curr\u00edculum<\/a> a la <a href=\"http:\/\/xtec.gencat.cat\/ca\/inici\" target=\"_blank\" rel=\"noopener noreferrer\">portada de la XTEC<\/a> i tamb\u00e9 a les p\u00e0gines de curr\u00edculum d&#8217;educaci\u00f3 infantil, prim\u00e0ria i secund\u00e0ria.<\/p>\n<p>Tamb\u00e9 a l&#8217;apartat de <a href=\"http:\/\/xtec.gencat.cat\/ca\/curriculum\/coeducacio\/\" target=\"_blank\" rel=\"noopener noreferrer\">Coeducaci\u00f3 i Igualtat de g\u00e8nere<\/a>.<\/p>\n","protected":false},"excerpt":{"rendered":"<p>Des del Servei de Curr\u00edculum d&#8217;Educaci\u00f3 Infantil i Prim\u00e0ria ens informen que s&#8217;ha publicat el <a href=\"https:\/\/blocs.xtec.cat\/coeducacioiigualtat\/?_ga=2.127825997.1518678391.1603696568-1584098330.1601893895\" target=\"_blank\" rel=\"noopener noreferrer\">blog del Programa Coeduca&#8217;t amb el curr\u00edculum<\/a> a la <a href=\"http:\/\/xtec.gencat.cat\/ca\/inici\" target=\"_blank\" rel=\"noopener noreferrer\">portada de la XTEC<\/a> i tamb\u00e9 a les p\u00e0gines de curr\u00edculum d&#8217;educaci\u00f3 infantil, prim\u00e0ria i secund\u00e0ria.<\/p>\n","protected":false},"author":6,"featured_media":10466,"comment_status":"open","ping_status":"closed","sticky":false,"template":"","format":"standard","meta":{"site-sidebar-layout":"default","site-content-layout":"","ast-site-content-layout":"","site-content-style":"default","site-sidebar-style":"default","ast-global-header-display":"","ast-banner-title-visibility":"","ast-main-header-display":"","ast-hfb-above-header-display":"","ast-hfb-below-header-display":"","ast-hfb-mobile-header-display":"","site-post-title":"","ast-breadcrumbs-content":"","ast-featured-img":"","footer-sml-layout":"","theme-transparent-header-meta":"","adv-header-id-meta":"","stick-header-meta":"","header-above-stick-meta":"","header-main-stick-meta":"","header-below-stick-meta":"","astra-migrate-meta-layouts":"default","ast-page-background-enabled":"default","ast-page-background-meta":{"desktop":{"background-color":"var(--ast-global-color-4)","background-image":"","background-repeat":"repeat","background-position":"center center","background-size":"auto","background-attachment":"scroll","background-type":"","background-media":"","overlay-type":"","overlay-color":"","overlay-opacity":"","overlay-gradient":""},"tablet":{"background-color":"","background-image":"","background-repeat":"repeat","background-position":"center center","background-size":"auto","background-attachment":"scroll","background-type":"","background-media":"","overlay-type":"","overlay-color":"","overlay-opacity":"","overlay-gradient":""},"mobile":{"background-color":"","background-image":"","background-repeat":"repeat","background-position":"center center","background-size":"auto","background-attachment":"scroll","background-type":"","background-media":"","overlay-type":"","overlay-color":"","overlay-opacity":"","overlay-gradient":""}},"ast-content-background-meta":{"desktop":{"background-color":"var(--ast-global-color-5)","background-image":"","background-repeat":"repeat","background-position":"center center","background-size":"auto","background-attachment":"scroll","background-type":"","background-media":"","overlay-type":"","overlay-color":"","overlay-opacity":"","overlay-gradient":""},"tablet":{"background-color":"var(--ast-global-color-5)","background-image":"","background-repeat":"repeat","background-position":"center center","background-size":"auto","background-attachment":"scroll","background-type":"","background-media":"","overlay-type":"","overlay-color":"","overlay-opacity":"","overlay-gradient":""},"mobile":{"background-color":"var(--ast-global-color-5)","background-image":"","background-repeat":"repeat","background-position":"center center","background-size":"auto","background-attachment":"scroll","background-type":"","background-media":"","overlay-type":"","overlay-color":"","overlay-opacity":"","overlay-gradient":""}},"footnotes":""},"categories":[222,612,29],"tags":[636,566,721],"class_list":["post-10577","post","type-post","status-publish","format-standard","has-post-thumbnail","hentry","category-sstt","category-espai-0-6","category-portada","tag-coeducat","tag-coeducacio","tag-curs-2020-2021"],"post_mailing_queue_ids":[],"_links":{"self":[{"href":"https:\/\/serveiseducatius.xtec.cat\/altpenedes\/wp-json\/wp\/v2\/posts\/10577","targetHints":{"allow":["GET"]}}],"collection":[{"href":"https:\/\/serveiseducatius.xtec.cat\/altpenedes\/wp-json\/wp\/v2\/posts"}],"about":[{"href":"https:\/\/serveiseducatius.xtec.cat\/altpenedes\/wp-json\/wp\/v2\/types\/post"}],"author":[{"embeddable":true,"href":"https:\/\/serveiseducatius.xtec.cat\/altpenedes\/wp-json\/wp\/v2\/users\/6"}],"replies":[{"embeddable":true,"href":"https:\/\/serveiseducatius.xtec.cat\/altpenedes\/wp-json\/wp\/v2\/comments?post=10577"}],"version-history":[{"count":1,"href":"https:\/\/serveiseducatius.xtec.cat\/altpenedes\/wp-json\/wp\/v2\/posts\/10577\/revisions"}],"predecessor-version":[{"id":10578,"href":"https:\/\/serveiseducatius.xtec.cat\/altpenedes\/wp-json\/wp\/v2\/posts\/10577\/revisions\/10578"}],"wp:featuredmedia":[{"embeddable":true,"href":"https:\/\/serveiseducatius.xtec.cat\/altpenedes\/wp-json\/wp\/v2\/media\/10466"}],"wp:attachment":[{"href":"https:\/\/serveiseducatius.xtec.cat\/altpenedes\/wp-json\/wp\/v2\/media?parent=10577"}],"wp:term":[{"taxonomy":"category","embeddable":true,"href":"https:\/\/serveiseducatius.xtec.cat\/altpenedes\/wp-json\/wp\/v2\/categories?post=10577"},{"taxonomy":"post_tag","embeddable":true,"href":"https:\/\/serveiseducatius.xtec.cat\/altpenedes\/wp-json\/wp\/v2\/tags?post=10577"}],"curies":[{"name":"wp","href":"https:\/\/api.w.org\/{rel}","templated":true}]}}