{"id":9928,"date":"2017-06-29T09:46:18","date_gmt":"2017-06-29T07:46:18","guid":{"rendered":"http:\/\/serveiseducatius.xtec.cat\/altmaresme\/?p=9928"},"modified":"2017-06-29T09:46:18","modified_gmt":"2017-06-29T07:46:18","slug":"exposicio-els-sols-i-la-biodiversitat-forestal","status":"publish","type":"post","link":"https:\/\/serveiseducatius.xtec.cat\/altmaresme\/portada\/exposicio-els-sols-i-la-biodiversitat-forestal\/","title":{"rendered":"Exposici\u00f3 &#8220;Els s\u00f2ls i la biodiversitat forestal&#8221;"},"content":{"rendered":"<p>Des de Serveis Territorials ens han cedit l&#8217;exposici\u00f3 itinerant &#8220;Els S\u00f2ls i la Biodiversitat Forestal&#8221; al Servei Educatiu de l&#8217;Alt Maresme, de cara al proper curs 2017-18. Els centres interessats us podeu adre\u00e7ar al CRP.<\/p>\n<p>Podeu consultar el material de suport que s&#8217;ha fet servir com a eix vertebrador de les <a class=\"wf_file\" href=\"http:\/\/srvcnpbs.xtec.cat\/cdec\/images\/stories\/Curs_2014-15\/AnyS%C3%B2ls2015\/PresentacioTrobadaPedagogicaAISols.pdf\" target=\"_blank\">&#8220;Trobades pedag\u00f2giques amb els S\u00f2ls&#8221;<\/a><\/p>\n<p><a class=\"wf_file\" href=\"http:\/\/srvcnpbs.xtec.cat\/cdec\/images\/stories\/Curs_2014-15\/AnyS%C3%B2ls2015\/UdL%20-%20Expo%20Suelos%20y%20la%20biodiversidad%20forestal%20%28Lleida-Bcn%29.pdf\" target=\"_blank\"><span class=\"wf_file\">Panells<\/span> exposici\u00f3<\/a><\/p>\n<p><a class=\"wf_file\" href=\"http:\/\/srvcnpbs.xtec.cat\/cdec\/images\/stories\/Curs_2014-15\/AnyS%C3%B2ls2015\/GuiaDidacticaAnyS%C3%B2l2015.pdf\" target=\"_blank\"><span class=\"wf_file\"><span class=\"wf_file\">Guia did\u00e0ctica<\/span><\/span><\/a><\/p>\n<p><a class=\"wf_file\" href=\"http:\/\/srvcnpbs.xtec.cat\/cdec\/images\/stories\/Curs_2014-15\/AnyS%C3%B2ls2015\/FullsTreballAnySol2015.pdf\" target=\"_blank\"><span class=\"wf_file_text\">Fulls de treball<\/span><\/a><\/p>\n<p>A principis del curs 2015-16, el Departament d&#8217;Ensenyament va oferir cinc <span class=\"wf_file\"><strong>Trobades Pedag\u00f2giques amb els S\u00f2ls<\/strong><\/span> repartides pel territori catal\u00e0, dirigides als docents dels \u00e0mbits de ci\u00e8ncies naturals i socials dels instituts. Acompanyant aquestes trobades pedag\u00f2giques, es va presentar la guia did\u00e0ctica de l&#8217;exposici\u00f3 &#8220;Els S\u00f2ls i la Biodiversitat Forestal&#8221; i es va oferir la possibilitat de disposar d&#8217;una de les 10 exposicions itinerants.<\/p>\n<p>M\u00e9s informaci\u00f3: <a href=\"http:\/\/srvcnpbs.xtec.cat\/cdec\/index.php\/component\/content\/article\/14-recursos-secundaria\/717-a\" target=\"_blank\">CESIRE<\/a><\/p>\n","protected":false},"excerpt":{"rendered":"<p>Des de Serveis Territorials ens han cedit l&#8217;exposici\u00f3 itinerant &#8220;Els S\u00f2ls i la Biodiversitat Forestal&#8221; al Servei Educatiu de l&#8217;Alt Maresme, de cara al proper curs 2017-18. Els centres interessats us podeu adre\u00e7ar al CRP.<br \/>\nPodeu consultar el material de suport que s&#8217;ha fet servir com&hellip;  <a href=\"https:\/\/serveiseducatius.xtec.cat\/altmaresme\/portada\/exposicio-els-sols-i-la-biodiversitat-forestal\/\" title=\"Read Exposici\u00f3 &#8220;Els s\u00f2ls i la biodiversitat forestal&#8221;\">Llegeix m\u00e9s\u00bb<\/a><\/p>\n","protected":false},"author":7,"featured_media":9929,"comment_status":"open","ping_status":"closed","sticky":false,"template":"","format":"standard","meta":{"_bbp_topic_count":0,"_bbp_reply_count":0,"_bbp_total_topic_count":0,"_bbp_total_reply_count":0,"_bbp_voice_count":0,"_bbp_anonymous_reply_count":0,"_bbp_topic_count_hidden":0,"_bbp_reply_count_hidden":0,"_bbp_forum_subforum_count":0,"footnotes":""},"categories":[82,29],"tags":[],"class_list":["post-9928","post","type-post","status-publish","format-standard","has-post-thumbnail","hentry","category-maletes-pedagogiques","category-portada"],"post_mailing_queue_ids":[],"_links":{"self":[{"href":"https:\/\/serveiseducatius.xtec.cat\/altmaresme\/wp-json\/wp\/v2\/posts\/9928","targetHints":{"allow":["GET"]}}],"collection":[{"href":"https:\/\/serveiseducatius.xtec.cat\/altmaresme\/wp-json\/wp\/v2\/posts"}],"about":[{"href":"https:\/\/serveiseducatius.xtec.cat\/altmaresme\/wp-json\/wp\/v2\/types\/post"}],"author":[{"embeddable":true,"href":"https:\/\/serveiseducatius.xtec.cat\/altmaresme\/wp-json\/wp\/v2\/users\/7"}],"replies":[{"embeddable":true,"href":"https:\/\/serveiseducatius.xtec.cat\/altmaresme\/wp-json\/wp\/v2\/comments?post=9928"}],"version-history":[{"count":1,"href":"https:\/\/serveiseducatius.xtec.cat\/altmaresme\/wp-json\/wp\/v2\/posts\/9928\/revisions"}],"predecessor-version":[{"id":9930,"href":"https:\/\/serveiseducatius.xtec.cat\/altmaresme\/wp-json\/wp\/v2\/posts\/9928\/revisions\/9930"}],"wp:featuredmedia":[{"embeddable":true,"href":"https:\/\/serveiseducatius.xtec.cat\/altmaresme\/wp-json\/wp\/v2\/media\/9929"}],"wp:attachment":[{"href":"https:\/\/serveiseducatius.xtec.cat\/altmaresme\/wp-json\/wp\/v2\/media?parent=9928"}],"wp:term":[{"taxonomy":"category","embeddable":true,"href":"https:\/\/serveiseducatius.xtec.cat\/altmaresme\/wp-json\/wp\/v2\/categories?post=9928"},{"taxonomy":"post_tag","embeddable":true,"href":"https:\/\/serveiseducatius.xtec.cat\/altmaresme\/wp-json\/wp\/v2\/tags?post=9928"}],"curies":[{"name":"wp","href":"https:\/\/api.w.org\/{rel}","templated":true}]}}