{"id":9909,"date":"2017-06-13T11:35:54","date_gmt":"2017-06-13T09:35:54","guid":{"rendered":"http:\/\/serveiseducatius.xtec.cat\/altmaresme\/?p=9909"},"modified":"2017-06-13T11:35:54","modified_gmt":"2017-06-13T09:35:54","slug":"exposicio-petits-grans-artistes","status":"publish","type":"post","link":"https:\/\/serveiseducatius.xtec.cat\/altmaresme\/portada\/exposicio-petits-grans-artistes\/","title":{"rendered":"Exposici\u00f3 &#8220;Petits Grans Artistes&#8221;"},"content":{"rendered":"<div>\n<div>\n<div>\n<div>\n<div>El passat divendres 9 de juny, es va inaugurar la 2a Exposici\u00f3 &#8220;Petits Grans Artistes&#8221; dels alumnes de l&#8217;Escola Sagrada Fam\u00edlia a la Fundaci\u00f3 Palau de Caldes d&#8217;Estrac.<\/p>\n<\/div>\n<p>Compartim el v\u00eddeo de presentaci\u00f3: <a href=\"https:\/\/youtu.be\/c5hxU6DgK7Q\" target=\"_blank\" data-saferedirecturl=\"https:\/\/www.google.com\/url?hl=ca&amp;q=https:\/\/youtu.be\/c5hxU6DgK7Q&amp;source=gmail&amp;ust=1497432561341000&amp;usg=AFQjCNHK_CH_sdVuRwjT771nwcOFD8s82A\">https:\/\/youtu.be\/c5hxU6DgK7Q<\/a><\/div>\n<div><\/div>\n<div>A les seg\u00fcents revistes podreu veure totes les obres d&#8217;art presentades:<\/div>\n<div><\/div>\n<p>Revista digital <a href=\"http:\/\/en.calameo.com\/read\/005217794f1c4136d72e7\" target=\"_blank\" data-saferedirecturl=\"https:\/\/www.google.com\/url?hl=ca&amp;q=http:\/\/en.calameo.com\/read\/005217794f1c4136d72e7&amp;source=gmail&amp;ust=1497432561341000&amp;usg=AFQjCNFBzLlW_mJ3l63C7magIOGrEGdUIQ\">Ed.Infantil <\/a><\/div>\n<p>Revista digital <a href=\"http:\/\/en.calameo.com\/read\/005217794c57883306b58\" target=\"_blank\" data-saferedirecturl=\"https:\/\/www.google.com\/url?hl=ca&amp;q=http:\/\/en.calameo.com\/read\/005217794c57883306b58&amp;source=gmail&amp;ust=1497432561341000&amp;usg=AFQjCNECt3XojqURtlfrQV6kQRP7AFGN2w\">C.Inicial<\/a><\/div>\n<p>Revista digital <a href=\"http:\/\/en.calameo.com\/read\/005217794ed234cbaef4c\" target=\"_blank\" data-saferedirecturl=\"https:\/\/www.google.com\/url?hl=ca&amp;q=http:\/\/en.calameo.com\/read\/005217794ed234cbaef4c&amp;source=gmail&amp;ust=1497432561341000&amp;usg=AFQjCNFGe5UobKubUffqUnuFCdz5e1mltA\">C.Mitj\u00e0<\/a><\/div>\n<p>Revista digital <a href=\"http:\/\/en.calameo.com\/read\/005217794d49d9d7f448e\" target=\"_blank\" data-saferedirecturl=\"https:\/\/www.google.com\/url?hl=ca&amp;q=http:\/\/en.calameo.com\/read\/005217794d49d9d7f448e&amp;source=gmail&amp;ust=1497432561341000&amp;usg=AFQjCNHCPnGnVou52-taecc-0YoQhe-qDQ\">C.Superior<\/a><\/p>\n","protected":false},"excerpt":{"rendered":"<p>El passat divendres 9 de juny, es va inaugurar la 2a Exposici\u00f3 &#8220;Petits Grans Artistes&#8221; dels alumnes de l&#8217;Escola Sagrada Fam\u00edlia a la Fundaci\u00f3 Palau de Caldes d&#8217;Estrac.<\/p>\n<p>Compartim el v\u00eddeo de presentaci\u00f3: <a href=\"https:\/\/youtu.be\/c5hxU6DgK7Q\" target=\"_blank\" data-saferedirecturl=\"https:\/\/www.google.com\/url?hl=ca&amp;q=https:\/\/youtu.be\/c5hxU6DgK7Q&amp;source=gmail&amp;ust=1497432561341000&amp;usg=AFQjCNHK_CH_sdVuRwjT771nwcOFD8s82A\">https:\/\/youtu.be\/c5hxU6DgK7Q<\/a><\/p>\n<p>A les seg\u00fcents revistes podreu veure totes les obres d&#8217;art&hellip;  <a href=\"https:\/\/serveiseducatius.xtec.cat\/altmaresme\/portada\/exposicio-petits-grans-artistes\/\" title=\"Read Exposici\u00f3 &#8220;Petits Grans Artistes&#8221;\">Llegeix m\u00e9s\u00bb<\/a><\/p>\n","protected":false},"author":7,"featured_media":9910,"comment_status":"open","ping_status":"closed","sticky":false,"template":"","format":"standard","meta":{"_bbp_topic_count":0,"_bbp_reply_count":0,"_bbp_total_topic_count":0,"_bbp_total_reply_count":0,"_bbp_voice_count":0,"_bbp_anonymous_reply_count":0,"_bbp_topic_count_hidden":0,"_bbp_reply_count_hidden":0,"_bbp_forum_subforum_count":0,"footnotes":""},"categories":[66,29],"tags":[],"class_list":["post-9909","post","type-post","status-publish","format-standard","has-post-thumbnail","hentry","category-docencia","category-portada"],"post_mailing_queue_ids":[],"_links":{"self":[{"href":"https:\/\/serveiseducatius.xtec.cat\/altmaresme\/wp-json\/wp\/v2\/posts\/9909","targetHints":{"allow":["GET"]}}],"collection":[{"href":"https:\/\/serveiseducatius.xtec.cat\/altmaresme\/wp-json\/wp\/v2\/posts"}],"about":[{"href":"https:\/\/serveiseducatius.xtec.cat\/altmaresme\/wp-json\/wp\/v2\/types\/post"}],"author":[{"embeddable":true,"href":"https:\/\/serveiseducatius.xtec.cat\/altmaresme\/wp-json\/wp\/v2\/users\/7"}],"replies":[{"embeddable":true,"href":"https:\/\/serveiseducatius.xtec.cat\/altmaresme\/wp-json\/wp\/v2\/comments?post=9909"}],"version-history":[{"count":1,"href":"https:\/\/serveiseducatius.xtec.cat\/altmaresme\/wp-json\/wp\/v2\/posts\/9909\/revisions"}],"predecessor-version":[{"id":9911,"href":"https:\/\/serveiseducatius.xtec.cat\/altmaresme\/wp-json\/wp\/v2\/posts\/9909\/revisions\/9911"}],"wp:featuredmedia":[{"embeddable":true,"href":"https:\/\/serveiseducatius.xtec.cat\/altmaresme\/wp-json\/wp\/v2\/media\/9910"}],"wp:attachment":[{"href":"https:\/\/serveiseducatius.xtec.cat\/altmaresme\/wp-json\/wp\/v2\/media?parent=9909"}],"wp:term":[{"taxonomy":"category","embeddable":true,"href":"https:\/\/serveiseducatius.xtec.cat\/altmaresme\/wp-json\/wp\/v2\/categories?post=9909"},{"taxonomy":"post_tag","embeddable":true,"href":"https:\/\/serveiseducatius.xtec.cat\/altmaresme\/wp-json\/wp\/v2\/tags?post=9909"}],"curies":[{"name":"wp","href":"https:\/\/api.w.org\/{rel}","templated":true}]}}