{"id":9895,"date":"2017-06-07T10:59:38","date_gmt":"2017-06-07T08:59:38","guid":{"rendered":"http:\/\/serveiseducatius.xtec.cat\/altmaresme\/?p=9895"},"modified":"2017-06-28T12:09:29","modified_gmt":"2017-06-28T10:09:29","slug":"roboresme-2017-2","status":"publish","type":"post","link":"https:\/\/serveiseducatius.xtec.cat\/altmaresme\/docencia\/roboresme-2017-2\/","title":{"rendered":"Roboresme 2017"},"content":{"rendered":"<div class=\"entry-content\">\n<p>El <strong>Grup de Treball de Rob\u00f2tica i Programaci\u00f3 de l\u2019Alt Maresme<\/strong> est\u00e0 format per mestres i professors\/es de centres educatius.<\/p>\n<div>\n<div>La 4a Jornada de Rob\u00f2tica i Programaci\u00f3 de l\u2019Alt Maresme es realitzar\u00e0 el proper\u00a0<b>18 de maig de 2017<\/b>\u00a0a Tordera.<\/div>\n<div><\/div>\n<div>Jornada oberta a <u>Professors visitants<\/u> i <u>centres expositors<\/u>. Per qualsevol dubte contacteu amb el CRP.<\/div>\n<div><\/div>\n<p><b>PROGRAMA<\/b><\/p>\n<ul>\n<li>9:30: Benvinguda, Inauguraci\u00f3 de la Jornada i Acollida institucional al\u00a0Teatre Clav\u00e9 <sup>(seu 1)<\/sup><\/li>\n<li>9:45 a 10:30: Presentaci\u00f3 dels projectes a exposar per part dels alumnes<sup>(seu 1)<\/sup><\/li>\n<li>10:30: Alumnes de Prim\u00e0ria<sup>(seu 2)<\/sup>: Esmorzar<\/li>\n<li>10:30: Alumnes de Secund\u00e0ria<sup>(seu 1)<\/sup>: Xerrada a c\u00e0rrec de Xavier Cuf\u00ed (Vicorob. Grup\u00a0de recerca de visi\u00f3 per computador i rob\u00f2tica de la Universitat de Girona)<\/li>\n<\/ul>\n<ul>\n<li>11:30 a 12:30: Exposici\u00f3 dels projectes per part dels alumnes<sup>(seu 2)<\/sup><\/li>\n<li>12:30: Tallers per als alumnes expositors<sup>(seu 2)<\/sup><\/li>\n<li>13:00: Cloenda i Sortida cap als centres.<\/li>\n<\/ul>\n<div><\/div>\n<\/div>\n<div>\n<div>\n<div>\n<div>\n<div><b>CENTRES PARTICIPANTS<\/b><\/div>\n<ul>\n<li><a href=\"https:\/\/sites.google.com\/a\/brianxa.cat\/brianxa-cat\/\" target=\"_blank\" rel=\"nofollow\">Escola Brianxa<\/a>\u00a0(Tordera)<\/li>\n<li><a href=\"http:\/\/www.vedrunatordera.org\/\" target=\"_blank\">Escola Vedruna<\/a> (Tordera)<\/li>\n<li><a href=\"http:\/\/www.dperramon.cat\/\" target=\"_blank\" rel=\"nofollow\">INS Dom\u00e8nec Perramon<\/a>\u00a0(Arenys de Munt)<\/li>\n<li><a href=\"http:\/\/iescanet.cat\/\" target=\"_blank\" rel=\"nofollow\">INS Llu\u00eds Domenech i Montaner<\/a>\u00a0(Canet de Mar)<\/li>\n<li><a href=\"http:\/\/www.escolesfonlladosa.cat\/\" target=\"_blank\" rel=\"nofollow\">Escoles Fonlladosa<\/a>\u00a0(Malgrat de Mar)<\/li>\n<li><a href=\"https:\/\/agora.xtec.cat\/institutsantpol\/\" target=\"_blank\" rel=\"nofollow\">INS Sant Pol<\/a>\u00a0\u00a0(Sant Pol de Mar)<\/li>\n<li><a href=\"http:\/\/www.institutpalafolls.org\/html\/intranet\/index.php\" rel=\"nofollow\">INS Font del Ferro<\/a>\u00a0(Palafolls)<\/li>\n<li><a href=\"https:\/\/agora.xtec.cat\/escolaserrademiralles\/\" target=\"_blank\" rel=\"nofollow\">ESC Serra de Miralles<\/a>\u00a0(Tordera)<\/li>\n<li><a href=\"http:\/\/blocs.xtec.cat\/hortsavinya\/\" target=\"_blank\" rel=\"nofollow\">ESC d\u2019Hortsaviny\u00e0<\/a>\u00a0(Tordera)<\/li>\n<li><a href=\"http:\/\/escolaroureda.wixsite.com\/escola-roureda\" target=\"_blank\" rel=\"nofollow\">ESC La Roureda<\/a> (Tordera)<\/li>\n<li><a href=\"http:\/\/agora.xtec.cat\/sescanet\/\" target=\"_blank\" rel=\"nofollow\">Secc. INS Sunsi Mora<\/a>\u00a0(Canet de Mar)<\/li>\n<li><a href=\"https:\/\/agora.xtec.cat\/insdetordera\/\" target=\"_blank\" rel=\"nofollow\">INS de Tordera<\/a> (Tordera)<\/li>\n<\/ul>\n<\/div>\n<\/div>\n<\/div>\n<\/div>\n<div><b>SEUS de la JORNADA<\/b><\/div>\n<ol>\n<li>Teatre Clav\u00e9. Pla\u00e7a de Miquel Mart\u00ed i Pol s\/n, Tordera<\/li>\n<li>Pavell\u00f3 Parroquial de Tordera. Pla\u00e7a de la Conc\u00f2rdia, s\/n, Tordera.<\/li>\n<\/ol>\n<\/div>\n","protected":false},"excerpt":{"rendered":"<p>El Grup de Treball de Rob\u00f2tica i Programaci\u00f3 de l\u2019Alt Maresme est\u00e0 format per mestres i professors\/es de centres educatius.<\/p>\n<p>La 4a Jornada de Rob\u00f2tica i Programaci\u00f3 de l\u2019Alt Maresme es realitzar\u00e0 el proper\u00a018 de maig de 2017\u00a0a Tordera.<\/p>\n<p>Jornada oberta a Professors visitants i centres expositors.&hellip;  <a href=\"https:\/\/serveiseducatius.xtec.cat\/altmaresme\/docencia\/roboresme-2017-2\/\" title=\"Read Roboresme 2017\">Llegeix m\u00e9s\u00bb<\/a><\/p>\n","protected":false},"author":7,"featured_media":0,"comment_status":"open","ping_status":"closed","sticky":false,"template":"","format":"standard","meta":{"_bbp_topic_count":0,"_bbp_reply_count":0,"_bbp_total_topic_count":0,"_bbp_total_reply_count":0,"_bbp_voice_count":0,"_bbp_anonymous_reply_count":0,"_bbp_topic_count_hidden":0,"_bbp_reply_count_hidden":0,"_bbp_forum_subforum_count":0,"footnotes":""},"categories":[66,500],"tags":[],"class_list":["post-9895","post","type-post","status-publish","format-standard","hentry","category-docencia","category-culturadigital"],"post_mailing_queue_ids":[],"_links":{"self":[{"href":"https:\/\/serveiseducatius.xtec.cat\/altmaresme\/wp-json\/wp\/v2\/posts\/9895","targetHints":{"allow":["GET"]}}],"collection":[{"href":"https:\/\/serveiseducatius.xtec.cat\/altmaresme\/wp-json\/wp\/v2\/posts"}],"about":[{"href":"https:\/\/serveiseducatius.xtec.cat\/altmaresme\/wp-json\/wp\/v2\/types\/post"}],"author":[{"embeddable":true,"href":"https:\/\/serveiseducatius.xtec.cat\/altmaresme\/wp-json\/wp\/v2\/users\/7"}],"replies":[{"embeddable":true,"href":"https:\/\/serveiseducatius.xtec.cat\/altmaresme\/wp-json\/wp\/v2\/comments?post=9895"}],"version-history":[{"count":1,"href":"https:\/\/serveiseducatius.xtec.cat\/altmaresme\/wp-json\/wp\/v2\/posts\/9895\/revisions"}],"predecessor-version":[{"id":9896,"href":"https:\/\/serveiseducatius.xtec.cat\/altmaresme\/wp-json\/wp\/v2\/posts\/9895\/revisions\/9896"}],"wp:attachment":[{"href":"https:\/\/serveiseducatius.xtec.cat\/altmaresme\/wp-json\/wp\/v2\/media?parent=9895"}],"wp:term":[{"taxonomy":"category","embeddable":true,"href":"https:\/\/serveiseducatius.xtec.cat\/altmaresme\/wp-json\/wp\/v2\/categories?post=9895"},{"taxonomy":"post_tag","embeddable":true,"href":"https:\/\/serveiseducatius.xtec.cat\/altmaresme\/wp-json\/wp\/v2\/tags?post=9895"}],"curies":[{"name":"wp","href":"https:\/\/api.w.org\/{rel}","templated":true}]}}