{"id":9827,"date":"2017-05-19T17:03:21","date_gmt":"2017-05-19T15:03:21","guid":{"rendered":"http:\/\/serveiseducatius.xtec.cat\/altmaresme\/?p=9827"},"modified":"2017-06-28T11:47:15","modified_gmt":"2017-06-28T09:47:15","slug":"nanoeduca-a-linstitut-font-del-ferro-palafolls","status":"publish","type":"post","link":"https:\/\/serveiseducatius.xtec.cat\/altmaresme\/portada\/nanoeduca-a-linstitut-font-del-ferro-palafolls\/","title":{"rendered":"NanoEduca a l&#8217;Institut Font del Ferro, Palafolls"},"content":{"rendered":"<h5>Fira a Girona de Ci\u00e8ncia al carrer<\/h5>\n<p>El passat dissabte 6 de maig els alumnes de 1r de batxillerat cient\u00edfic i tecnol\u00f2gic van participar a la 4ta edici\u00f3 de &#8220;Ci\u00e8ncia entre tots&#8221;. En aquesta edici\u00f3 van participar 80 centres (Instituts de secund\u00e0ria, centres d&#8217;investigaci\u00f3 i universitats) de tota Catalunya i Andorra.<\/p>\n<h5>Concurs nanoeduca 2\u00aa edici\u00f3<\/h5>\n<p>Els alumnes de 1r batxillerat cient\u00edfic i tecnol\u00f2gic han participat en el projecte nanoeduca en les mat\u00e8ries de Biologia i CMC. Despr\u00e9s d&#8217;experimentar amb el nanokit van idear diferents nanoreptes i van preparar un v\u00eddeo i p\u00f2ster cient\u00edfic que van defensar en el Paranimf de la Universitat de Barcelona el passat 9 de maig.<\/p>\n<p>Font d&#8217;informaci\u00f3: <a href=\"http:\/\/www.institutpalafolls.org\/html\/intranet\/index.php\">http:\/\/www.institutpalafolls.org\/html\/intranet\/index.php<\/a><\/p>\n","protected":false},"excerpt":{"rendered":"<p>Fira a Girona de Ci\u00e8ncia al carrer<br \/>\nEl passat dissabte 6 de maig els alumnes de 1r de batxillerat cient\u00edfic i tecnol\u00f2gic van participar a la 4ta edici\u00f3 de &#8220;Ci\u00e8ncia entre tots&#8221;. En aquesta edici\u00f3 van participar 80 centres (Instituts de secund\u00e0ria, centres d&#8217;investigaci\u00f3 i universitats)&hellip;  <a href=\"https:\/\/serveiseducatius.xtec.cat\/altmaresme\/portada\/nanoeduca-a-linstitut-font-del-ferro-palafolls\/\" title=\"Read NanoEduca a l&#8217;Institut Font del Ferro, Palafolls\">Llegeix m\u00e9s\u00bb<\/a><\/p>\n","protected":false},"author":7,"featured_media":9828,"comment_status":"open","ping_status":"open","sticky":false,"template":"","format":"standard","meta":{"_bbp_topic_count":0,"_bbp_reply_count":0,"_bbp_total_topic_count":0,"_bbp_total_reply_count":0,"_bbp_voice_count":0,"_bbp_anonymous_reply_count":0,"_bbp_topic_count_hidden":0,"_bbp_reply_count_hidden":0,"_bbp_forum_subforum_count":0,"footnotes":""},"categories":[82,493,29],"tags":[],"class_list":["post-9827","post","type-post","status-publish","format-standard","has-post-thumbnail","hentry","category-maletes-pedagogiques","category-nanokit","category-portada"],"post_mailing_queue_ids":[],"_links":{"self":[{"href":"https:\/\/serveiseducatius.xtec.cat\/altmaresme\/wp-json\/wp\/v2\/posts\/9827","targetHints":{"allow":["GET"]}}],"collection":[{"href":"https:\/\/serveiseducatius.xtec.cat\/altmaresme\/wp-json\/wp\/v2\/posts"}],"about":[{"href":"https:\/\/serveiseducatius.xtec.cat\/altmaresme\/wp-json\/wp\/v2\/types\/post"}],"author":[{"embeddable":true,"href":"https:\/\/serveiseducatius.xtec.cat\/altmaresme\/wp-json\/wp\/v2\/users\/7"}],"replies":[{"embeddable":true,"href":"https:\/\/serveiseducatius.xtec.cat\/altmaresme\/wp-json\/wp\/v2\/comments?post=9827"}],"version-history":[{"count":1,"href":"https:\/\/serveiseducatius.xtec.cat\/altmaresme\/wp-json\/wp\/v2\/posts\/9827\/revisions"}],"predecessor-version":[{"id":9829,"href":"https:\/\/serveiseducatius.xtec.cat\/altmaresme\/wp-json\/wp\/v2\/posts\/9827\/revisions\/9829"}],"wp:featuredmedia":[{"embeddable":true,"href":"https:\/\/serveiseducatius.xtec.cat\/altmaresme\/wp-json\/wp\/v2\/media\/9828"}],"wp:attachment":[{"href":"https:\/\/serveiseducatius.xtec.cat\/altmaresme\/wp-json\/wp\/v2\/media?parent=9827"}],"wp:term":[{"taxonomy":"category","embeddable":true,"href":"https:\/\/serveiseducatius.xtec.cat\/altmaresme\/wp-json\/wp\/v2\/categories?post=9827"},{"taxonomy":"post_tag","embeddable":true,"href":"https:\/\/serveiseducatius.xtec.cat\/altmaresme\/wp-json\/wp\/v2\/tags?post=9827"}],"curies":[{"name":"wp","href":"https:\/\/api.w.org\/{rel}","templated":true}]}}