{"id":9744,"date":"2017-05-04T11:51:10","date_gmt":"2017-05-04T09:51:10","guid":{"rendered":"http:\/\/serveiseducatius.xtec.cat\/altmaresme\/?p=9744"},"modified":"2017-05-04T11:51:10","modified_gmt":"2017-05-04T09:51:10","slug":"ii-trobada-de-biblioteques-escolars-de-catalunya","status":"publish","type":"post","link":"https:\/\/serveiseducatius.xtec.cat\/altmaresme\/general\/ii-trobada-de-biblioteques-escolars-de-catalunya\/","title":{"rendered":"II Trobada de Biblioteques escolars de Catalunya"},"content":{"rendered":"<p><a href=\"http:\/\/serveiseducatius.xtec.cat\/altmaresme\/wp-content\/uploads\/usu1140\/2017\/05\/Captura-de-2017-05-04-112914.png\"><img loading=\"lazy\" decoding=\"async\" src=\"http:\/\/serveiseducatius.xtec.cat\/altmaresme\/wp-content\/uploads\/usu1140\/2017\/05\/Captura-de-2017-05-04-112914-300x251.png\" alt=\"Captura de 2017-05-04 11:29:14\" width=\"300\" height=\"251\" class=\"alignnone size-medium wp-image-9745\" srcset=\"https:\/\/serveiseducatius.xtec.cat\/altmaresme\/wp-content\/uploads\/usu1140\/2017\/05\/Captura-de-2017-05-04-112914-300x250.png 300w, https:\/\/serveiseducatius.xtec.cat\/altmaresme\/wp-content\/uploads\/usu1140\/2017\/05\/Captura-de-2017-05-04-112914-768x643.png 768w, https:\/\/serveiseducatius.xtec.cat\/altmaresme\/wp-content\/uploads\/usu1140\/2017\/05\/Captura-de-2017-05-04-112914.png 809w\" sizes=\"auto, (max-width: 300px) 100vw, 300px\" \/><\/a><\/p>\n<p>Aquest any <strong>Treball en xarxa: sumar \u00e9s guanyar!<\/strong><br \/>\nL&#8217;objectiu \u00e9s donar a con\u00e8ixer la import\u00e0ncia del treball en xarxa biblioteca escolar-serveis educatius-biblioteca p\u00fablica i entorn, tot mostrant algunes experi\u00e8ncies de treball en xarxa en els territoris. M\u00e9s informaci\u00f3 al<a href=\"http:\/\/xtec.gencat.cat\/web\/.content\/projectes\/biblioteca\/formacio\/jornades\/documents\/programa_jornada_biblioteques_2017.pdf\" target=\"_blank\"> programa de la jornada<\/a><\/p>\n<p><a href=\"http:\/\/xtec.gencat.cat\/ca\/formacio\/formaciogeneralprofessorat\/capacitats_competencies_curriculum\/biblioteques_escolars\/\" target=\"_blank\">Inscripci\u00f3<\/a> fins al 25 de maig de 2017<\/p>\n","protected":false},"excerpt":{"rendered":"<p><a href=\"http:\/\/serveiseducatius.xtec.cat\/altmaresme\/wp-content\/uploads\/usu1140\/2017\/05\/Captura-de-2017-05-04-112914.png\"><\/a><br \/>\nAquest any Treball en xarxa: sumar \u00e9s guanyar!<br \/>\nL&#8217;objectiu \u00e9s donar a con\u00e8ixer la import\u00e0ncia del treball en xarxa biblioteca escolar-serveis educatius-biblioteca p\u00fablica i entorn, tot mostrant algunes experi\u00e8ncies de treball en xarxa en els territoris. M\u00e9s informaci\u00f3 al<a href=\"http:\/\/xtec.gencat.cat\/web\/.content\/projectes\/biblioteca\/formacio\/jornades\/documents\/programa_jornada_biblioteques_2017.pdf\" target=\"_blank\"> programa de la jornada<\/a><br \/>\n<a&hellip;  <a href=\"https:\/\/serveiseducatius.xtec.cat\/altmaresme\/general\/ii-trobada-de-biblioteques-escolars-de-catalunya\/\" title=\"Read II Trobada de Biblioteques escolars de Catalunya\">Llegeix m\u00e9s\u00bb<\/a><\/p>\n","protected":false},"author":6,"featured_media":9745,"comment_status":"open","ping_status":"open","sticky":false,"template":"","format":"standard","meta":{"_bbp_topic_count":0,"_bbp_reply_count":0,"_bbp_total_topic_count":0,"_bbp_total_reply_count":0,"_bbp_voice_count":0,"_bbp_anonymous_reply_count":0,"_bbp_topic_count_hidden":0,"_bbp_reply_count_hidden":0,"_bbp_forum_subforum_count":0,"footnotes":""},"categories":[81,1,29],"tags":[],"class_list":["post-9744","post","type-post","status-publish","format-standard","has-post-thumbnail","hentry","category-biblioteca-escolar","category-general","category-portada"],"post_mailing_queue_ids":[],"_links":{"self":[{"href":"https:\/\/serveiseducatius.xtec.cat\/altmaresme\/wp-json\/wp\/v2\/posts\/9744","targetHints":{"allow":["GET"]}}],"collection":[{"href":"https:\/\/serveiseducatius.xtec.cat\/altmaresme\/wp-json\/wp\/v2\/posts"}],"about":[{"href":"https:\/\/serveiseducatius.xtec.cat\/altmaresme\/wp-json\/wp\/v2\/types\/post"}],"author":[{"embeddable":true,"href":"https:\/\/serveiseducatius.xtec.cat\/altmaresme\/wp-json\/wp\/v2\/users\/6"}],"replies":[{"embeddable":true,"href":"https:\/\/serveiseducatius.xtec.cat\/altmaresme\/wp-json\/wp\/v2\/comments?post=9744"}],"version-history":[{"count":3,"href":"https:\/\/serveiseducatius.xtec.cat\/altmaresme\/wp-json\/wp\/v2\/posts\/9744\/revisions"}],"predecessor-version":[{"id":9752,"href":"https:\/\/serveiseducatius.xtec.cat\/altmaresme\/wp-json\/wp\/v2\/posts\/9744\/revisions\/9752"}],"wp:featuredmedia":[{"embeddable":true,"href":"https:\/\/serveiseducatius.xtec.cat\/altmaresme\/wp-json\/wp\/v2\/media\/9745"}],"wp:attachment":[{"href":"https:\/\/serveiseducatius.xtec.cat\/altmaresme\/wp-json\/wp\/v2\/media?parent=9744"}],"wp:term":[{"taxonomy":"category","embeddable":true,"href":"https:\/\/serveiseducatius.xtec.cat\/altmaresme\/wp-json\/wp\/v2\/categories?post=9744"},{"taxonomy":"post_tag","embeddable":true,"href":"https:\/\/serveiseducatius.xtec.cat\/altmaresme\/wp-json\/wp\/v2\/tags?post=9744"}],"curies":[{"name":"wp","href":"https:\/\/api.w.org\/{rel}","templated":true}]}}