{"id":9634,"date":"2017-04-19T13:03:35","date_gmt":"2017-04-19T11:03:35","guid":{"rendered":"http:\/\/serveiseducatius.xtec.cat\/altmaresme\/?p=9634"},"modified":"2021-01-10T23:51:35","modified_gmt":"2021-01-10T22:51:35","slug":"iv-jornada-robotica-i-programacio-a-tordera","status":"publish","type":"post","link":"https:\/\/serveiseducatius.xtec.cat\/altmaresme\/portada\/iv-jornada-robotica-i-programacio-a-tordera\/","title":{"rendered":"IV Jornada rob\u00f2tica i programaci\u00f3 a Tordera"},"content":{"rendered":"<p>El <strong>Grup de Treball de Rob\u00f2tica i Programaci\u00f3 de l&#8217;Alt Maresme<\/strong> est\u00e0 format per mestres i professors\/es de centres educatius.<\/p>\n<div>\n<div>La <strong>4a Jornada de Rob\u00f2tica i Programaci\u00f3 de l&#8217;Alt Maresme<\/strong> es realitzar\u00e0 el proper\u00a0<b>18 de maig de 2017<\/b>\u00a0a Tordera.<\/div>\n<div><\/div>\n<div>Jornada oberta a <u>Professors visitants<\/u> i <u>centres expositors<\/u>. Per qualsevol dubte contacteu amb el CRP.<\/div>\n<div><\/div>\n<p><b>PROGRAMA<\/b><\/p>\n<ul>\n<li>9:30: Benvinguda, Inauguraci\u00f3 de la Jornada i Acollida institucional al\u00a0Teatre Clav\u00e9 <sup>(seu 1)<\/sup><\/li>\n<li>9:45 a 10:30: Presentaci\u00f3 dels projectes a exposar per part dels alumnes<sup>(seu 1)<\/sup><\/li>\n<li>10:30: Alumnes de Prim\u00e0ria<sup>(seu 2)<\/sup>: Esmorzar<\/li>\n<li>10:30: Alumnes de Secund\u00e0ria<sup>(seu 1)<\/sup>: Xerrada a c\u00e0rrec de Xavier Cuf\u00ed (Vicorob. Grup\u00a0de recerca de visi\u00f3 per computador i rob\u00f2tica de la Universitat de Girona)<\/li>\n<\/ul>\n<ul>\n<li>11:30 a 12:30: Exposici\u00f3 dels projectes per part dels alumnes<sup>(seu 2)<\/sup><\/li>\n<li>12:30: Tallers per als alumnes expositors<sup>(seu 2)<\/sup><\/li>\n<li>13:00: Cloenda i Sortida cap als centres.<\/li>\n<\/ul>\n<div><\/div>\n<\/div>\n<div>\n<div>\n<div>\n<div>\n<div><span style=\"font-size: small;\"><b>CENTRES PARTICIPANTS<\/b><\/span><\/div>\n<ul>\n<li><a href=\"https:\/\/sites.google.com\/a\/brianxa.cat\/brianxa-cat\/\" target=\"_blank\" rel=\"nofollow noopener noreferrer\">Escola Brianxa<\/a>\u00a0(Tordera)<\/li>\n<li><a href=\"http:\/\/www.dperramon.cat\/\" target=\"_blank\" rel=\"nofollow noopener noreferrer\">INS Dom\u00e8nec Perramon<\/a>\u00a0(Arenys de Munt)<\/li>\n<li><a href=\"http:\/\/iescanet.cat\/\" target=\"_blank\" rel=\"nofollow noopener noreferrer\">INS Llu\u00eds Domenech i Montaner<\/a>\u00a0(Canet de Mar)<\/li>\n<li><a href=\"http:\/\/www.escolesfonlladosa.cat\/\" target=\"_blank\" rel=\"nofollow noopener noreferrer\">Escoles Fonlladosa<\/a>\u00a0(Malgrat de Mar)<\/li>\n<li><a href=\"https:\/\/agora.xtec.cat\/institutsantpol\/\" target=\"_blank\" rel=\"nofollow noopener noreferrer\">INS Sant Pol<\/a>\u00a0\u00a0(Sant Pol de Mar)<\/li>\n<li><a href=\"http:\/\/www.institutpalafolls.org\/html\/intranet\/index.php\" rel=\"nofollow\">INS Font del Ferro<\/a>\u00a0(Palafolls)<\/li>\n<li><a href=\"https:\/\/agora.xtec.cat\/escolaserrademiralles\/\" target=\"_blank\" rel=\"nofollow noopener noreferrer\">ESC Serra de Miralles<\/a>\u00a0(Tordera)<\/li>\n<li><a href=\"http:\/\/blocs.xtec.cat\/hortsavinya\/\" target=\"_blank\" rel=\"nofollow noopener noreferrer\">ESC d&#8217;Hortsaviny\u00e0<\/a>\u00a0(Tordera)<\/li>\n<li><a href=\"http:\/\/escolaroureda.wixsite.com\/escola-roureda\" target=\"_blank\" rel=\"nofollow noopener noreferrer\">ESC La Roureda<\/a> (Tordera)<\/li>\n<li><a href=\"http:\/\/agora.xtec.cat\/sescanet\/\" target=\"_blank\" rel=\"nofollow noopener noreferrer\">Secc. INS Sunsi Mora<\/a>\u00a0(Canet de Mar)<\/li>\n<li><a href=\"https:\/\/agora.xtec.cat\/insdetordera\/\" target=\"_blank\" rel=\"nofollow noopener noreferrer\">INS de Tordera<\/a> (Tordera)<\/li>\n<li><a href=\"http:\/\/agora.xtec.cat\/institutbisbesivilla\/\">INS Bisbe Sivilla<\/a> (Calella)<\/li>\n<\/ul>\n<\/div>\n<\/div>\n<\/div>\n<\/div>\n<div><span style=\"font-size: small;\"><b>SEUS de la JORNADA<\/b><\/span><\/div>\n<ol>\n<li>Teatre Clav\u00e9. Pla\u00e7a de Miquel Mart\u00ed i Pol s\/n, Tordera<\/li>\n<li>Pavell\u00f3 Parroquial de Tordera. Pla\u00e7a de la Conc\u00f2rdia, s\/n, Tordera.<\/li>\n<\/ol>\n","protected":false},"excerpt":{"rendered":"<p>Dijous 18 de maig de 9 a 13h, IV Jornada de rob\u00f2tica i programaci\u00f3 a Tordera. Organitzat pel Grup de Treball de l &#8216;Alt Maresme. &hellip;  <a href=\"https:\/\/serveiseducatius.xtec.cat\/altmaresme\/portada\/iv-jornada-robotica-i-programacio-a-tordera\/\" title=\"Read IV Jornada rob\u00f2tica i programaci\u00f3 a Tordera\">Llegeix m\u00e9s\u00bb<\/a><\/p>\n","protected":false},"author":7,"featured_media":9635,"comment_status":"open","ping_status":"open","sticky":false,"template":"","format":"standard","meta":{"_bbp_topic_count":0,"_bbp_reply_count":0,"_bbp_total_topic_count":0,"_bbp_total_reply_count":0,"_bbp_voice_count":0,"_bbp_anonymous_reply_count":0,"_bbp_topic_count_hidden":0,"_bbp_reply_count_hidden":0,"_bbp_forum_subforum_count":0,"footnotes":""},"categories":[66,500,29],"tags":[],"class_list":["post-9634","post","type-post","status-publish","format-standard","has-post-thumbnail","hentry","category-docencia","category-culturadigital","category-portada"],"post_mailing_queue_ids":[],"_links":{"self":[{"href":"https:\/\/serveiseducatius.xtec.cat\/altmaresme\/wp-json\/wp\/v2\/posts\/9634","targetHints":{"allow":["GET"]}}],"collection":[{"href":"https:\/\/serveiseducatius.xtec.cat\/altmaresme\/wp-json\/wp\/v2\/posts"}],"about":[{"href":"https:\/\/serveiseducatius.xtec.cat\/altmaresme\/wp-json\/wp\/v2\/types\/post"}],"author":[{"embeddable":true,"href":"https:\/\/serveiseducatius.xtec.cat\/altmaresme\/wp-json\/wp\/v2\/users\/7"}],"replies":[{"embeddable":true,"href":"https:\/\/serveiseducatius.xtec.cat\/altmaresme\/wp-json\/wp\/v2\/comments?post=9634"}],"version-history":[{"count":3,"href":"https:\/\/serveiseducatius.xtec.cat\/altmaresme\/wp-json\/wp\/v2\/posts\/9634\/revisions"}],"predecessor-version":[{"id":13395,"href":"https:\/\/serveiseducatius.xtec.cat\/altmaresme\/wp-json\/wp\/v2\/posts\/9634\/revisions\/13395"}],"wp:featuredmedia":[{"embeddable":true,"href":"https:\/\/serveiseducatius.xtec.cat\/altmaresme\/wp-json\/wp\/v2\/media\/9635"}],"wp:attachment":[{"href":"https:\/\/serveiseducatius.xtec.cat\/altmaresme\/wp-json\/wp\/v2\/media?parent=9634"}],"wp:term":[{"taxonomy":"category","embeddable":true,"href":"https:\/\/serveiseducatius.xtec.cat\/altmaresme\/wp-json\/wp\/v2\/categories?post=9634"},{"taxonomy":"post_tag","embeddable":true,"href":"https:\/\/serveiseducatius.xtec.cat\/altmaresme\/wp-json\/wp\/v2\/tags?post=9634"}],"curies":[{"name":"wp","href":"https:\/\/api.w.org\/{rel}","templated":true}]}}