{"id":9611,"date":"2017-04-06T17:04:59","date_gmt":"2017-04-06T15:04:59","guid":{"rendered":"http:\/\/serveiseducatius.xtec.cat\/altmaresme\/?p=9611"},"modified":"2017-04-06T17:04:59","modified_gmt":"2017-04-06T15:04:59","slug":"iv-jornades-literatura-territori-i-educacio-paisatges-de-la-memoria","status":"publish","type":"post","link":"https:\/\/serveiseducatius.xtec.cat\/altmaresme\/general\/iv-jornades-literatura-territori-i-educacio-paisatges-de-la-memoria\/","title":{"rendered":"IV Jornades literatura, territori i educaci\u00f3: Paisatges de la mem\u00f2ria"},"content":{"rendered":"<p>F\u00f2rum per compartir i debatre els valors educatius dels espais literaris i mostrar un ampli ventall de propostes did\u00e0ctiques d\u2019\u00e8xit. Estan dirigides a tots els professionals de l\u2019educaci\u00f3.<\/p>\n<p>Els dies 28, 29 i 30 d&#8217;abril a la Sala Municipal d&#8217;Arenys de Munt.<br \/>\n<a href=\"http:\/\/www.ub.edu\/ice\/jornades\/literatura2017\" target=\"_blank\">Podeu consultar el programa i fer la inscripci\u00f3<\/a> <\/p>\n<p><a href=\"http:\/\/serveiseducatius.xtec.cat\/altmaresme\/wp-content\/uploads\/usu1140\/2017\/04\/Captura-de-2017-04-06-170247.png\"><img loading=\"lazy\" decoding=\"async\" src=\"http:\/\/serveiseducatius.xtec.cat\/altmaresme\/wp-content\/uploads\/usu1140\/2017\/04\/Captura-de-2017-04-06-170247-300x120.png\" alt=\"Captura de 2017-04-06 17:02:47\" width=\"300\" height=\"120\" class=\"alignnone size-medium wp-image-9612\" srcset=\"https:\/\/serveiseducatius.xtec.cat\/altmaresme\/wp-content\/uploads\/usu1140\/2017\/04\/Captura-de-2017-04-06-170247-300x120.png 300w, https:\/\/serveiseducatius.xtec.cat\/altmaresme\/wp-content\/uploads\/usu1140\/2017\/04\/Captura-de-2017-04-06-170247.png 588w\" sizes=\"auto, (max-width: 300px) 100vw, 300px\" \/><\/a><\/p>\n","protected":false},"excerpt":{"rendered":"<p>F\u00f2rum per compartir i debatre els valors educatius dels espais literaris i mostrar un ampli ventall de propostes did\u00e0ctiques d\u2019\u00e8xit. Estan dirigides a tots els professionals de l\u2019educaci\u00f3.<br \/>\nEls dies 28, 29 i 30 d&#8217;abril a la Sala Municipal d&#8217;Arenys de Munt.<br \/>\n<a href=\"http:\/\/www.ub.edu\/ice\/jornades\/literatura2017\" target=\"_blank\">Podeu consultar el&hellip;  <a href=\"https:\/\/serveiseducatius.xtec.cat\/altmaresme\/general\/iv-jornades-literatura-territori-i-educacio-paisatges-de-la-memoria\/\" title=\"Read IV Jornades literatura, territori i educaci\u00f3: Paisatges de la mem\u00f2ria\">Llegeix m\u00e9s\u00bb<\/a><\/p>\n","protected":false},"author":6,"featured_media":9612,"comment_status":"open","ping_status":"open","sticky":false,"template":"","format":"standard","meta":{"_bbp_topic_count":0,"_bbp_reply_count":0,"_bbp_total_topic_count":0,"_bbp_total_reply_count":0,"_bbp_voice_count":0,"_bbp_anonymous_reply_count":0,"_bbp_topic_count_hidden":0,"_bbp_reply_count_hidden":0,"_bbp_forum_subforum_count":0,"footnotes":""},"categories":[1,29],"tags":[],"class_list":["post-9611","post","type-post","status-publish","format-standard","has-post-thumbnail","hentry","category-general","category-portada"],"post_mailing_queue_ids":[],"_links":{"self":[{"href":"https:\/\/serveiseducatius.xtec.cat\/altmaresme\/wp-json\/wp\/v2\/posts\/9611","targetHints":{"allow":["GET"]}}],"collection":[{"href":"https:\/\/serveiseducatius.xtec.cat\/altmaresme\/wp-json\/wp\/v2\/posts"}],"about":[{"href":"https:\/\/serveiseducatius.xtec.cat\/altmaresme\/wp-json\/wp\/v2\/types\/post"}],"author":[{"embeddable":true,"href":"https:\/\/serveiseducatius.xtec.cat\/altmaresme\/wp-json\/wp\/v2\/users\/6"}],"replies":[{"embeddable":true,"href":"https:\/\/serveiseducatius.xtec.cat\/altmaresme\/wp-json\/wp\/v2\/comments?post=9611"}],"version-history":[{"count":1,"href":"https:\/\/serveiseducatius.xtec.cat\/altmaresme\/wp-json\/wp\/v2\/posts\/9611\/revisions"}],"predecessor-version":[{"id":9613,"href":"https:\/\/serveiseducatius.xtec.cat\/altmaresme\/wp-json\/wp\/v2\/posts\/9611\/revisions\/9613"}],"wp:featuredmedia":[{"embeddable":true,"href":"https:\/\/serveiseducatius.xtec.cat\/altmaresme\/wp-json\/wp\/v2\/media\/9612"}],"wp:attachment":[{"href":"https:\/\/serveiseducatius.xtec.cat\/altmaresme\/wp-json\/wp\/v2\/media?parent=9611"}],"wp:term":[{"taxonomy":"category","embeddable":true,"href":"https:\/\/serveiseducatius.xtec.cat\/altmaresme\/wp-json\/wp\/v2\/categories?post=9611"},{"taxonomy":"post_tag","embeddable":true,"href":"https:\/\/serveiseducatius.xtec.cat\/altmaresme\/wp-json\/wp\/v2\/tags?post=9611"}],"curies":[{"name":"wp","href":"https:\/\/api.w.org\/{rel}","templated":true}]}}