{"id":9435,"date":"2017-03-23T11:27:12","date_gmt":"2017-03-23T10:27:12","guid":{"rendered":"http:\/\/serveiseducatius.xtec.cat\/altmaresme\/?p=9435"},"modified":"2017-06-06T22:19:43","modified_gmt":"2017-06-06T20:19:43","slug":"un-alumne-de-direccio-de-cuina-del-bisbe-sivilla-ha-quedat-tercer-a-les-olimpiades-estatals-dfp","status":"publish","type":"post","link":"https:\/\/serveiseducatius.xtec.cat\/altmaresme\/portada\/un-alumne-de-direccio-de-cuina-del-bisbe-sivilla-ha-quedat-tercer-a-les-olimpiades-estatals-dfp\/","title":{"rendered":"Un alumne de Direcci\u00f3 de Cuina del Bisbe Sivilla ha quedat tercer a les olimp\u00edades estatals d\u2019FP"},"content":{"rendered":"<p><em><strong>Ra\u00fal Rodr\u00edguez<\/strong>, graduat en Direcci\u00f3 de Cuina a l\u2019Institut Bisbe Sivilla de Calella, ha obtingut la medalla de bronze al campionat Spainskills (habilitats) de Formaci\u00f3 Professional. Va participar en la competici\u00f3 celebrada a Madrid despr\u00e9s de guanyar la fase pr\u00e8via, el Catskills 2016. Catalunya ha estat la comunitat m\u00e9s guardonada, amb un total de 12 medalles, de les quals 7 s\u00f3n d\u2019or.<\/em><\/p>\n<p><a href=\"http:\/\/serveiseducatius.xtec.cat\/altmaresme\/wp-content\/uploads\/usu1140\/2017\/03\/SPAINSKILLS-2.jpg\"><img loading=\"lazy\" decoding=\"async\" class=\"alignnone wp-image-9442 size-thumbnail\" src=\"http:\/\/serveiseducatius.xtec.cat\/altmaresme\/wp-content\/uploads\/usu1140\/2017\/03\/SPAINSKILLS-2-150x150.jpg\" alt=\"spainskills-2\" width=\"150\" height=\"150\" \/><\/a><a href=\"http:\/\/serveiseducatius.xtec.cat\/altmaresme\/wp-content\/uploads\/usu1140\/2017\/03\/SPAINSKILLS-3.jpg\"><img loading=\"lazy\" decoding=\"async\" class=\"alignnone wp-image-9441 size-thumbnail\" src=\"http:\/\/serveiseducatius.xtec.cat\/altmaresme\/wp-content\/uploads\/usu1140\/2017\/03\/SPAINSKILLS-3-150x150.jpg\" alt=\"spainskills-3\" width=\"150\" height=\"150\" \/><\/a><a href=\"http:\/\/serveiseducatius.xtec.cat\/altmaresme\/wp-content\/uploads\/usu1140\/2017\/03\/SPAINSKILLS-4.jpg\"><img loading=\"lazy\" decoding=\"async\" class=\"alignnone wp-image-9440 size-thumbnail\" src=\"http:\/\/serveiseducatius.xtec.cat\/altmaresme\/wp-content\/uploads\/usu1140\/2017\/03\/SPAINSKILLS-4-150x150.jpg\" alt=\"spainskills-4\" width=\"150\" height=\"150\" \/><\/a><a href=\"http:\/\/serveiseducatius.xtec.cat\/altmaresme\/wp-content\/uploads\/usu1140\/2017\/03\/SPAINSKILLS-5.jpg\"><img loading=\"lazy\" decoding=\"async\" class=\"alignnone wp-image-9439 size-thumbnail\" src=\"http:\/\/serveiseducatius.xtec.cat\/altmaresme\/wp-content\/uploads\/usu1140\/2017\/03\/SPAINSKILLS-5-150x150.jpg\" alt=\"spainskills-5\" width=\"150\" height=\"150\" \/><\/a><a href=\"http:\/\/serveiseducatius.xtec.cat\/altmaresme\/wp-content\/uploads\/usu1140\/2017\/03\/SPAINSKILLS-7.jpg\"><img loading=\"lazy\" decoding=\"async\" class=\"alignnone wp-image-9438 size-thumbnail\" src=\"http:\/\/serveiseducatius.xtec.cat\/altmaresme\/wp-content\/uploads\/usu1140\/2017\/03\/SPAINSKILLS-7-150x150.jpg\" alt=\"spainskills-7\" width=\"150\" height=\"150\" \/><\/a><a href=\"http:\/\/serveiseducatius.xtec.cat\/altmaresme\/wp-content\/uploads\/usu1140\/2017\/03\/SPAINSKILLS-8.jpg\"><img loading=\"lazy\" decoding=\"async\" class=\"alignnone wp-image-9437 size-thumbnail\" src=\"http:\/\/serveiseducatius.xtec.cat\/altmaresme\/wp-content\/uploads\/usu1140\/2017\/03\/SPAINSKILLS-8-150x150.jpg\" alt=\"spainskills-8\" width=\"150\" height=\"150\" \/><\/a><\/p>\n<p><em><strong>Teresa Gil<\/strong> \u00e9s la professora de l\u2019Institut Bisbe Sivilla que va acompanyar-lo durant les olimp\u00edades d\u2019FP. Amb medalla tamb\u00e9 va sortir-ne, i en aquest cas de plata, l\u2019alumne de l\u2019Institut Ramon Turr\u00f3 i Darder de Malgrat de Mar, <strong>Melissa Mendibur<\/strong>, en aquest cas per l\u2019skill de perruqueria.<\/em><\/p>\n<p>Font d&#8217;informaci\u00f3: <a href=\"http:\/\/www.radiocalella.cat\/un-alumne-de-direccio-de-cuina-del-bisbe-sivilla-ha-quedat-tercer-a-les-olimpiades-estatals-dfp\/\" target=\"_blank\">R\u00e0dio Calella Televisi\u00f3<\/a><\/p>\n","protected":false},"excerpt":{"rendered":"<p>Ra\u00fal Rodr\u00edguez, graduat en Direcci\u00f3 de Cuina a l\u2019Institut Bisbe Sivilla de Calella, ha obtingut la medalla de bronze al campionat Spainskills (habilitats) de Formaci\u00f3 Professional&hellip;  <a href=\"https:\/\/serveiseducatius.xtec.cat\/altmaresme\/portada\/un-alumne-de-direccio-de-cuina-del-bisbe-sivilla-ha-quedat-tercer-a-les-olimpiades-estatals-dfp\/\" title=\"Read Un alumne de Direcci\u00f3 de Cuina del Bisbe Sivilla ha quedat tercer a les olimp\u00edades estatals d\u2019FP\">Llegeix m\u00e9s\u00bb<\/a><\/p>\n","protected":false},"author":7,"featured_media":9436,"comment_status":"open","ping_status":"closed","sticky":false,"template":"","format":"standard","meta":{"_bbp_topic_count":0,"_bbp_reply_count":0,"_bbp_total_topic_count":0,"_bbp_total_reply_count":0,"_bbp_voice_count":0,"_bbp_anonymous_reply_count":0,"_bbp_topic_count_hidden":0,"_bbp_reply_count_hidden":0,"_bbp_forum_subforum_count":0,"footnotes":""},"categories":[29],"tags":[],"class_list":["post-9435","post","type-post","status-publish","format-standard","has-post-thumbnail","hentry","category-portada"],"post_mailing_queue_ids":[],"_links":{"self":[{"href":"https:\/\/serveiseducatius.xtec.cat\/altmaresme\/wp-json\/wp\/v2\/posts\/9435","targetHints":{"allow":["GET"]}}],"collection":[{"href":"https:\/\/serveiseducatius.xtec.cat\/altmaresme\/wp-json\/wp\/v2\/posts"}],"about":[{"href":"https:\/\/serveiseducatius.xtec.cat\/altmaresme\/wp-json\/wp\/v2\/types\/post"}],"author":[{"embeddable":true,"href":"https:\/\/serveiseducatius.xtec.cat\/altmaresme\/wp-json\/wp\/v2\/users\/7"}],"replies":[{"embeddable":true,"href":"https:\/\/serveiseducatius.xtec.cat\/altmaresme\/wp-json\/wp\/v2\/comments?post=9435"}],"version-history":[{"count":1,"href":"https:\/\/serveiseducatius.xtec.cat\/altmaresme\/wp-json\/wp\/v2\/posts\/9435\/revisions"}],"predecessor-version":[{"id":9443,"href":"https:\/\/serveiseducatius.xtec.cat\/altmaresme\/wp-json\/wp\/v2\/posts\/9435\/revisions\/9443"}],"wp:featuredmedia":[{"embeddable":true,"href":"https:\/\/serveiseducatius.xtec.cat\/altmaresme\/wp-json\/wp\/v2\/media\/9436"}],"wp:attachment":[{"href":"https:\/\/serveiseducatius.xtec.cat\/altmaresme\/wp-json\/wp\/v2\/media?parent=9435"}],"wp:term":[{"taxonomy":"category","embeddable":true,"href":"https:\/\/serveiseducatius.xtec.cat\/altmaresme\/wp-json\/wp\/v2\/categories?post=9435"},{"taxonomy":"post_tag","embeddable":true,"href":"https:\/\/serveiseducatius.xtec.cat\/altmaresme\/wp-json\/wp\/v2\/tags?post=9435"}],"curies":[{"name":"wp","href":"https:\/\/api.w.org\/{rel}","templated":true}]}}