{"id":9427,"date":"2017-03-21T18:51:07","date_gmt":"2017-03-21T17:51:07","guid":{"rendered":"http:\/\/serveiseducatius.xtec.cat\/altmaresme\/?p=9427"},"modified":"2017-12-22T11:02:39","modified_gmt":"2017-12-22T10:02:39","slug":"gimcana-dia-pi-a-palafolls","status":"publish","type":"post","link":"https:\/\/serveiseducatius.xtec.cat\/altmaresme\/portada\/gimcana-dia-pi-a-palafolls\/","title":{"rendered":"Gimcana Dia Pi a Palafolls"},"content":{"rendered":"<p>El passat dimarts 14 de mar\u00e7, en motiu del dia Pi, els <strong>alumnes de 3r de l&#8217;Escola Les Ferreries<\/strong>, van fer una <strong>gimcana matem\u00e0tica<\/strong> per tot Palafolls.<\/p>\n<p>Van realitzar diferents proves, on la tem\u00e0tica com\u00fa eren les matem\u00e0tiques: c\u00e0lcul, euros, hores, gr\u00e0fic, mesura, orientaci\u00f3, numeraci\u00f3, \u2026<\/p>\n<p>La gimcana va finalitzar amb la formaci\u00f3 d\u2019una frase que els alumnes havien de construir amb les lletres que guanyaven al superar cada prova i amb l\u2019entrega de medalles per tots els alumnes.<\/p>\n<p><a href=\"https:\/\/goo.gl\/photos\/vK5QqM2GQ72CroQ46\" target=\"_blank\" rel=\"noopener noreferrer\">Fotos del dia PI<\/a><\/p>\n<p>Font d&#8217;informaci\u00f3: <a href=\"http:\/\/agora.xtec.cat\/ceip-lesferreries-palafolls\/educacio-primaria\/tercer-a\/gimcana-dia-pi-per-palafolls\/\" target=\"_blank\" rel=\"noopener noreferrer\">web Escola Les Ferreries<\/a><\/p>\n<p>&nbsp;<\/p>\n","protected":false},"excerpt":{"rendered":"<p>El passat dimarts 14 de mar\u00e7, en motiu del dia Pi, els alumnes de 3r de l&#8217;Escola Les Ferreries, van fer una gimcana matem\u00e0tica per tot Palafolls.&hellip;  <a href=\"https:\/\/serveiseducatius.xtec.cat\/altmaresme\/portada\/gimcana-dia-pi-a-palafolls\/\" title=\"Read Gimcana Dia Pi a Palafolls\">Llegeix m\u00e9s\u00bb<\/a><\/p>\n","protected":false},"author":7,"featured_media":9428,"comment_status":"open","ping_status":"closed","sticky":false,"template":"","format":"standard","meta":{"_bbp_topic_count":0,"_bbp_reply_count":0,"_bbp_total_topic_count":0,"_bbp_total_reply_count":0,"_bbp_voice_count":0,"_bbp_anonymous_reply_count":0,"_bbp_topic_count_hidden":0,"_bbp_reply_count_hidden":0,"_bbp_forum_subforum_count":0,"footnotes":""},"categories":[283,29],"tags":[],"class_list":["post-9427","post","type-post","status-publish","format-standard","has-post-thumbnail","hentry","category-matematiques","category-portada"],"post_mailing_queue_ids":[],"_links":{"self":[{"href":"https:\/\/serveiseducatius.xtec.cat\/altmaresme\/wp-json\/wp\/v2\/posts\/9427","targetHints":{"allow":["GET"]}}],"collection":[{"href":"https:\/\/serveiseducatius.xtec.cat\/altmaresme\/wp-json\/wp\/v2\/posts"}],"about":[{"href":"https:\/\/serveiseducatius.xtec.cat\/altmaresme\/wp-json\/wp\/v2\/types\/post"}],"author":[{"embeddable":true,"href":"https:\/\/serveiseducatius.xtec.cat\/altmaresme\/wp-json\/wp\/v2\/users\/7"}],"replies":[{"embeddable":true,"href":"https:\/\/serveiseducatius.xtec.cat\/altmaresme\/wp-json\/wp\/v2\/comments?post=9427"}],"version-history":[{"count":2,"href":"https:\/\/serveiseducatius.xtec.cat\/altmaresme\/wp-json\/wp\/v2\/posts\/9427\/revisions"}],"predecessor-version":[{"id":10636,"href":"https:\/\/serveiseducatius.xtec.cat\/altmaresme\/wp-json\/wp\/v2\/posts\/9427\/revisions\/10636"}],"wp:featuredmedia":[{"embeddable":true,"href":"https:\/\/serveiseducatius.xtec.cat\/altmaresme\/wp-json\/wp\/v2\/media\/9428"}],"wp:attachment":[{"href":"https:\/\/serveiseducatius.xtec.cat\/altmaresme\/wp-json\/wp\/v2\/media?parent=9427"}],"wp:term":[{"taxonomy":"category","embeddable":true,"href":"https:\/\/serveiseducatius.xtec.cat\/altmaresme\/wp-json\/wp\/v2\/categories?post=9427"},{"taxonomy":"post_tag","embeddable":true,"href":"https:\/\/serveiseducatius.xtec.cat\/altmaresme\/wp-json\/wp\/v2\/tags?post=9427"}],"curies":[{"name":"wp","href":"https:\/\/api.w.org\/{rel}","templated":true}]}}