{"id":9415,"date":"2017-03-17T10:42:57","date_gmt":"2017-03-17T09:42:57","guid":{"rendered":"http:\/\/serveiseducatius.xtec.cat\/altmaresme\/?p=9415"},"modified":"2017-03-17T10:42:57","modified_gmt":"2017-03-17T09:42:57","slug":"biblioteca-escolar_acte-en-linea","status":"publish","type":"post","link":"https:\/\/serveiseducatius.xtec.cat\/altmaresme\/general\/biblioteca-escolar_acte-en-linea\/","title":{"rendered":"Biblioteca escolar_acte en l\u00ednea"},"content":{"rendered":"<p><a href=\"http:\/\/serveiseducatius.xtec.cat\/altmaresme\/wp-content\/uploads\/usu1140\/2017\/03\/Captura-de-2017-03-17-103127.png\"><img loading=\"lazy\" decoding=\"async\" src=\"http:\/\/serveiseducatius.xtec.cat\/altmaresme\/wp-content\/uploads\/usu1140\/2017\/03\/Captura-de-2017-03-17-103127-300x249.png\" alt=\"captura-de-2017-03-17-103127\" width=\"300\" height=\"249\" class=\"alignnone size-medium wp-image-9416\" srcset=\"https:\/\/serveiseducatius.xtec.cat\/altmaresme\/wp-content\/uploads\/usu1140\/2017\/03\/Captura-de-2017-03-17-103127-300x250.png 300w, https:\/\/serveiseducatius.xtec.cat\/altmaresme\/wp-content\/uploads\/usu1140\/2017\/03\/Captura-de-2017-03-17-103127.png 521w\" sizes=\"auto, (max-width: 300px) 100vw, 300px\" \/><\/a><\/p>\n<p>El 30 de mar\u00e7 de 2017 de 18 h a 19 h acte en l\u00ednia gratu\u00eft i obert a tothom (equips directius, mestres i professors, responsables de biblioteques escolars i bibliotecaris, etc.).<br \/>\n<a href=\"http:\/\/www.fbofill.cat\/formularis\/acte-en-linia-biblioteca-escolar\" target=\"_blank\">Clica aqu\u00ed per inscriure&#8217;t<\/a><\/p>\n<p>El seminari ser\u00e0 moderat per Eul\u00e0lia Espin\u00e0s, gestora de biblioteques i centres culturals, i comptar\u00e0 amb la participaci\u00f3 de:<br \/>\n\u2022 M\u00f2nica Bar\u00f3, professora de la Facultat de Biblioteconomia i Documentaci\u00f3 de la Universitat de Barcelona.<br \/>\n\u2022 In\u00e9s Miret, directora de Laboratorio Emilia www.laboratorioemilia.com.<br \/>\n\u2022 Mariona Trabal, mestra i responsable de la Biblioteca Marta Mata de l\u2019Escola Orlandai de Barcelona.<\/p>\n<p>La durada prevista del seminari web \u00e9s de 60 minuts. Obert i online a www.fbofill.cat. L&#8217;acc\u00e9s \u00e9s gratu\u00eft i tamb\u00e9 es podr\u00e0 participar via Twitter amb el hashtag #bibliotecaescolar<\/p>\n","protected":false},"excerpt":{"rendered":"<p><a href=\"http:\/\/serveiseducatius.xtec.cat\/altmaresme\/wp-content\/uploads\/usu1140\/2017\/03\/Captura-de-2017-03-17-103127.png\"><\/a><br \/>\nEl 30 de mar\u00e7 de 2017 de 18 h a 19 h acte en l\u00ednia gratu\u00eft i obert a tothom (equips directius, mestres i professors, responsables de biblioteques escolars i bibliotecaris, etc.).<br \/>\n<a href=\"http:\/\/www.fbofill.cat\/formularis\/acte-en-linia-biblioteca-escolar\" target=\"_blank\">Clica aqu\u00ed per inscriure&#8217;t<\/a><br \/>\nEl seminari ser\u00e0 moderat per Eul\u00e0lia Espin\u00e0s, gestora&hellip;  <a href=\"https:\/\/serveiseducatius.xtec.cat\/altmaresme\/general\/biblioteca-escolar_acte-en-linea\/\" title=\"Read Biblioteca escolar_acte en l\u00ednea\">Llegeix m\u00e9s\u00bb<\/a><\/p>\n","protected":false},"author":6,"featured_media":9416,"comment_status":"open","ping_status":"open","sticky":false,"template":"","format":"standard","meta":{"_bbp_topic_count":0,"_bbp_reply_count":0,"_bbp_total_topic_count":0,"_bbp_total_reply_count":0,"_bbp_voice_count":0,"_bbp_anonymous_reply_count":0,"_bbp_topic_count_hidden":0,"_bbp_reply_count_hidden":0,"_bbp_forum_subforum_count":0,"footnotes":""},"categories":[81,1,29],"tags":[],"class_list":["post-9415","post","type-post","status-publish","format-standard","has-post-thumbnail","hentry","category-biblioteca-escolar","category-general","category-portada"],"post_mailing_queue_ids":[],"_links":{"self":[{"href":"https:\/\/serveiseducatius.xtec.cat\/altmaresme\/wp-json\/wp\/v2\/posts\/9415","targetHints":{"allow":["GET"]}}],"collection":[{"href":"https:\/\/serveiseducatius.xtec.cat\/altmaresme\/wp-json\/wp\/v2\/posts"}],"about":[{"href":"https:\/\/serveiseducatius.xtec.cat\/altmaresme\/wp-json\/wp\/v2\/types\/post"}],"author":[{"embeddable":true,"href":"https:\/\/serveiseducatius.xtec.cat\/altmaresme\/wp-json\/wp\/v2\/users\/6"}],"replies":[{"embeddable":true,"href":"https:\/\/serveiseducatius.xtec.cat\/altmaresme\/wp-json\/wp\/v2\/comments?post=9415"}],"version-history":[{"count":3,"href":"https:\/\/serveiseducatius.xtec.cat\/altmaresme\/wp-json\/wp\/v2\/posts\/9415\/revisions"}],"predecessor-version":[{"id":9421,"href":"https:\/\/serveiseducatius.xtec.cat\/altmaresme\/wp-json\/wp\/v2\/posts\/9415\/revisions\/9421"}],"wp:featuredmedia":[{"embeddable":true,"href":"https:\/\/serveiseducatius.xtec.cat\/altmaresme\/wp-json\/wp\/v2\/media\/9416"}],"wp:attachment":[{"href":"https:\/\/serveiseducatius.xtec.cat\/altmaresme\/wp-json\/wp\/v2\/media?parent=9415"}],"wp:term":[{"taxonomy":"category","embeddable":true,"href":"https:\/\/serveiseducatius.xtec.cat\/altmaresme\/wp-json\/wp\/v2\/categories?post=9415"},{"taxonomy":"post_tag","embeddable":true,"href":"https:\/\/serveiseducatius.xtec.cat\/altmaresme\/wp-json\/wp\/v2\/tags?post=9415"}],"curies":[{"name":"wp","href":"https:\/\/api.w.org\/{rel}","templated":true}]}}