{"id":9378,"date":"2017-03-16T12:06:42","date_gmt":"2017-03-16T11:06:42","guid":{"rendered":"http:\/\/serveiseducatius.xtec.cat\/altmaresme\/?p=9378"},"modified":"2017-03-16T12:06:42","modified_gmt":"2017-03-16T11:06:42","slug":"el-grup-de-treball-def-a-tordera-organitza-la-ii-diada-esportiva","status":"publish","type":"post","link":"https:\/\/serveiseducatius.xtec.cat\/altmaresme\/portada\/el-grup-de-treball-def-a-tordera-organitza-la-ii-diada-esportiva\/","title":{"rendered":"El Grup de Treball d&#8217;EF a Tordera, organitza la II Diada Esportiva"},"content":{"rendered":"<p>El passat 3 de mar\u00e7 de 2017, el <strong>Grup de Treball d&#8217;Educaci\u00f3 F\u00edsica de Tordera<\/strong> va organitzar la <strong>II Diada Esportiva<\/strong>. Aquest grup est\u00e0 format per mestres i professors\/es d&#8217;educaci\u00f3 f\u00edsica dels centres de Tordera.<\/p>\n<p>En aquesta activitat hi van uns <strong>1900 alumnes de prim\u00e0ria i secund\u00e0ria<\/strong> del municipi. L&#8217;objectiu va ser promocionar <strong>l&#8217;esport i la salut<\/strong> a Tordera.<\/p>\n<p>Van realitzar diferents proves esportives per diferents indrets de Tordera.<\/p>\n<p>Des del Servei Educatiu de l&#8217;Alt Maresme, enhorabona per la feina!!<\/p>\n<p>Font d&#8217;informaci\u00f3: <a href=\"http:\/\/www.tordera.cat\/document.php?id=6160\">Ajuntament de Tordera<\/a><\/p>\n","protected":false},"excerpt":{"rendered":"<p>El passat 3 de mar\u00e7 de 2017, el Grup de Treball d&#8217;Educaci\u00f3 F\u00edsica de Tordera va organitzar la II Diada Esportiva. Aquest grup est\u00e0 format per mestres i professors\/es d&#8217;educaci\u00f3 f\u00edsica dels centres de Tordera. &hellip;  <a href=\"https:\/\/serveiseducatius.xtec.cat\/altmaresme\/portada\/el-grup-de-treball-def-a-tordera-organitza-la-ii-diada-esportiva\/\" title=\"Read El Grup de Treball d&#8217;EF a Tordera, organitza la II Diada Esportiva\">Llegeix m\u00e9s\u00bb<\/a><\/p>\n","protected":false},"author":7,"featured_media":0,"comment_status":"open","ping_status":"open","sticky":false,"template":"","format":"standard","meta":{"_bbp_topic_count":0,"_bbp_reply_count":0,"_bbp_total_topic_count":0,"_bbp_total_reply_count":0,"_bbp_voice_count":0,"_bbp_anonymous_reply_count":0,"_bbp_topic_count_hidden":0,"_bbp_reply_count_hidden":0,"_bbp_forum_subforum_count":0,"footnotes":""},"categories":[66,29],"tags":[],"class_list":["post-9378","post","type-post","status-publish","format-standard","hentry","category-docencia","category-portada"],"post_mailing_queue_ids":[],"_links":{"self":[{"href":"https:\/\/serveiseducatius.xtec.cat\/altmaresme\/wp-json\/wp\/v2\/posts\/9378","targetHints":{"allow":["GET"]}}],"collection":[{"href":"https:\/\/serveiseducatius.xtec.cat\/altmaresme\/wp-json\/wp\/v2\/posts"}],"about":[{"href":"https:\/\/serveiseducatius.xtec.cat\/altmaresme\/wp-json\/wp\/v2\/types\/post"}],"author":[{"embeddable":true,"href":"https:\/\/serveiseducatius.xtec.cat\/altmaresme\/wp-json\/wp\/v2\/users\/7"}],"replies":[{"embeddable":true,"href":"https:\/\/serveiseducatius.xtec.cat\/altmaresme\/wp-json\/wp\/v2\/comments?post=9378"}],"version-history":[{"count":1,"href":"https:\/\/serveiseducatius.xtec.cat\/altmaresme\/wp-json\/wp\/v2\/posts\/9378\/revisions"}],"predecessor-version":[{"id":9380,"href":"https:\/\/serveiseducatius.xtec.cat\/altmaresme\/wp-json\/wp\/v2\/posts\/9378\/revisions\/9380"}],"wp:attachment":[{"href":"https:\/\/serveiseducatius.xtec.cat\/altmaresme\/wp-json\/wp\/v2\/media?parent=9378"}],"wp:term":[{"taxonomy":"category","embeddable":true,"href":"https:\/\/serveiseducatius.xtec.cat\/altmaresme\/wp-json\/wp\/v2\/categories?post=9378"},{"taxonomy":"post_tag","embeddable":true,"href":"https:\/\/serveiseducatius.xtec.cat\/altmaresme\/wp-json\/wp\/v2\/tags?post=9378"}],"curies":[{"name":"wp","href":"https:\/\/api.w.org\/{rel}","templated":true}]}}