{"id":9375,"date":"2017-03-16T10:40:34","date_gmt":"2017-03-16T09:40:34","guid":{"rendered":"http:\/\/serveiseducatius.xtec.cat\/altmaresme\/?p=9375"},"modified":"2017-03-23T12:53:59","modified_gmt":"2017-03-23T11:53:59","slug":"el-grup-de-treball-def-organitza-la-ii-trobada-esportiva-a-blanes","status":"publish","type":"post","link":"https:\/\/serveiseducatius.xtec.cat\/altmaresme\/portada\/el-grup-de-treball-def-organitza-la-ii-trobada-esportiva-a-blanes\/","title":{"rendered":"I Trobada de jocs i danses a Blanes"},"content":{"rendered":"<p>El passat 20 de gener de 2017, des del <strong>Grup de Treball d&#8217;Educaci\u00f3 F\u00edsica<\/strong> es va organitzar la<strong> Trobada Esportiva a la Blanes<\/strong>, adre\u00e7ada als alumnes de prim\u00e0ria on el tema principal van ser els<strong> jocs i les danses<\/strong>.<\/p>\n<p><a href=\"http:\/\/serveiseducatius.xtec.cat\/altmaresme\/wp-content\/uploads\/usu1140\/2017\/03\/IMG_20170120_122620.jpg\"><img loading=\"lazy\" decoding=\"async\" class=\"size-medium wp-image-9376 aligncenter\" src=\"http:\/\/serveiseducatius.xtec.cat\/altmaresme\/wp-content\/uploads\/usu1140\/2017\/03\/IMG_20170120_122620-300x225.jpg\" alt=\"img_20170120_122620\" width=\"300\" height=\"225\" srcset=\"https:\/\/serveiseducatius.xtec.cat\/altmaresme\/wp-content\/uploads\/usu1140\/2017\/03\/IMG_20170120_122620-300x225.jpg 300w, https:\/\/serveiseducatius.xtec.cat\/altmaresme\/wp-content\/uploads\/usu1140\/2017\/03\/IMG_20170120_122620-768x576.jpg 768w, https:\/\/serveiseducatius.xtec.cat\/altmaresme\/wp-content\/uploads\/usu1140\/2017\/03\/IMG_20170120_122620-1024x768.jpg 1024w, https:\/\/serveiseducatius.xtec.cat\/altmaresme\/wp-content\/uploads\/usu1140\/2017\/03\/IMG_20170120_122620-200x150.jpg 200w\" sizes=\"auto, (max-width: 300px) 100vw, 300px\" \/><\/a><\/p>\n<p style=\"text-align: center;\"><a href=\"https:\/\/goo.gl\/photos\/tjLEsdF6xZFp74TUA\">Enlla\u00e7 a l&#8217;\u00e0lbum de fotografies<\/a><\/p>\n<p>Un cop m\u00e9s, el nostre reconeixement per la bona feina. Aquestes activitats intercentres fomenten valors que van m\u00e9s enll\u00e0 dels esportius.<\/p>\n<p>&nbsp;<\/p>\n","protected":false},"excerpt":{"rendered":"<p>II Trobada Esportiva a Blanes, Jocs i Danses. Organitzada pel Grup de Treball d&#8217;Educaci\u00f3 F\u00edsica. &hellip;  <a href=\"https:\/\/serveiseducatius.xtec.cat\/altmaresme\/portada\/el-grup-de-treball-def-organitza-la-ii-trobada-esportiva-a-blanes\/\" title=\"Read I Trobada de jocs i danses a Blanes\">Llegeix m\u00e9s\u00bb<\/a><\/p>\n","protected":false},"author":7,"featured_media":9376,"comment_status":"open","ping_status":"open","sticky":false,"template":"","format":"standard","meta":{"_bbp_topic_count":0,"_bbp_reply_count":0,"_bbp_total_topic_count":0,"_bbp_total_reply_count":0,"_bbp_voice_count":0,"_bbp_anonymous_reply_count":0,"_bbp_topic_count_hidden":0,"_bbp_reply_count_hidden":0,"_bbp_forum_subforum_count":0,"footnotes":""},"categories":[29],"tags":[],"class_list":["post-9375","post","type-post","status-publish","format-standard","has-post-thumbnail","hentry","category-portada"],"post_mailing_queue_ids":[],"_links":{"self":[{"href":"https:\/\/serveiseducatius.xtec.cat\/altmaresme\/wp-json\/wp\/v2\/posts\/9375","targetHints":{"allow":["GET"]}}],"collection":[{"href":"https:\/\/serveiseducatius.xtec.cat\/altmaresme\/wp-json\/wp\/v2\/posts"}],"about":[{"href":"https:\/\/serveiseducatius.xtec.cat\/altmaresme\/wp-json\/wp\/v2\/types\/post"}],"author":[{"embeddable":true,"href":"https:\/\/serveiseducatius.xtec.cat\/altmaresme\/wp-json\/wp\/v2\/users\/7"}],"replies":[{"embeddable":true,"href":"https:\/\/serveiseducatius.xtec.cat\/altmaresme\/wp-json\/wp\/v2\/comments?post=9375"}],"version-history":[{"count":2,"href":"https:\/\/serveiseducatius.xtec.cat\/altmaresme\/wp-json\/wp\/v2\/posts\/9375\/revisions"}],"predecessor-version":[{"id":9447,"href":"https:\/\/serveiseducatius.xtec.cat\/altmaresme\/wp-json\/wp\/v2\/posts\/9375\/revisions\/9447"}],"wp:featuredmedia":[{"embeddable":true,"href":"https:\/\/serveiseducatius.xtec.cat\/altmaresme\/wp-json\/wp\/v2\/media\/9376"}],"wp:attachment":[{"href":"https:\/\/serveiseducatius.xtec.cat\/altmaresme\/wp-json\/wp\/v2\/media?parent=9375"}],"wp:term":[{"taxonomy":"category","embeddable":true,"href":"https:\/\/serveiseducatius.xtec.cat\/altmaresme\/wp-json\/wp\/v2\/categories?post=9375"},{"taxonomy":"post_tag","embeddable":true,"href":"https:\/\/serveiseducatius.xtec.cat\/altmaresme\/wp-json\/wp\/v2\/tags?post=9375"}],"curies":[{"name":"wp","href":"https:\/\/api.w.org\/{rel}","templated":true}]}}