{"id":9347,"date":"2017-03-08T14:10:00","date_gmt":"2017-03-08T13:10:00","guid":{"rendered":"http:\/\/serveiseducatius.xtec.cat\/altmaresme\/?p=9347"},"modified":"2017-03-08T14:10:00","modified_gmt":"2017-03-08T13:10:00","slug":"programa-ciencia-i-aula-xerrada-lensenyament-de-lelectricitat-a-lescola-primaria","status":"publish","type":"post","link":"https:\/\/serveiseducatius.xtec.cat\/altmaresme\/portada\/programa-ciencia-i-aula-xerrada-lensenyament-de-lelectricitat-a-lescola-primaria\/","title":{"rendered":"Programa Ci\u00e8ncia i Aula. Xerrada: L\u2019ensenyament de l\u2019electricitat a l\u2019escola prim\u00e0ria"},"content":{"rendered":"<p><a href=\"http:\/\/serveiseducatius.xtec.cat\/altmaresme\/wp-content\/uploads\/usu1140\/2017\/03\/FCRI.jpg\"><img loading=\"lazy\" decoding=\"async\" class=\"alignnone size-full wp-image-9351\" src=\"http:\/\/serveiseducatius.xtec.cat\/altmaresme\/wp-content\/uploads\/usu1140\/2017\/03\/FCRI.jpg\" alt=\"fcri\" width=\"206\" height=\"111\" \/><\/a><strong><a href=\"http:\/\/www.fundaciorecerca.cat\/ca\/projecte_detall.asp?id_menu=666&amp;id_projecte=2225&amp;accio=si\" target=\"_blank\">Ci\u00e8ncia i Aula: Com ensenyar el corrent el\u00e8ctric a prim\u00e0ria<\/a><\/strong><br \/>\nL\u2019ensenyament de l\u2019electricitat pot ser molt m\u00e9s f\u00e0cil i vivencial del que sovint imaginem.<\/p>\n<p><strong>Data:<\/strong> dijous 16 de mar\u00e7 de 2017, de 18.00 a 19.30 hores<br \/>\n<strong>Lloc:<\/strong> FCRi \u2013 Passeig de Llu\u00eds Companys, 23 \u2013 Barcelona<br \/>\n<strong>Inscripcions:<\/strong> <a href=\"mailto:montse.miras@fundaciorecerca.cat\">montse.miras@fundaciorecerca.cat<\/a><br \/>\n<strong>Intervindr\u00e0:<\/strong> V\u00edctor Grau, f\u00edsic, professor de Did\u00e0ctica de les Ci\u00e8ncies de la Universitat de Vic \u2013 Universitat Central de Catalunya.<\/p>\n<p>Percebut com un tema dif\u00edcil d\u2019explicar per als mestres i d\u2019entendre per als alumnes, hi ha en canvi recursos<br \/>\nque permeten un aprenentatge clar i prou profund del tema, fent-lo no m\u00e9s dif\u00edcil que, per exemple, la llum,<br \/>\nles forces o l\u2019estructura corpuscular de la mat\u00e8ria.<\/p>\n<p>Sovint el seu ensenyament queda redu\u00eft a la construcci\u00f3 de circuits, obviant all\u00f2 que \u00e9s b\u00e0sic per entendre el tema:<br \/>\nla comprensi\u00f3 de la seva naturalesa. Cal anar cap a un ensenyament dels conceptes b\u00e0sics, ja que nom\u00e9s la seva adquisici\u00f3 possibilita una bona comprensi\u00f3 del corrent el\u00e8ctric i els circuits<\/p>\n<p>La xerrada planteja la necessitat d\u2019atacar el repte del seu ensenyament combinant circuits el\u00e8ctrics amb una aproximaci\u00f3 microsc\u00f2pica a la seva naturalesa f\u00edsica i amb el suport de models f\u00edsics<\/p>\n","protected":false},"excerpt":{"rendered":"<p><a href=\"http:\/\/serveiseducatius.xtec.cat\/altmaresme\/wp-content\/uploads\/usu1140\/2017\/03\/FCRI.jpg\"><\/a><a href=\"http:\/\/www.fundaciorecerca.cat\/ca\/projecte_detall.asp?id_menu=666&amp;id_projecte=2225&amp;accio=si\" target=\"_blank\">Ci\u00e8ncia i Aula: Com ensenyar el corrent el\u00e8ctric a prim\u00e0ria<\/a><br \/>\nL\u2019ensenyament de l\u2019electricitat pot ser molt m\u00e9s f\u00e0cil i vivencial del que sovint imaginem.<br \/>\nData: dijous 16 de mar\u00e7 de 2017, de 18.00 a 19.30 hores<br \/>\nLloc: FCRi \u2013 Passeig de Llu\u00eds Companys, 23 \u2013&hellip;  <a href=\"https:\/\/serveiseducatius.xtec.cat\/altmaresme\/portada\/programa-ciencia-i-aula-xerrada-lensenyament-de-lelectricitat-a-lescola-primaria\/\" title=\"Read Programa Ci\u00e8ncia i Aula. Xerrada: L\u2019ensenyament de l\u2019electricitat a l\u2019escola prim\u00e0ria\">Llegeix m\u00e9s\u00bb<\/a><\/p>\n","protected":false},"author":8,"featured_media":9351,"comment_status":"open","ping_status":"open","sticky":false,"template":"","format":"standard","meta":{"_bbp_topic_count":0,"_bbp_reply_count":0,"_bbp_total_topic_count":0,"_bbp_total_reply_count":0,"_bbp_voice_count":0,"_bbp_anonymous_reply_count":0,"_bbp_topic_count_hidden":0,"_bbp_reply_count_hidden":0,"_bbp_forum_subforum_count":0,"footnotes":""},"categories":[29],"tags":[],"class_list":["post-9347","post","type-post","status-publish","format-standard","has-post-thumbnail","hentry","category-portada"],"post_mailing_queue_ids":[],"_links":{"self":[{"href":"https:\/\/serveiseducatius.xtec.cat\/altmaresme\/wp-json\/wp\/v2\/posts\/9347","targetHints":{"allow":["GET"]}}],"collection":[{"href":"https:\/\/serveiseducatius.xtec.cat\/altmaresme\/wp-json\/wp\/v2\/posts"}],"about":[{"href":"https:\/\/serveiseducatius.xtec.cat\/altmaresme\/wp-json\/wp\/v2\/types\/post"}],"author":[{"embeddable":true,"href":"https:\/\/serveiseducatius.xtec.cat\/altmaresme\/wp-json\/wp\/v2\/users\/8"}],"replies":[{"embeddable":true,"href":"https:\/\/serveiseducatius.xtec.cat\/altmaresme\/wp-json\/wp\/v2\/comments?post=9347"}],"version-history":[{"count":3,"href":"https:\/\/serveiseducatius.xtec.cat\/altmaresme\/wp-json\/wp\/v2\/posts\/9347\/revisions"}],"predecessor-version":[{"id":9359,"href":"https:\/\/serveiseducatius.xtec.cat\/altmaresme\/wp-json\/wp\/v2\/posts\/9347\/revisions\/9359"}],"wp:featuredmedia":[{"embeddable":true,"href":"https:\/\/serveiseducatius.xtec.cat\/altmaresme\/wp-json\/wp\/v2\/media\/9351"}],"wp:attachment":[{"href":"https:\/\/serveiseducatius.xtec.cat\/altmaresme\/wp-json\/wp\/v2\/media?parent=9347"}],"wp:term":[{"taxonomy":"category","embeddable":true,"href":"https:\/\/serveiseducatius.xtec.cat\/altmaresme\/wp-json\/wp\/v2\/categories?post=9347"},{"taxonomy":"post_tag","embeddable":true,"href":"https:\/\/serveiseducatius.xtec.cat\/altmaresme\/wp-json\/wp\/v2\/tags?post=9347"}],"curies":[{"name":"wp","href":"https:\/\/api.w.org\/{rel}","templated":true}]}}