{"id":9342,"date":"2017-03-08T10:24:33","date_gmt":"2017-03-08T09:24:33","guid":{"rendered":"http:\/\/serveiseducatius.xtec.cat\/altmaresme\/?p=9342"},"modified":"2017-03-08T10:31:58","modified_gmt":"2017-03-08T09:31:58","slug":"un-projecte-presentat-per-dos-alumnes-de-lies-domenech-i-montaner-guanya-un-premi-de-recerca-jove","status":"publish","type":"post","link":"https:\/\/serveiseducatius.xtec.cat\/altmaresme\/portada\/un-projecte-presentat-per-dos-alumnes-de-lies-domenech-i-montaner-guanya-un-premi-de-recerca-jove\/","title":{"rendered":"Un projecte presentat per dos alumnes de l&#8217;IES Dom\u00e8nech i Montaner guanya un Premi de Recerca Jove"},"content":{"rendered":"<p>Dos alumnes de l&#8217;<strong>Institut Llu\u00eds Dom\u00e8nech i Montaner<\/strong> guanyen un Premi de Recerca Jove convocat pel Departament d&#8217;Empresa i Coneixement de la Generalitat. Aquest \u00e9s el quart any consecutiu que el centre aconsegueix un premi d&#8217;aquestes caracter\u00edstiques.<\/p>\n<p>En aquest cas parlem d&#8217;un <strong>projecte de recerca<\/strong> de <strong>Tecnologia de 4t d&#8217;ESO<\/strong> sobre noves tecnologies aplicades a l&#8217;energia solar fotovoltaica i a l&#8217;efici\u00e8ncia energ\u00e8tica presentat pel Departament de Tecnologies de l&#8217;Institut Llu\u00eds Dom\u00e8nech i Montaner. Els autors <strong>Pau Ponsa i Lluc Floris han dut a terme una \u00abPlataforma solar fotovoltaica eficient\u00bb.<\/strong><\/p>\n<p><em>Font d&#8217;informaci\u00f3: <a href=\"http:\/\/www.radiocanet.cat\/canet\/veure\/un_projecte_presentat_per_dos_alumnes_de_l_ies_domenech_i_montaner_guanya_un_premi_de_recerca_jove\">Canet R\u00e0dio<\/a><\/em><\/p>\n","protected":false},"excerpt":{"rendered":"<p>Dos alumnes de l&#8217;Institut Llu\u00eds Dom\u00e8nech i Montaner guanyen un Premi de Recerca Jove convocat pel Departament d&#8217;Empresa i Coneixement de la Generalitat. Aquest \u00e9s el quart any consecutiu que el centre aconsegueix un premi d&#8217;aquestes caracter\u00edstiques.&hellip;  <a href=\"https:\/\/serveiseducatius.xtec.cat\/altmaresme\/portada\/un-projecte-presentat-per-dos-alumnes-de-lies-domenech-i-montaner-guanya-un-premi-de-recerca-jove\/\" title=\"Read Un projecte presentat per dos alumnes de l&#8217;IES Dom\u00e8nech i Montaner guanya un Premi de Recerca Jove\">Llegeix m\u00e9s\u00bb<\/a><\/p>\n","protected":false},"author":7,"featured_media":9343,"comment_status":"open","ping_status":"open","sticky":false,"template":"","format":"standard","meta":{"_bbp_topic_count":0,"_bbp_reply_count":0,"_bbp_total_topic_count":0,"_bbp_total_reply_count":0,"_bbp_voice_count":0,"_bbp_anonymous_reply_count":0,"_bbp_topic_count_hidden":0,"_bbp_reply_count_hidden":0,"_bbp_forum_subforum_count":0,"footnotes":""},"categories":[29],"tags":[],"class_list":["post-9342","post","type-post","status-publish","format-standard","has-post-thumbnail","hentry","category-portada"],"post_mailing_queue_ids":[],"_links":{"self":[{"href":"https:\/\/serveiseducatius.xtec.cat\/altmaresme\/wp-json\/wp\/v2\/posts\/9342","targetHints":{"allow":["GET"]}}],"collection":[{"href":"https:\/\/serveiseducatius.xtec.cat\/altmaresme\/wp-json\/wp\/v2\/posts"}],"about":[{"href":"https:\/\/serveiseducatius.xtec.cat\/altmaresme\/wp-json\/wp\/v2\/types\/post"}],"author":[{"embeddable":true,"href":"https:\/\/serveiseducatius.xtec.cat\/altmaresme\/wp-json\/wp\/v2\/users\/7"}],"replies":[{"embeddable":true,"href":"https:\/\/serveiseducatius.xtec.cat\/altmaresme\/wp-json\/wp\/v2\/comments?post=9342"}],"version-history":[{"count":3,"href":"https:\/\/serveiseducatius.xtec.cat\/altmaresme\/wp-json\/wp\/v2\/posts\/9342\/revisions"}],"predecessor-version":[{"id":9346,"href":"https:\/\/serveiseducatius.xtec.cat\/altmaresme\/wp-json\/wp\/v2\/posts\/9342\/revisions\/9346"}],"wp:featuredmedia":[{"embeddable":true,"href":"https:\/\/serveiseducatius.xtec.cat\/altmaresme\/wp-json\/wp\/v2\/media\/9343"}],"wp:attachment":[{"href":"https:\/\/serveiseducatius.xtec.cat\/altmaresme\/wp-json\/wp\/v2\/media?parent=9342"}],"wp:term":[{"taxonomy":"category","embeddable":true,"href":"https:\/\/serveiseducatius.xtec.cat\/altmaresme\/wp-json\/wp\/v2\/categories?post=9342"},{"taxonomy":"post_tag","embeddable":true,"href":"https:\/\/serveiseducatius.xtec.cat\/altmaresme\/wp-json\/wp\/v2\/tags?post=9342"}],"curies":[{"name":"wp","href":"https:\/\/api.w.org\/{rel}","templated":true}]}}