{"id":9329,"date":"2017-03-07T11:19:47","date_gmt":"2017-03-07T10:19:47","guid":{"rendered":"http:\/\/serveiseducatius.xtec.cat\/altmaresme\/?p=9329"},"modified":"2017-12-22T10:09:11","modified_gmt":"2017-12-22T09:09:11","slug":"fent-recerca-i-divulgacio-des-darenys-de-mar","status":"publish","type":"post","link":"https:\/\/serveiseducatius.xtec.cat\/altmaresme\/general\/fent-recerca-i-divulgacio-des-darenys-de-mar\/","title":{"rendered":"Fent recerca i divulgaci\u00f3 des d&#8217;Arenys de Mar"},"content":{"rendered":"<p>Dos alumnes de segon curs de Batxillerat de la modalitat Cientificotecnol\u00f2gica de l\u2019Institut Els Tres Turons d\u2019Arenys de Mar han<\/p>\n<p>realitzat en el seu treball de recerca \u201cAn\u00e0lisi fotom\u00e8tric d\u2019estrelles variables\u201d una descoberta astron\u00f2mica.<\/p>\n<p>L\u2019objectiu principal del treball era detectar estrelles variables amb l\u2019observatori astron\u00f2mic de l\u2019Institut i, elaborar les corbes de lluminositat<\/p>\n<p>mitjan\u00e7ant processos fotom\u00e8trics. <!--more--><\/p>\n<p>Despr\u00e9s de passar moltes nits a l\u2019observatori, prenent captures de camp i analitzant una per una unes mil estrelles, en van trobar una estrella<\/p>\n<p>variable eclipsant del tipus EB, situada a la Constel\u00b7laci\u00f3 \u00c0guila, i que no havia estat descoberta abans. Aquesta aportaci\u00f3 cient\u00edfica en el m\u00f3n de l\u2019Astronomia ha estat validada i enregistrada per l\u2019AAVSO (American Association of Variable Stars Observers).<\/p>\n<p>Aquesta descoberta no hauria estat possible sense les ganes, l\u2019esfor\u00e7, l\u2019inter\u00e8s i l\u2019il\u00b7lusi\u00f3 d\u2019aquests dos joves investigadors que juntament amb el seguiment i dedicaci\u00f3 del professor que ha estat el tutor del treball de recerca, ha fet possible contribuir a la investigaci\u00f3 astron\u00f2mica.<\/p>\n","protected":false},"excerpt":{"rendered":"<p>Dos alumnes de segon curs de Batxillerat de la modalitat Cientificotecnol\u00f2gica de l\u2019Institut Els Tres Turons d\u2019Arenys de Mar han realitzat en el seu treball de recerca \u201cAn\u00e0lisi fotom\u00e8tric d\u2019estrelles variables\u201d una descoberta astron\u00f2mica.&hellip;  <a href=\"https:\/\/serveiseducatius.xtec.cat\/altmaresme\/general\/fent-recerca-i-divulgacio-des-darenys-de-mar\/\" title=\"Read Fent recerca i divulgaci\u00f3 des d&#8217;Arenys de Mar\">Llegeix m\u00e9s\u00bb<\/a><\/p>\n","protected":false},"author":7,"featured_media":9340,"comment_status":"open","ping_status":"closed","sticky":false,"template":"","format":"standard","meta":{"_bbp_topic_count":0,"_bbp_reply_count":0,"_bbp_total_topic_count":0,"_bbp_total_reply_count":0,"_bbp_voice_count":0,"_bbp_anonymous_reply_count":0,"_bbp_topic_count_hidden":0,"_bbp_reply_count_hidden":0,"_bbp_forum_subforum_count":0,"footnotes":""},"categories":[1,29],"tags":[],"class_list":["post-9329","post","type-post","status-publish","format-standard","has-post-thumbnail","hentry","category-general","category-portada"],"post_mailing_queue_ids":[],"_links":{"self":[{"href":"https:\/\/serveiseducatius.xtec.cat\/altmaresme\/wp-json\/wp\/v2\/posts\/9329","targetHints":{"allow":["GET"]}}],"collection":[{"href":"https:\/\/serveiseducatius.xtec.cat\/altmaresme\/wp-json\/wp\/v2\/posts"}],"about":[{"href":"https:\/\/serveiseducatius.xtec.cat\/altmaresme\/wp-json\/wp\/v2\/types\/post"}],"author":[{"embeddable":true,"href":"https:\/\/serveiseducatius.xtec.cat\/altmaresme\/wp-json\/wp\/v2\/users\/7"}],"replies":[{"embeddable":true,"href":"https:\/\/serveiseducatius.xtec.cat\/altmaresme\/wp-json\/wp\/v2\/comments?post=9329"}],"version-history":[{"count":2,"href":"https:\/\/serveiseducatius.xtec.cat\/altmaresme\/wp-json\/wp\/v2\/posts\/9329\/revisions"}],"predecessor-version":[{"id":9341,"href":"https:\/\/serveiseducatius.xtec.cat\/altmaresme\/wp-json\/wp\/v2\/posts\/9329\/revisions\/9341"}],"wp:featuredmedia":[{"embeddable":true,"href":"https:\/\/serveiseducatius.xtec.cat\/altmaresme\/wp-json\/wp\/v2\/media\/9340"}],"wp:attachment":[{"href":"https:\/\/serveiseducatius.xtec.cat\/altmaresme\/wp-json\/wp\/v2\/media?parent=9329"}],"wp:term":[{"taxonomy":"category","embeddable":true,"href":"https:\/\/serveiseducatius.xtec.cat\/altmaresme\/wp-json\/wp\/v2\/categories?post=9329"},{"taxonomy":"post_tag","embeddable":true,"href":"https:\/\/serveiseducatius.xtec.cat\/altmaresme\/wp-json\/wp\/v2\/tags?post=9329"}],"curies":[{"name":"wp","href":"https:\/\/api.w.org\/{rel}","templated":true}]}}