{"id":9290,"date":"2017-03-02T09:32:31","date_gmt":"2017-03-02T08:32:31","guid":{"rendered":"http:\/\/serveiseducatius.xtec.cat\/altmaresme\/?p=9290"},"modified":"2017-03-02T09:33:28","modified_gmt":"2017-03-02T08:33:28","slug":"musica-i-solidaritat-a-calella","status":"publish","type":"post","link":"https:\/\/serveiseducatius.xtec.cat\/altmaresme\/portada\/musica-i-solidaritat-a-calella\/","title":{"rendered":"M\u00fasica i Solidaritat a Calella"},"content":{"rendered":"<p dir=\"ltr\">El proper Dissabte 11 de mar\u00e7 a les 22h, l&#8217;Orquestra de mestres i professors de M\u00fasica de Catalunya portar\u00e0 el musical &#8220;WEST SIDE STORY&#8221; a la Sala Mozart de Calella.<\/p>\n<p dir=\"ltr\">Tota la recaptaci\u00f3 anir\u00e0 integrament a l&#8217;Associaci\u00f3 Calellenca: &#8220;Amics i Voluntaris de l&#8217;Hospital comarcal Sant Jaume de Calella&#8221;.<\/p>\n<p dir=\"ltr\"><img loading=\"lazy\" decoding=\"async\" class=\"alignnone size-medium wp-image-9291\" src=\"http:\/\/serveiseducatius.xtec.cat\/altmaresme\/wp-content\/uploads\/usu1140\/2017\/03\/WestSideStory-114x300.jpg\" alt=\"westsidestory\" width=\"114\" height=\"300\" srcset=\"https:\/\/serveiseducatius.xtec.cat\/altmaresme\/wp-content\/uploads\/usu1140\/2017\/03\/WestSideStory-114x300.jpg 114w, https:\/\/serveiseducatius.xtec.cat\/altmaresme\/wp-content\/uploads\/usu1140\/2017\/03\/WestSideStory-768x2015.jpg 768w, https:\/\/serveiseducatius.xtec.cat\/altmaresme\/wp-content\/uploads\/usu1140\/2017\/03\/WestSideStory-390x1024.jpg 390w, https:\/\/serveiseducatius.xtec.cat\/altmaresme\/wp-content\/uploads\/usu1140\/2017\/03\/WestSideStory.jpg 945w\" sizes=\"auto, (max-width: 114px) 100vw, 114px\" \/><\/p>\n","protected":false},"excerpt":{"rendered":"<p>El proper Dissabte 11 de mar\u00e7 a les 22h, l&#8217;Orquestra de mestres i professors de M\u00fasica de Catalunya portar\u00e0 el musical &#8220;WEST SIDE STORY&#8221; a la Sala Mozart de Calella.<\/p>\n<p>Tota la recaptaci\u00f3 anir\u00e0 integrament a l&#8217;Associaci\u00f3 Calellenca: &#8220;Amics i Voluntaris de l&#8217;Hospital comarcal Sant Jaume de Calella&#8221;.&hellip;  <a href=\"https:\/\/serveiseducatius.xtec.cat\/altmaresme\/portada\/musica-i-solidaritat-a-calella\/\" title=\"Read M\u00fasica i Solidaritat a Calella\">Llegeix m\u00e9s\u00bb<\/a><\/p>\n","protected":false},"author":7,"featured_media":9291,"comment_status":"open","ping_status":"open","sticky":false,"template":"","format":"standard","meta":{"_bbp_topic_count":0,"_bbp_reply_count":0,"_bbp_total_topic_count":0,"_bbp_total_reply_count":0,"_bbp_voice_count":0,"_bbp_anonymous_reply_count":0,"_bbp_topic_count_hidden":0,"_bbp_reply_count_hidden":0,"_bbp_forum_subforum_count":0,"footnotes":""},"categories":[29],"tags":[],"class_list":["post-9290","post","type-post","status-publish","format-standard","has-post-thumbnail","hentry","category-portada"],"post_mailing_queue_ids":[],"_links":{"self":[{"href":"https:\/\/serveiseducatius.xtec.cat\/altmaresme\/wp-json\/wp\/v2\/posts\/9290","targetHints":{"allow":["GET"]}}],"collection":[{"href":"https:\/\/serveiseducatius.xtec.cat\/altmaresme\/wp-json\/wp\/v2\/posts"}],"about":[{"href":"https:\/\/serveiseducatius.xtec.cat\/altmaresme\/wp-json\/wp\/v2\/types\/post"}],"author":[{"embeddable":true,"href":"https:\/\/serveiseducatius.xtec.cat\/altmaresme\/wp-json\/wp\/v2\/users\/7"}],"replies":[{"embeddable":true,"href":"https:\/\/serveiseducatius.xtec.cat\/altmaresme\/wp-json\/wp\/v2\/comments?post=9290"}],"version-history":[{"count":1,"href":"https:\/\/serveiseducatius.xtec.cat\/altmaresme\/wp-json\/wp\/v2\/posts\/9290\/revisions"}],"predecessor-version":[{"id":9292,"href":"https:\/\/serveiseducatius.xtec.cat\/altmaresme\/wp-json\/wp\/v2\/posts\/9290\/revisions\/9292"}],"wp:featuredmedia":[{"embeddable":true,"href":"https:\/\/serveiseducatius.xtec.cat\/altmaresme\/wp-json\/wp\/v2\/media\/9291"}],"wp:attachment":[{"href":"https:\/\/serveiseducatius.xtec.cat\/altmaresme\/wp-json\/wp\/v2\/media?parent=9290"}],"wp:term":[{"taxonomy":"category","embeddable":true,"href":"https:\/\/serveiseducatius.xtec.cat\/altmaresme\/wp-json\/wp\/v2\/categories?post=9290"},{"taxonomy":"post_tag","embeddable":true,"href":"https:\/\/serveiseducatius.xtec.cat\/altmaresme\/wp-json\/wp\/v2\/tags?post=9290"}],"curies":[{"name":"wp","href":"https:\/\/api.w.org\/{rel}","templated":true}]}}