{"id":9262,"date":"2017-02-20T11:06:35","date_gmt":"2017-02-20T10:06:35","guid":{"rendered":"http:\/\/serveiseducatius.xtec.cat\/altmaresme\/?p=9262"},"modified":"2017-03-15T13:43:15","modified_gmt":"2017-03-15T12:43:15","slug":"edcamp-tordera-comparteix-aprenentatges","status":"publish","type":"post","link":"https:\/\/serveiseducatius.xtec.cat\/altmaresme\/portada\/edcamp-tordera-comparteix-aprenentatges\/","title":{"rendered":"Edcamp Tordera, comparteix aprenentatges"},"content":{"rendered":"<p>A<strong> Tordera tots junts eduquem<\/strong> i amb aquesta voluntat, el dissabte 11 de mar\u00e7 al llarg del mat\u00ed, professionals del m\u00f3n de l&#8217;Educaci\u00f3 de Tordera van organitzar aquest edcamp per compartir experi\u00e8ncies, aprenentatges i opinions diverses.<\/p>\n<p><a href=\"http:\/\/serveiseducatius.xtec.cat\/altmaresme\/wp-content\/uploads\/usu1140\/2017\/02\/IMG_8318_opt.jpg\"><img loading=\"lazy\" decoding=\"async\" class=\"aligncenter wp-image-9362 size-medium\" src=\"http:\/\/serveiseducatius.xtec.cat\/altmaresme\/wp-content\/uploads\/usu1140\/2017\/02\/IMG_8318_opt-300x225.jpg\" alt=\"img_8318_opt\" width=\"300\" height=\"225\" srcset=\"https:\/\/serveiseducatius.xtec.cat\/altmaresme\/wp-content\/uploads\/usu1140\/2017\/02\/IMG_8318_opt-300x225.jpg 300w, https:\/\/serveiseducatius.xtec.cat\/altmaresme\/wp-content\/uploads\/usu1140\/2017\/02\/IMG_8318_opt-200x150.jpg 200w, https:\/\/serveiseducatius.xtec.cat\/altmaresme\/wp-content\/uploads\/usu1140\/2017\/02\/IMG_8318_opt.jpg 400w\" sizes=\"auto, (max-width: 300px) 100vw, 300px\" \/><\/a><\/p>\n<p>Va estar un \u00e8xit de participaci\u00f3. Des de fam\u00edlies, estudiants universitaris, educadors\/es, mestres i professors\/es d&#8217;educaci\u00f3 formal i no formal&#8230;entre molts d&#8217;altres, van poder debatre sobre temes tan interessants com els deures, conflictes, projectes, avaluaci\u00f3&#8230;<\/p>\n<p><a href=\"http:\/\/serveiseducatius.xtec.cat\/altmaresme\/wp-content\/uploads\/usu1140\/2017\/02\/IMG_8309_opt.jpg\"><img loading=\"lazy\" decoding=\"async\" class=\"aligncenter wp-image-9363 size-medium\" src=\"http:\/\/serveiseducatius.xtec.cat\/altmaresme\/wp-content\/uploads\/usu1140\/2017\/02\/IMG_8309_opt-300x225.jpg\" alt=\"img_8309_opt\" width=\"300\" height=\"225\" srcset=\"https:\/\/serveiseducatius.xtec.cat\/altmaresme\/wp-content\/uploads\/usu1140\/2017\/02\/IMG_8309_opt-300x225.jpg 300w, https:\/\/serveiseducatius.xtec.cat\/altmaresme\/wp-content\/uploads\/usu1140\/2017\/02\/IMG_8309_opt-200x150.jpg 200w, https:\/\/serveiseducatius.xtec.cat\/altmaresme\/wp-content\/uploads\/usu1140\/2017\/02\/IMG_8309_opt.jpg 400w\" sizes=\"auto, (max-width: 300px) 100vw, 300px\" \/><\/a><\/p>\n<p>En el seg\u00fcent <strong><a href=\"http:\/\/dom.cat\/15go\">enlla\u00e7 <\/a><\/strong>podreu trobar les fotografies; i tamb\u00e9 podeu consultar totes les <strong><a href=\"http:\/\/dom.cat\/14tp\">conclusions <\/a><\/strong>per tem\u00e0tiques.<\/p>\n<p>Des del Servei Educatiu de l&#8217;Alt Maresme, la nostra enhorabona a tot l&#8217;equip organitzador i gr\u00e0cies a tots\/es els participants!<\/p>\n<p><a href=\"http:\/\/serveiseducatius.xtec.cat\/altmaresme\/wp-content\/uploads\/usu1140\/2017\/02\/IMG_8312_opt.jpg\"><img loading=\"lazy\" decoding=\"async\" class=\"aligncenter wp-image-9361 size-medium\" src=\"http:\/\/serveiseducatius.xtec.cat\/altmaresme\/wp-content\/uploads\/usu1140\/2017\/02\/IMG_8312_opt-300x225.jpg\" alt=\"img_8312_opt\" width=\"300\" height=\"225\" srcset=\"https:\/\/serveiseducatius.xtec.cat\/altmaresme\/wp-content\/uploads\/usu1140\/2017\/02\/IMG_8312_opt-300x225.jpg 300w, https:\/\/serveiseducatius.xtec.cat\/altmaresme\/wp-content\/uploads\/usu1140\/2017\/02\/IMG_8312_opt-200x150.jpg 200w, https:\/\/serveiseducatius.xtec.cat\/altmaresme\/wp-content\/uploads\/usu1140\/2017\/02\/IMG_8312_opt.jpg 400w\" sizes=\"auto, (max-width: 300px) 100vw, 300px\" \/><\/a><\/p>\n<p>Blog: <a href=\"http:\/\/edcamp.educaciodema.cat\/ca\/edcamp\/edcamp-tordera\/_e:9\/\">edcamptordera<\/a><\/p>\n","protected":false},"excerpt":{"rendered":"<p>A Tordera tots junts eduquem i amb aquesta voluntat, el dissabte 11 de mar\u00e7 al llarg del mat\u00ed, professionals del m\u00f3n de l&#8217;Educaci\u00f3 de Tordera van organitzar aquest edcamp per compartir experi\u00e8ncies, aprenentatges i opinions diverses.&hellip;  <a href=\"https:\/\/serveiseducatius.xtec.cat\/altmaresme\/portada\/edcamp-tordera-comparteix-aprenentatges\/\" title=\"Read Edcamp Tordera, comparteix aprenentatges\">Llegeix m\u00e9s\u00bb<\/a><\/p>\n","protected":false},"author":7,"featured_media":9361,"comment_status":"open","ping_status":"open","sticky":false,"template":"","format":"standard","meta":{"_bbp_topic_count":0,"_bbp_reply_count":0,"_bbp_total_topic_count":0,"_bbp_total_reply_count":0,"_bbp_voice_count":0,"_bbp_anonymous_reply_count":0,"_bbp_topic_count_hidden":0,"_bbp_reply_count_hidden":0,"_bbp_forum_subforum_count":0,"footnotes":""},"categories":[29],"tags":[],"class_list":["post-9262","post","type-post","status-publish","format-standard","has-post-thumbnail","hentry","category-portada"],"post_mailing_queue_ids":[],"_links":{"self":[{"href":"https:\/\/serveiseducatius.xtec.cat\/altmaresme\/wp-json\/wp\/v2\/posts\/9262","targetHints":{"allow":["GET"]}}],"collection":[{"href":"https:\/\/serveiseducatius.xtec.cat\/altmaresme\/wp-json\/wp\/v2\/posts"}],"about":[{"href":"https:\/\/serveiseducatius.xtec.cat\/altmaresme\/wp-json\/wp\/v2\/types\/post"}],"author":[{"embeddable":true,"href":"https:\/\/serveiseducatius.xtec.cat\/altmaresme\/wp-json\/wp\/v2\/users\/7"}],"replies":[{"embeddable":true,"href":"https:\/\/serveiseducatius.xtec.cat\/altmaresme\/wp-json\/wp\/v2\/comments?post=9262"}],"version-history":[{"count":3,"href":"https:\/\/serveiseducatius.xtec.cat\/altmaresme\/wp-json\/wp\/v2\/posts\/9262\/revisions"}],"predecessor-version":[{"id":9365,"href":"https:\/\/serveiseducatius.xtec.cat\/altmaresme\/wp-json\/wp\/v2\/posts\/9262\/revisions\/9365"}],"wp:featuredmedia":[{"embeddable":true,"href":"https:\/\/serveiseducatius.xtec.cat\/altmaresme\/wp-json\/wp\/v2\/media\/9361"}],"wp:attachment":[{"href":"https:\/\/serveiseducatius.xtec.cat\/altmaresme\/wp-json\/wp\/v2\/media?parent=9262"}],"wp:term":[{"taxonomy":"category","embeddable":true,"href":"https:\/\/serveiseducatius.xtec.cat\/altmaresme\/wp-json\/wp\/v2\/categories?post=9262"},{"taxonomy":"post_tag","embeddable":true,"href":"https:\/\/serveiseducatius.xtec.cat\/altmaresme\/wp-json\/wp\/v2\/tags?post=9262"}],"curies":[{"name":"wp","href":"https:\/\/api.w.org\/{rel}","templated":true}]}}