{"id":9258,"date":"2017-02-20T10:52:15","date_gmt":"2017-02-20T09:52:15","guid":{"rendered":"http:\/\/serveiseducatius.xtec.cat\/altmaresme\/?p=9258"},"modified":"2017-02-20T11:08:10","modified_gmt":"2017-02-20T10:08:10","slug":"lexposicio-pineda-es-hollywood-de-lins-euclides","status":"publish","type":"post","link":"https:\/\/serveiseducatius.xtec.cat\/altmaresme\/portada\/lexposicio-pineda-es-hollywood-de-lins-euclides\/","title":{"rendered":"L&#8217;exposici\u00f3 &#8220;Pineda \u00e9s Hollywood&#8221; de l&#8217;INS Euclides"},"content":{"rendered":"<h5 class=\"post-title\">L&#8217;exposici\u00f3 &#8220;Pineda \u00e9s Hollywood&#8221; de l&#8217;INS Euclides fusiona el m\u00f3n del cinema amb llocs emblem\u00e0tics<\/h5>\n<div class=\"post-meta margin-bottom-10\"><span class=\"space\">\u00a0<\/span><\/div>\n<div class=\"node__content clearfix\">\n<div>\n<p>A partir d&#8217;aquest divendres es pot visitar a la Biblioteca Serra i Moret de Pineda l&#8217;exposici\u00f3 fotogr\u00e0fica \u00abPineda \u00e9s Hollywood\u00bb, de l&#8217;Institut Euclides. Es tracta d&#8217;un seguit d&#8217;instant\u00e0nies de caire creatiu que han fet els alumnes de Cultura Audiovisual de Batxillerat Art\u00edstic de l&#8217;institut. L&#8217;exposici\u00f3 es pot visitar a la Biblioteca fins al 6 de mar\u00e7.<\/p>\n<p>I fins divendres de la setmana que ve, es pot visitar al Centre C\u00edvic Poblenou l&#8217;exposici\u00f3 \u00abTocant de peus a terra\u00bb, una mostra de treballs de visual i pl\u00e0stica de l&#8217;alumnat de 1r i 2n d&#8217;ESO, tamb\u00e9 de l&#8217;Institut Euclides.<\/p>\n<p>Foto muntatges: Alumnes de Batxillerat Art\u00edstic de l&#8217;Ins Euclides<\/p>\n<p>Enlla\u00e7 a la font d&#8217;informaci\u00f3: <a href=\"http:\/\/www.radiopineda.cat\/cultura\/2017-02-17\/lexposicio-pineda-es-hollywood-de-lins-euclides-fusiona-el-mon-del-cinema.php\">R\u00e0dio Pineda<\/a><\/p>\n<\/div>\n<\/div>\n","protected":false},"excerpt":{"rendered":"<p>L&#8217;exposici\u00f3 &#8220;Pineda \u00e9s Hollywood&#8221; de l&#8217;INS Euclides fusiona el m\u00f3n del cinema amb llocs emblem\u00e0tics<br \/>\n A partir d&#8217;aquest divendres es pot visitar a la Biblioteca Serra i Moret de Pineda l&#8217;exposici\u00f3 fotogr\u00e0fica \u00abPineda \u00e9s Hollywood\u00bb, de l&#8217;Institut Euclides. &hellip;  <a href=\"https:\/\/serveiseducatius.xtec.cat\/altmaresme\/portada\/lexposicio-pineda-es-hollywood-de-lins-euclides\/\" title=\"Read L&#8217;exposici\u00f3 &#8220;Pineda \u00e9s Hollywood&#8221; de l&#8217;INS Euclides\">Llegeix m\u00e9s\u00bb<\/a><\/p>\n","protected":false},"author":7,"featured_media":9259,"comment_status":"open","ping_status":"open","sticky":false,"template":"","format":"standard","meta":{"_bbp_topic_count":0,"_bbp_reply_count":0,"_bbp_total_topic_count":0,"_bbp_total_reply_count":0,"_bbp_voice_count":0,"_bbp_anonymous_reply_count":0,"_bbp_topic_count_hidden":0,"_bbp_reply_count_hidden":0,"_bbp_forum_subforum_count":0,"footnotes":""},"categories":[29],"tags":[],"class_list":["post-9258","post","type-post","status-publish","format-standard","has-post-thumbnail","hentry","category-portada"],"post_mailing_queue_ids":[],"_links":{"self":[{"href":"https:\/\/serveiseducatius.xtec.cat\/altmaresme\/wp-json\/wp\/v2\/posts\/9258","targetHints":{"allow":["GET"]}}],"collection":[{"href":"https:\/\/serveiseducatius.xtec.cat\/altmaresme\/wp-json\/wp\/v2\/posts"}],"about":[{"href":"https:\/\/serveiseducatius.xtec.cat\/altmaresme\/wp-json\/wp\/v2\/types\/post"}],"author":[{"embeddable":true,"href":"https:\/\/serveiseducatius.xtec.cat\/altmaresme\/wp-json\/wp\/v2\/users\/7"}],"replies":[{"embeddable":true,"href":"https:\/\/serveiseducatius.xtec.cat\/altmaresme\/wp-json\/wp\/v2\/comments?post=9258"}],"version-history":[{"count":3,"href":"https:\/\/serveiseducatius.xtec.cat\/altmaresme\/wp-json\/wp\/v2\/posts\/9258\/revisions"}],"predecessor-version":[{"id":9266,"href":"https:\/\/serveiseducatius.xtec.cat\/altmaresme\/wp-json\/wp\/v2\/posts\/9258\/revisions\/9266"}],"wp:featuredmedia":[{"embeddable":true,"href":"https:\/\/serveiseducatius.xtec.cat\/altmaresme\/wp-json\/wp\/v2\/media\/9259"}],"wp:attachment":[{"href":"https:\/\/serveiseducatius.xtec.cat\/altmaresme\/wp-json\/wp\/v2\/media?parent=9258"}],"wp:term":[{"taxonomy":"category","embeddable":true,"href":"https:\/\/serveiseducatius.xtec.cat\/altmaresme\/wp-json\/wp\/v2\/categories?post=9258"},{"taxonomy":"post_tag","embeddable":true,"href":"https:\/\/serveiseducatius.xtec.cat\/altmaresme\/wp-json\/wp\/v2\/tags?post=9258"}],"curies":[{"name":"wp","href":"https:\/\/api.w.org\/{rel}","templated":true}]}}