{"id":9256,"date":"2017-02-21T09:03:51","date_gmt":"2017-02-21T08:03:51","guid":{"rendered":"http:\/\/serveiseducatius.xtec.cat\/altmaresme\/?p=9256"},"modified":"2017-06-29T10:06:02","modified_gmt":"2017-06-29T08:06:02","slug":"itworld-edu9","status":"publish","type":"post","link":"https:\/\/serveiseducatius.xtec.cat\/altmaresme\/general\/itworld-edu9\/","title":{"rendered":"ItWorld Edu9"},"content":{"rendered":"<p>La novena edici\u00f3 de l&#8217;<strong>ITworldEdu<\/strong>, punt de trobada dels professionals de l&#8217;Educaci\u00f3 i les empreses TIC, tindr\u00e0 lloc els propers <strong>21 i 22 de mar\u00e7 de 2017 al Palau de Congressos de Barcelona<\/strong>.<\/p>\n<p>L&#8217;ITworldEdu, amb el suport de les principals administracions catalanes, \u00e9s un dels <strong>esdeveniments anuals de refer\u00e8ncia del sector tecnol\u00f2gic educatiu.<\/strong><\/p>\n<p>En aquesta edici\u00f3, centrada\u00a0en la\u00a0<strong>transformaci\u00f3 educativa<\/strong>,\u00a0un volem\u00a0mostrar aquelles pr\u00e0ctiques educatives\u00a0o metodologies innovadores\u00a0que permeten\u00a0<strong>un millor proc\u00e9s d&#8217;ensenyament-aprenentatge\u00a0<\/strong>amb<wbr \/>\u00a0el suport\u00a0de la tecnologia:<\/p>\n","protected":false},"excerpt":{"rendered":"<p>La novena edici\u00f3 de l&#8217;ITworldEdu, punt de trobada dels professionals de l&#8217;Educaci\u00f3 i les empreses TIC, tindr\u00e0 lloc els propers 21 i 22 de mar\u00e7 de 2017 al Palau de Congressos de Barcelona.&hellip;  <a href=\"https:\/\/serveiseducatius.xtec.cat\/altmaresme\/general\/itworld-edu9\/\" title=\"Read ItWorld Edu9\">Llegeix m\u00e9s\u00bb<\/a><\/p>\n","protected":false},"author":7,"featured_media":9320,"comment_status":"open","ping_status":"open","sticky":false,"template":"","format":"standard","meta":{"_bbp_topic_count":0,"_bbp_reply_count":0,"_bbp_total_topic_count":0,"_bbp_total_reply_count":0,"_bbp_voice_count":0,"_bbp_anonymous_reply_count":0,"_bbp_topic_count_hidden":0,"_bbp_reply_count_hidden":0,"_bbp_forum_subforum_count":0,"footnotes":""},"categories":[500,1,29],"tags":[],"class_list":["post-9256","post","type-post","status-publish","format-standard","has-post-thumbnail","hentry","category-culturadigital","category-general","category-portada"],"post_mailing_queue_ids":[],"_links":{"self":[{"href":"https:\/\/serveiseducatius.xtec.cat\/altmaresme\/wp-json\/wp\/v2\/posts\/9256","targetHints":{"allow":["GET"]}}],"collection":[{"href":"https:\/\/serveiseducatius.xtec.cat\/altmaresme\/wp-json\/wp\/v2\/posts"}],"about":[{"href":"https:\/\/serveiseducatius.xtec.cat\/altmaresme\/wp-json\/wp\/v2\/types\/post"}],"author":[{"embeddable":true,"href":"https:\/\/serveiseducatius.xtec.cat\/altmaresme\/wp-json\/wp\/v2\/users\/7"}],"replies":[{"embeddable":true,"href":"https:\/\/serveiseducatius.xtec.cat\/altmaresme\/wp-json\/wp\/v2\/comments?post=9256"}],"version-history":[{"count":2,"href":"https:\/\/serveiseducatius.xtec.cat\/altmaresme\/wp-json\/wp\/v2\/posts\/9256\/revisions"}],"predecessor-version":[{"id":9321,"href":"https:\/\/serveiseducatius.xtec.cat\/altmaresme\/wp-json\/wp\/v2\/posts\/9256\/revisions\/9321"}],"wp:featuredmedia":[{"embeddable":true,"href":"https:\/\/serveiseducatius.xtec.cat\/altmaresme\/wp-json\/wp\/v2\/media\/9320"}],"wp:attachment":[{"href":"https:\/\/serveiseducatius.xtec.cat\/altmaresme\/wp-json\/wp\/v2\/media?parent=9256"}],"wp:term":[{"taxonomy":"category","embeddable":true,"href":"https:\/\/serveiseducatius.xtec.cat\/altmaresme\/wp-json\/wp\/v2\/categories?post=9256"},{"taxonomy":"post_tag","embeddable":true,"href":"https:\/\/serveiseducatius.xtec.cat\/altmaresme\/wp-json\/wp\/v2\/tags?post=9256"}],"curies":[{"name":"wp","href":"https:\/\/api.w.org\/{rel}","templated":true}]}}