{"id":9095,"date":"2016-12-07T17:39:55","date_gmt":"2016-12-07T16:39:55","guid":{"rendered":"http:\/\/serveiseducatius.xtec.cat\/altmaresme\/?p=9095"},"modified":"2016-12-07T17:42:57","modified_gmt":"2016-12-07T16:42:57","slug":"canvi-de-paradigma-per-aprendre-matematiques","status":"publish","type":"post","link":"https:\/\/serveiseducatius.xtec.cat\/altmaresme\/general\/canvi-de-paradigma-per-aprendre-matematiques\/","title":{"rendered":"Canvi de paradigma per aprendre matem\u00e0tiques"},"content":{"rendered":"<p>N\u00faria Borr\u00e0s i Elena Ferrer s\u00f3n formadores de l&#8217;ICE de l&#8217;UAB i mestres de l&#8217;escola Riera de Ribes de sant Pere de Ribes. Ens expliquen com s&#8217;organitzen a la seva escola per a donar sentit i intenci\u00f3 a l&#8217;aprenentatge. La seva vinculaci\u00f3 amb la investigaci\u00f3 educativa els facilita donar sentit al com s&#8217;ensenya m\u00e9s, millor i per tothom.<\/p>\n<p><a href=\"http:\/\/serveiseducatius.xtec.cat\/altmaresme\/wp-content\/uploads\/usu1140\/2016\/12\/20161129_175905.jpg\"><img loading=\"lazy\" decoding=\"async\" src=\"http:\/\/serveiseducatius.xtec.cat\/altmaresme\/wp-content\/uploads\/usu1140\/2016\/12\/20161129_175905-300x169.jpg\" alt=\"20161129_175905\" width=\"300\" height=\"169\" class=\"alignnone size-medium wp-image-9096\" srcset=\"https:\/\/serveiseducatius.xtec.cat\/altmaresme\/wp-content\/uploads\/usu1140\/2016\/12\/20161129_175905-300x169.jpg 300w, https:\/\/serveiseducatius.xtec.cat\/altmaresme\/wp-content\/uploads\/usu1140\/2016\/12\/20161129_175905-768x432.jpg 768w, https:\/\/serveiseducatius.xtec.cat\/altmaresme\/wp-content\/uploads\/usu1140\/2016\/12\/20161129_175905-1024x576.jpg 1024w\" sizes=\"auto, (max-width: 300px) 100vw, 300px\" \/><\/a><\/p>\n<p><a href=\"http:\/\/serveiseducatius.xtec.cat\/altmaresme\/wp-content\/uploads\/usu1140\/2016\/12\/20161129_184406.jpg\"><img loading=\"lazy\" decoding=\"async\" src=\"http:\/\/serveiseducatius.xtec.cat\/altmaresme\/wp-content\/uploads\/usu1140\/2016\/12\/20161129_184406-150x150.jpg\" alt=\"20161129_184406\" width=\"150\" height=\"150\" class=\"alignnone size-thumbnail wp-image-9099\" \/><\/a><\/p>\n<p>Aquesta \u00e9s la cinquena confer\u00e8ncia matem\u00e0tica que complementa l\u2019exposici\u00f3 itinerant del MMACA a Pineda de Mar.<\/p>\n<p><a href=\"http:\/\/serveiseducatius.xtec.cat\/altmaresme\/wp-content\/uploads\/usu1140\/2016\/09\/pancarta_web.jpg\"><img loading=\"lazy\" decoding=\"async\" src=\"http:\/\/serveiseducatius.xtec.cat\/altmaresme\/wp-content\/uploads\/usu1140\/2016\/09\/pancarta_web-150x150.jpg\" alt=\"pancarta_web\" width=\"150\" height=\"150\" class=\"alignnone size-thumbnail wp-image-8900\" \/><\/a><\/p>\n","protected":false},"excerpt":{"rendered":"<p>N\u00faria Borr\u00e0s i Elena Ferrer s\u00f3n formadores de l&#8217;ICE de l&#8217;UAB i mestres de l&#8217;escola Riera de Ribes de sant Pere de Ribes. Ens expliquen com s&#8217;organitzen a la seva escola per a donar sentit i intenci\u00f3 a l&#8217;aprenentatge.<\/p>\n<p><a href=\"http:\/\/serveiseducatius.xtec.cat\/altmaresme\/wp-content\/uploads\/usu1140\/2016\/12\/20161129_175905.jpg\"><img loading=\"lazy\" decoding=\"async\" src=\"http:\/\/serveiseducatius.xtec.cat\/altmaresme\/wp-content\/uploads\/usu1140\/2016\/12\/20161129_175905-300x169.jpg\" alt=\"20161129_175905\" width=\"300\" height=\"169\" class=\"alignnone size-medium wp-image-9096\" srcset=\"https:\/\/serveiseducatius.xtec.cat\/altmaresme\/wp-content\/uploads\/usu1140\/2016\/12\/20161129_175905-300x169.jpg 300w, https:\/\/serveiseducatius.xtec.cat\/altmaresme\/wp-content\/uploads\/usu1140\/2016\/12\/20161129_175905-768x432.jpg 768w, https:\/\/serveiseducatius.xtec.cat\/altmaresme\/wp-content\/uploads\/usu1140\/2016\/12\/20161129_175905-1024x576.jpg 1024w\" sizes=\"auto, (max-width: 300px) 100vw, 300px\" \/><\/a>&hellip;  <a href=\"https:\/\/serveiseducatius.xtec.cat\/altmaresme\/general\/canvi-de-paradigma-per-aprendre-matematiques\/\" title=\"Read Canvi de paradigma per aprendre matem\u00e0tiques\">Llegeix m\u00e9s\u00bb<\/a><\/p>\n","protected":false},"author":1,"featured_media":0,"comment_status":"open","ping_status":"open","sticky":false,"template":"","format":"standard","meta":{"_bbp_topic_count":0,"_bbp_reply_count":0,"_bbp_total_topic_count":0,"_bbp_total_reply_count":0,"_bbp_voice_count":0,"_bbp_anonymous_reply_count":0,"_bbp_topic_count_hidden":0,"_bbp_reply_count_hidden":0,"_bbp_forum_subforum_count":0,"footnotes":""},"categories":[283,1,29],"tags":[],"class_list":["post-9095","post","type-post","status-publish","format-standard","hentry","category-matematiques","category-general","category-portada"],"post_mailing_queue_ids":[],"_links":{"self":[{"href":"https:\/\/serveiseducatius.xtec.cat\/altmaresme\/wp-json\/wp\/v2\/posts\/9095","targetHints":{"allow":["GET"]}}],"collection":[{"href":"https:\/\/serveiseducatius.xtec.cat\/altmaresme\/wp-json\/wp\/v2\/posts"}],"about":[{"href":"https:\/\/serveiseducatius.xtec.cat\/altmaresme\/wp-json\/wp\/v2\/types\/post"}],"author":[{"embeddable":true,"href":"https:\/\/serveiseducatius.xtec.cat\/altmaresme\/wp-json\/wp\/v2\/users\/1"}],"replies":[{"embeddable":true,"href":"https:\/\/serveiseducatius.xtec.cat\/altmaresme\/wp-json\/wp\/v2\/comments?post=9095"}],"version-history":[{"count":3,"href":"https:\/\/serveiseducatius.xtec.cat\/altmaresme\/wp-json\/wp\/v2\/posts\/9095\/revisions"}],"predecessor-version":[{"id":9101,"href":"https:\/\/serveiseducatius.xtec.cat\/altmaresme\/wp-json\/wp\/v2\/posts\/9095\/revisions\/9101"}],"wp:attachment":[{"href":"https:\/\/serveiseducatius.xtec.cat\/altmaresme\/wp-json\/wp\/v2\/media?parent=9095"}],"wp:term":[{"taxonomy":"category","embeddable":true,"href":"https:\/\/serveiseducatius.xtec.cat\/altmaresme\/wp-json\/wp\/v2\/categories?post=9095"},{"taxonomy":"post_tag","embeddable":true,"href":"https:\/\/serveiseducatius.xtec.cat\/altmaresme\/wp-json\/wp\/v2\/tags?post=9095"}],"curies":[{"name":"wp","href":"https:\/\/api.w.org\/{rel}","templated":true}]}}