{"id":9087,"date":"2016-12-07T16:36:05","date_gmt":"2016-12-07T15:36:05","guid":{"rendered":"http:\/\/serveiseducatius.xtec.cat\/altmaresme\/?p=9087"},"modified":"2017-09-10T21:06:48","modified_gmt":"2017-09-10T19:06:48","slug":"pautes-per-a-una-biblioteca-inclusiva","status":"publish","type":"post","link":"https:\/\/serveiseducatius.xtec.cat\/altmaresme\/portada\/pautes-per-a-una-biblioteca-inclusiva\/","title":{"rendered":"Pautes per a una biblioteca inclusiva"},"content":{"rendered":"<p><a href=\"http:\/\/serveiseducatius.xtec.cat\/altmaresme\/wp-content\/uploads\/usu1140\/2016\/12\/Captura-de-2016-12-07-162340.png\"><img loading=\"lazy\" decoding=\"async\" src=\"http:\/\/serveiseducatius.xtec.cat\/altmaresme\/wp-content\/uploads\/usu1140\/2016\/12\/Captura-de-2016-12-07-162340-285x300.png\" alt=\"captura-de-2016-12-07-162340\" width=\"285\" height=\"300\" class=\"alignnone size-medium wp-image-9088\" srcset=\"https:\/\/serveiseducatius.xtec.cat\/altmaresme\/wp-content\/uploads\/usu1140\/2016\/12\/Captura-de-2016-12-07-162340-285x300.png 285w, https:\/\/serveiseducatius.xtec.cat\/altmaresme\/wp-content\/uploads\/usu1140\/2016\/12\/Captura-de-2016-12-07-162340.png 574w\" sizes=\"auto, (max-width: 285px) 100vw, 285px\" \/><\/a><\/p>\n<p>Cartell amb orientacions per fer una biblioteca m\u00e9s accessible a tothom, m\u00e9s inclusiva tenint en compte la diversitat de la societat. <\/p>\n<p><a href=\"http:\/\/biblioteques.gencat.cat\/web\/.content\/tematic\/professionals\/bib-inclusives\/documents\/Pautes_Que-ha-de-fer-la-biblioteca-per-ser-inclusiva.pdf\" target=\"_blank\">Qu\u00e8 ha de fer la biblioteca per ser inclusiva?<\/a><\/p>\n<p>Aquests consells sobre l&#8217;arquitectura, el fons, els serveis i la formaci\u00f3 que ofereix  poden servir tamb\u00e9 per als centres educatius. <\/p>\n<p>\u00c9s una iniciativa del Departament de Cultura, en col\u00b7laboraci\u00f3 amb la Diputaci\u00f3 de Barcelona, la Xarxa de Biblioteques Municipals de Barcelona, la  Federaci\u00f3 DINCAT i l&#8217;Associaci\u00f3 de Lectura F\u00e0cil.<\/p>\n","protected":false},"excerpt":{"rendered":"<p><a href=\"http:\/\/serveiseducatius.xtec.cat\/altmaresme\/wp-content\/uploads\/usu1140\/2016\/12\/Captura-de-2016-12-07-162340.png\"><\/a><br \/>\nCartell amb orientacions per fer una biblioteca m\u00e9s accessible a tothom, m\u00e9s inclusiva tenint en compte la diversitat de la societat.<br \/>\n<a href=\"http:\/\/biblioteques.gencat.cat\/web\/.content\/tematic\/professionals\/bib-inclusives\/documents\/Pautes_Que-ha-de-fer-la-biblioteca-per-ser-inclusiva.pdf\" target=\"_blank\">Qu\u00e8 ha de fer la biblioteca per ser inclusiva?<\/a><br \/>\nAquests consells sobre l&#8217;arquitectura, el fons, els serveis i la formaci\u00f3 que ofereix&hellip;  <a href=\"https:\/\/serveiseducatius.xtec.cat\/altmaresme\/portada\/pautes-per-a-una-biblioteca-inclusiva\/\" title=\"Read Pautes per a una biblioteca inclusiva\">Llegeix m\u00e9s\u00bb<\/a><\/p>\n","protected":false},"author":1,"featured_media":9088,"comment_status":"open","ping_status":"closed","sticky":false,"template":"","format":"standard","meta":{"_bbp_topic_count":0,"_bbp_reply_count":0,"_bbp_total_topic_count":0,"_bbp_total_reply_count":0,"_bbp_voice_count":0,"_bbp_anonymous_reply_count":0,"_bbp_topic_count_hidden":0,"_bbp_reply_count_hidden":0,"_bbp_forum_subforum_count":0,"footnotes":""},"categories":[81,29],"tags":[],"class_list":["post-9087","post","type-post","status-publish","format-standard","has-post-thumbnail","hentry","category-biblioteca-escolar","category-portada"],"post_mailing_queue_ids":[],"_links":{"self":[{"href":"https:\/\/serveiseducatius.xtec.cat\/altmaresme\/wp-json\/wp\/v2\/posts\/9087","targetHints":{"allow":["GET"]}}],"collection":[{"href":"https:\/\/serveiseducatius.xtec.cat\/altmaresme\/wp-json\/wp\/v2\/posts"}],"about":[{"href":"https:\/\/serveiseducatius.xtec.cat\/altmaresme\/wp-json\/wp\/v2\/types\/post"}],"author":[{"embeddable":true,"href":"https:\/\/serveiseducatius.xtec.cat\/altmaresme\/wp-json\/wp\/v2\/users\/1"}],"replies":[{"embeddable":true,"href":"https:\/\/serveiseducatius.xtec.cat\/altmaresme\/wp-json\/wp\/v2\/comments?post=9087"}],"version-history":[{"count":3,"href":"https:\/\/serveiseducatius.xtec.cat\/altmaresme\/wp-json\/wp\/v2\/posts\/9087\/revisions"}],"predecessor-version":[{"id":10065,"href":"https:\/\/serveiseducatius.xtec.cat\/altmaresme\/wp-json\/wp\/v2\/posts\/9087\/revisions\/10065"}],"wp:featuredmedia":[{"embeddable":true,"href":"https:\/\/serveiseducatius.xtec.cat\/altmaresme\/wp-json\/wp\/v2\/media\/9088"}],"wp:attachment":[{"href":"https:\/\/serveiseducatius.xtec.cat\/altmaresme\/wp-json\/wp\/v2\/media?parent=9087"}],"wp:term":[{"taxonomy":"category","embeddable":true,"href":"https:\/\/serveiseducatius.xtec.cat\/altmaresme\/wp-json\/wp\/v2\/categories?post=9087"},{"taxonomy":"post_tag","embeddable":true,"href":"https:\/\/serveiseducatius.xtec.cat\/altmaresme\/wp-json\/wp\/v2\/tags?post=9087"}],"curies":[{"name":"wp","href":"https:\/\/api.w.org\/{rel}","templated":true}]}}