{"id":8748,"date":"2016-05-31T10:13:45","date_gmt":"2016-05-31T08:13:45","guid":{"rendered":"http:\/\/serveiseducatius.xtec.cat\/altmaresme\/?p=8748"},"modified":"2017-06-28T11:55:42","modified_gmt":"2017-06-28T09:55:42","slug":"20-apps-per-crear-mapes-conceptuals-i-mentals","status":"publish","type":"post","link":"https:\/\/serveiseducatius.xtec.cat\/altmaresme\/docencia\/vectors\/dua\/20-apps-per-crear-mapes-conceptuals-i-mentals\/","title":{"rendered":"20 apps per crear mapes conceptuals i mentals"},"content":{"rendered":"<p>Els mapes conceptuals s\u00f3n una forma \u00fatil per a representar de forma gr\u00e0fica el coneixement, relacionant conceptes entre s\u00ed. Les apps que hi ha a continuaci\u00f3 facilitaran la tasca d&#8217;organitzar els conceptes i relacionar-los, de manera que sigui m\u00e9s f\u00e0cil per als docents i alumnes elaborar esquemes m\u00e9s clars i entenedors que estructurin els continguts de l&#8217;aula.<\/p>\n<p style=\"text-align: center;\">Article extret de la Revista <strong><a href=\"http:\/\/www.educaciontrespuntocero.com\/recursos\/apps-para-crear-mapas-conceptuales\/19624.html?utm_source=phplist1124&amp;utm_medium=email&amp;utm_content=HTML&amp;utm_campaign=20+apps+para+mapas+conceptuales%2C+%22Educar+en+las+emociones+es+clave+para+el+aprendizaje%22%2C+formaci%C3%B3n+para+el+emprendimiento+y+m%C3%A1s+noticias\" target=\"_blank\">EDUCACI\u00d3N 3.0<\/a><\/strong><\/p>\n","protected":false},"excerpt":{"rendered":"<p>Els mapes conceptuals s\u00f3n una forma \u00fatil per a representar de forma gr\u00e0fica el coneixement, relacionant conceptes entre s\u00ed. Les apps que hi ha a continuaci\u00f3 facilitaran la tasca d&#8217;organitzar els conceptes i relacionar-los, de manera que sigui m\u00e9s f\u00e0cil per als docents i alumnes&hellip;  <a href=\"https:\/\/serveiseducatius.xtec.cat\/altmaresme\/docencia\/vectors\/dua\/20-apps-per-crear-mapes-conceptuals-i-mentals\/\" title=\"Read 20 apps per crear mapes conceptuals i mentals\">Llegeix m\u00e9s\u00bb<\/a><\/p>\n","protected":false},"author":7,"featured_media":0,"comment_status":"open","ping_status":"open","sticky":false,"template":"","format":"standard","meta":{"_bbp_topic_count":0,"_bbp_reply_count":0,"_bbp_total_topic_count":0,"_bbp_total_reply_count":0,"_bbp_voice_count":0,"_bbp_anonymous_reply_count":0,"_bbp_topic_count_hidden":0,"_bbp_reply_count_hidden":0,"_bbp_forum_subforum_count":0,"footnotes":""},"categories":[285],"tags":[],"class_list":["post-8748","post","type-post","status-publish","format-standard","hentry","category-dua"],"post_mailing_queue_ids":[],"_links":{"self":[{"href":"https:\/\/serveiseducatius.xtec.cat\/altmaresme\/wp-json\/wp\/v2\/posts\/8748","targetHints":{"allow":["GET"]}}],"collection":[{"href":"https:\/\/serveiseducatius.xtec.cat\/altmaresme\/wp-json\/wp\/v2\/posts"}],"about":[{"href":"https:\/\/serveiseducatius.xtec.cat\/altmaresme\/wp-json\/wp\/v2\/types\/post"}],"author":[{"embeddable":true,"href":"https:\/\/serveiseducatius.xtec.cat\/altmaresme\/wp-json\/wp\/v2\/users\/7"}],"replies":[{"embeddable":true,"href":"https:\/\/serveiseducatius.xtec.cat\/altmaresme\/wp-json\/wp\/v2\/comments?post=8748"}],"version-history":[{"count":1,"href":"https:\/\/serveiseducatius.xtec.cat\/altmaresme\/wp-json\/wp\/v2\/posts\/8748\/revisions"}],"predecessor-version":[{"id":8749,"href":"https:\/\/serveiseducatius.xtec.cat\/altmaresme\/wp-json\/wp\/v2\/posts\/8748\/revisions\/8749"}],"wp:attachment":[{"href":"https:\/\/serveiseducatius.xtec.cat\/altmaresme\/wp-json\/wp\/v2\/media?parent=8748"}],"wp:term":[{"taxonomy":"category","embeddable":true,"href":"https:\/\/serveiseducatius.xtec.cat\/altmaresme\/wp-json\/wp\/v2\/categories?post=8748"},{"taxonomy":"post_tag","embeddable":true,"href":"https:\/\/serveiseducatius.xtec.cat\/altmaresme\/wp-json\/wp\/v2\/tags?post=8748"}],"curies":[{"name":"wp","href":"https:\/\/api.w.org\/{rel}","templated":true}]}}