{"id":8121,"date":"2015-09-01T12:40:57","date_gmt":"2015-09-01T11:40:57","guid":{"rendered":"http:\/\/serveieducatiu.eu\/?p=1293"},"modified":"2016-05-06T10:39:31","modified_gmt":"2016-05-06T09:39:31","slug":"projecte-sardatic","status":"publish","type":"post","link":"https:\/\/serveiseducatius.xtec.cat\/altmaresme\/general\/projecte-sardatic\/","title":{"rendered":"Projecte SardaTIC"},"content":{"rendered":"<div dir=\"ltr\"><span style=\"font-size: large;\"><span style=\"color: #000000; font-family: trebuchet ms,sans-serif;\">Us informem que ja podeu fer la vostra preinscripci\u00f3 al projecte SardaTIC per al curs vinent 2015-2016 i tenim diferents escoles del Garraf interessades en formar grup de treball!<\/span><\/span><\/div>\n<div dir=\"ltr\"><span style=\"font-size: large;\"><span style=\"font-size: large;\"><span style=\"font-family: trebuchet ms,sans-serif;\"><br \/>\n<\/span><\/span><\/span><\/p>\n<div><span style=\"font-size: large;\"><b><span lang=\"CA\"><span style=\"font-family: trebuchet ms,sans-serif;\">\u00a0<\/span><\/span><\/b><\/span>SardaTIC \u00e9s un <span style=\"color: #ff9900;\"><b>projecte telem\u00e0tic<\/b><\/span> que t\u00e9 com a objectiu principal fer arribar de manera moderna i l\u00fadica la <span style=\"color: #cc0000;\"><b>Sardana<\/b><\/span> \u00a0i la <span style=\"color: #134f5c;\"><b>Cobla<\/b><\/span> al m\u00e0xim de nens i nenes en edat escolar de tot el territori de parla catalana tot afavorint el <span style=\"color: #351c75;\"><b>treball col\u00b7laboratiu<\/b> i en <b>xarxa<\/b> <\/span>entre grups d&#8217;escoles mitjant\u00e7ant les <span style=\"color: #741b47;\">tecnologies de la <b>informaci\u00f3 i la comunicaci\u00f3 (TIC)<\/b><\/span>.<\/div>\n<\/div>\n<div dir=\"ltr\">\n<div>Hi poden participar escoles de <span style=\"color: #990000;\"><b>Prim\u00e0ria<\/b><\/span> de tot el territori de parla catalana que vulguin treballar la Sardana i la Cobla de <span style=\"color: #073763;\"><b>forma diferent i l\u00fadica<\/b><\/span>, mitjan\u00e7ant les TIC.<\/div>\n<div dir=\"ltr\"><\/div>\n<div dir=\"ltr\">Pots consultar tota la informaci\u00f3 d\u2019aquest gran i innovador projecte a l&#8217;enlla\u00e7: www. <a href=\"http:\/\/sardatic.blogspot.com.es\" target=\"_blank\">sardatic.blogspot.com.es<\/a><\/div>\n<p><b><span lang=\"CA\">\u00a0<\/span><\/b><br \/>\n<b><span lang=\"CA\">Ompliu quan abans el formulari ja que les places s\u00f3n limitades!<\/span><\/b><b style=\"font-size: large;\"><\/b><\/p>\n<div><span lang=\"CA\"><b><br \/>\n<\/b><\/span><\/p>\n<div><a href=\"http:\/\/2.bp.blogspot.com\/-Ei3IIU5yTe4\/VYJjIZEmRmI\/AAAAAAAAAN4\/PDJ8AkcV5qs\/s1600\/PREINSCRIPCIONS2_AjudaProfes_2015.JPG\" target=\"_blank\"><img loading=\"lazy\" decoding=\"async\" class=\"CToWUd\" src=\"https:\/\/2.bp.blogspot.com\/-Ei3IIU5yTe4\/VYJjIZEmRmI\/AAAAAAAAAN4\/PDJ8AkcV5qs\/s640\/PREINSCRIPCIONS2_AjudaProfes_2015.JPG\" alt=\"\" width=\"640\" height=\"480\" border=\"0\" \/><\/a><\/div>\n<\/div>\n<div><b><u><span lang=\"CA\"><span style=\"font-size: large;\">\u00a0<\/span><\/span><\/u><\/b><\/div>\n<div><\/div>\n<\/div>\n","protected":false},"excerpt":{"rendered":"<p>Us informem que ja podeu fer la vostra preinscripci\u00f3 al projecte SardaTIC per al curs vinent 2015-2016 i tenim diferents escoles del Garraf interessades en formar grup de treball!<\/p>\n<p>\u00a0SardaTIC \u00e9s un projecte telem\u00e0tic que t\u00e9 com a objectiu principal fer arribar de manera moderna i&hellip;  <a href=\"https:\/\/serveiseducatius.xtec.cat\/altmaresme\/general\/projecte-sardatic\/\" title=\"Read Projecte SardaTIC\">Llegeix m\u00e9s\u00bb<\/a><\/p>\n","protected":false},"author":7,"featured_media":0,"comment_status":"open","ping_status":"open","sticky":false,"template":"","format":"standard","meta":{"_bbp_topic_count":0,"_bbp_reply_count":0,"_bbp_total_topic_count":0,"_bbp_total_reply_count":0,"_bbp_voice_count":0,"_bbp_anonymous_reply_count":0,"_bbp_topic_count_hidden":0,"_bbp_reply_count_hidden":0,"_bbp_forum_subforum_count":0,"footnotes":""},"categories":[1],"tags":[],"class_list":["post-8121","post","type-post","status-publish","format-standard","hentry","category-general"],"post_mailing_queue_ids":[],"_links":{"self":[{"href":"https:\/\/serveiseducatius.xtec.cat\/altmaresme\/wp-json\/wp\/v2\/posts\/8121","targetHints":{"allow":["GET"]}}],"collection":[{"href":"https:\/\/serveiseducatius.xtec.cat\/altmaresme\/wp-json\/wp\/v2\/posts"}],"about":[{"href":"https:\/\/serveiseducatius.xtec.cat\/altmaresme\/wp-json\/wp\/v2\/types\/post"}],"author":[{"embeddable":true,"href":"https:\/\/serveiseducatius.xtec.cat\/altmaresme\/wp-json\/wp\/v2\/users\/7"}],"replies":[{"embeddable":true,"href":"https:\/\/serveiseducatius.xtec.cat\/altmaresme\/wp-json\/wp\/v2\/comments?post=8121"}],"version-history":[{"count":1,"href":"https:\/\/serveiseducatius.xtec.cat\/altmaresme\/wp-json\/wp\/v2\/posts\/8121\/revisions"}],"predecessor-version":[{"id":8613,"href":"https:\/\/serveiseducatius.xtec.cat\/altmaresme\/wp-json\/wp\/v2\/posts\/8121\/revisions\/8613"}],"wp:attachment":[{"href":"https:\/\/serveiseducatius.xtec.cat\/altmaresme\/wp-json\/wp\/v2\/media?parent=8121"}],"wp:term":[{"taxonomy":"category","embeddable":true,"href":"https:\/\/serveiseducatius.xtec.cat\/altmaresme\/wp-json\/wp\/v2\/categories?post=8121"},{"taxonomy":"post_tag","embeddable":true,"href":"https:\/\/serveiseducatius.xtec.cat\/altmaresme\/wp-json\/wp\/v2\/tags?post=8121"}],"curies":[{"name":"wp","href":"https:\/\/api.w.org\/{rel}","templated":true}]}}