{"id":19510,"date":"2026-03-25T09:12:50","date_gmt":"2026-03-25T08:12:50","guid":{"rendered":"https:\/\/serveiseducatius.xtec.cat\/altmaresme\/?p=19510"},"modified":"2026-03-26T07:38:27","modified_gmt":"2026-03-26T06:38:27","slug":"segona-jornada-del-xxii-certamen-de-lectura-en-veu-alta-a-lalt-maresme","status":"publish","type":"post","link":"https:\/\/serveiseducatius.xtec.cat\/altmaresme\/portada\/segona-jornada-del-xxii-certamen-de-lectura-en-veu-alta-a-lalt-maresme\/","title":{"rendered":"Segona jornada del XXII Certamen de Lectura en Veu Alta a l&#8217;Alt Maresme"},"content":{"rendered":"\n<p>L\u2019Auditori de la Biblioteca M. Serra i Moret de Pineda de Mar acull avui la segona jornada de la <strong>semifinal del XXII Certamen de Lectura en Veu Alta<\/strong>. Despr\u00e9s del gran inici de la setmana passada, avui \u00e9s el torn de l&#8217;alumnat de prim\u00e0ria en les categories de:<\/p>\n\n\n\n<ul class=\"wp-block-list\">\n<li><strong>Grumets Vermells:<\/strong> Alumnat de 3r i 4t de Prim\u00e0ria.<\/li>\n\n\n\n<li><strong>Grumets Verds:<\/strong> Alumnat de 5\u00e8 i 6\u00e8 de Prim\u00e0ria.<\/li>\n<\/ul>\n\n\n\n<p>Volem donar molts \u00e0nims a tots els nens i nenes que avui pujaran a l&#8217;escenari per compartir el plaer de llegir. Recordeu que, si no hi podeu ser presencialment, podeu seguir tota l&#8217;emoci\u00f3 <strong>en directe<\/strong> a trav\u00e9s d&#8217;aquest enlla\u00e7:<\/p>\n\n\n\n<p>\ud83d\udc49 <strong><a href=\"https:\/\/www.youtube.com\/live\/H6xFmn47Sd0\" data-type=\"link\" data-id=\"https:\/\/youtube.com\/live\/H6xFmn47Sd0?feature=share\" target=\"_blank\" rel=\"noreferrer noopener\">Retransmissi\u00f3 en directe &#8211; 2a Jornada (Grumets)<\/a><\/strong><\/p>\n\n\n\n<p><strong>Bona lectura a tothom!<\/strong><\/p>\n\n\n\n<p><\/p>\n","protected":false},"excerpt":{"rendered":"<p>L\u2019Auditori de la Biblioteca M. Serra i Moret de Pineda de Mar acull avui la segona jornada de la semifinal del XXII Certamen de Lectura en Veu Alta. Despr\u00e9s del gran inici de la setmana passada, avui \u00e9s el torn de l&#8217;alumnat de prim\u00e0ria en&hellip;  <a href=\"https:\/\/serveiseducatius.xtec.cat\/altmaresme\/portada\/segona-jornada-del-xxii-certamen-de-lectura-en-veu-alta-a-lalt-maresme\/\" title=\"Read Segona jornada del XXII Certamen de Lectura en Veu Alta a l&#8217;Alt Maresme\">Llegeix m\u00e9s\u00bb<\/a><\/p>\n","protected":false},"author":147,"featured_media":19511,"comment_status":"open","ping_status":"open","sticky":false,"template":"","format":"standard","meta":{"_bbp_topic_count":0,"_bbp_reply_count":0,"_bbp_total_topic_count":0,"_bbp_total_reply_count":0,"_bbp_voice_count":0,"_bbp_anonymous_reply_count":0,"_bbp_topic_count_hidden":0,"_bbp_reply_count_hidden":0,"_bbp_forum_subforum_count":0,"footnotes":""},"categories":[72,29,1046],"tags":[],"class_list":["post-19510","post","type-post","status-publish","format-standard","has-post-thumbnail","hentry","category-lectura-en-veu-alta","category-portada","category-primaria"],"post_mailing_queue_ids":[],"_links":{"self":[{"href":"https:\/\/serveiseducatius.xtec.cat\/altmaresme\/wp-json\/wp\/v2\/posts\/19510","targetHints":{"allow":["GET"]}}],"collection":[{"href":"https:\/\/serveiseducatius.xtec.cat\/altmaresme\/wp-json\/wp\/v2\/posts"}],"about":[{"href":"https:\/\/serveiseducatius.xtec.cat\/altmaresme\/wp-json\/wp\/v2\/types\/post"}],"author":[{"embeddable":true,"href":"https:\/\/serveiseducatius.xtec.cat\/altmaresme\/wp-json\/wp\/v2\/users\/147"}],"replies":[{"embeddable":true,"href":"https:\/\/serveiseducatius.xtec.cat\/altmaresme\/wp-json\/wp\/v2\/comments?post=19510"}],"version-history":[{"count":6,"href":"https:\/\/serveiseducatius.xtec.cat\/altmaresme\/wp-json\/wp\/v2\/posts\/19510\/revisions"}],"predecessor-version":[{"id":19529,"href":"https:\/\/serveiseducatius.xtec.cat\/altmaresme\/wp-json\/wp\/v2\/posts\/19510\/revisions\/19529"}],"wp:featuredmedia":[{"embeddable":true,"href":"https:\/\/serveiseducatius.xtec.cat\/altmaresme\/wp-json\/wp\/v2\/media\/19511"}],"wp:attachment":[{"href":"https:\/\/serveiseducatius.xtec.cat\/altmaresme\/wp-json\/wp\/v2\/media?parent=19510"}],"wp:term":[{"taxonomy":"category","embeddable":true,"href":"https:\/\/serveiseducatius.xtec.cat\/altmaresme\/wp-json\/wp\/v2\/categories?post=19510"},{"taxonomy":"post_tag","embeddable":true,"href":"https:\/\/serveiseducatius.xtec.cat\/altmaresme\/wp-json\/wp\/v2\/tags?post=19510"}],"curies":[{"name":"wp","href":"https:\/\/api.w.org\/{rel}","templated":true}]}}