{"id":19507,"date":"2026-03-18T09:27:05","date_gmt":"2026-03-18T08:27:05","guid":{"rendered":"https:\/\/serveiseducatius.xtec.cat\/altmaresme\/?p=19507"},"modified":"2026-03-18T09:27:07","modified_gmt":"2026-03-18T08:27:07","slug":"tot-a-punt-per-la-semifinal-del-xxii-certamen-de-lectura-en-veu-alta-a-lalt-maresme","status":"publish","type":"post","link":"https:\/\/serveiseducatius.xtec.cat\/altmaresme\/portada\/tot-a-punt-per-la-semifinal-del-xxii-certamen-de-lectura-en-veu-alta-a-lalt-maresme\/","title":{"rendered":"Tot a punt per la Semifinal del XXII Certamen de Lectura en Veu Alta a l&#8217;Alt Maresme!"},"content":{"rendered":"\n<p>L\u2019espera s&#8217;ha acabat. Aquest mat\u00ed, l\u2019<strong>Auditori de la Biblioteca M. Serra i Moret de Pineda de Mar<\/strong> obre les seves portes per acollir la primera jornada de les semifinals de l&#8217;Alt Maresme del <strong>XXII Certamen de Lectura en Veu Alta<\/strong>.<\/p>\n\n\n\n<p>Despr\u00e9s de setmanes d&#8217;assaigs, dicci\u00f3 i molts nervis als centres educatius, avui \u00e9s el dia en qu\u00e8 les lletres cobren vida a trav\u00e9s de la veu de l&#8217;alumnat. En aquesta sessi\u00f3 inaugural, els protagonistes seran els nois i noies de secund\u00e0ria i l&#8217;alumnat nouvingut, que participaran en les seg\u00fcents categories:<\/p>\n\n\n\n<ul class=\"wp-block-list\">\n<li><strong>Corsaris:<\/strong> Alumnat de 1r i 2n d\u2019ESO.<\/li>\n\n\n\n<li><strong>Timoners:<\/strong> Alumnat nouvingut (Aula d&#8217;Acollida).<\/li>\n\n\n\n<li><strong>Tropa de Corsaris:<\/strong> Lectura col\u00b7lectiva per a alumnat de 3r i 4t d\u2019ESO.<\/li>\n<\/ul>\n\n\n\n<h3 class=\"wp-block-heading\">Seguiu-lo en directe!<\/h3>\n\n\n\n<p>Som conscients que moltes fam\u00edlies i companys i companyes de classe voldrien ser-hi presents. Per aix\u00f2, si no hi podeu ser presencialment, no us perdeu cap detall i <strong>seguiu el certamen en directe<\/strong> a trav\u00e9s del seg\u00fcent enlla\u00e7:<\/p>\n\n\n\n<p>\ud83d\udc49 <strong><a target=\"_blank\" rel=\"noreferrer noopener\" href=\"https:\/\/youtube.com\/live\/e1Y1CeaZ9PQ?feature=share\">Retransmissi\u00f3 en directe &#8211; XXII Certamen de Lectura en Veu Alta<\/a><\/strong><\/p>\n\n\n\n<p>Des del <strong>Servei Educatiu de l\u2019Alt Maresme<\/strong>, volem desitjar molta sort a tots els centres participants i, sobretot, esperem que gaudiu de l&#8217;experi\u00e8ncia de compartir la lectura amb els companys i companyes de la comarca.<\/p>\n","protected":false},"excerpt":{"rendered":"<p>L\u2019espera s&#8217;ha acabat. Aquest mat\u00ed, l\u2019Auditori de la Biblioteca M. Serra i Moret de Pineda de Mar obre les seves portes per acollir la primera jornada de les semifinals de l&#8217;Alt Maresme del XXII Certamen de Lectura en Veu Alta.<\/p>\n<p>Despr\u00e9s de setmanes d&#8217;assaigs, dicci\u00f3 i&hellip;  <a href=\"https:\/\/serveiseducatius.xtec.cat\/altmaresme\/portada\/tot-a-punt-per-la-semifinal-del-xxii-certamen-de-lectura-en-veu-alta-a-lalt-maresme\/\" title=\"Read Tot a punt per la Semifinal del XXII Certamen de Lectura en Veu Alta a l&#8217;Alt Maresme!\">Llegeix m\u00e9s\u00bb<\/a><\/p>\n","protected":false},"author":147,"featured_media":19508,"comment_status":"open","ping_status":"open","sticky":false,"template":"","format":"standard","meta":{"_bbp_topic_count":0,"_bbp_reply_count":0,"_bbp_total_topic_count":0,"_bbp_total_reply_count":0,"_bbp_voice_count":0,"_bbp_anonymous_reply_count":0,"_bbp_topic_count_hidden":0,"_bbp_reply_count_hidden":0,"_bbp_forum_subforum_count":0,"footnotes":""},"categories":[72,29,1045],"tags":[],"class_list":["post-19507","post","type-post","status-publish","format-standard","has-post-thumbnail","hentry","category-lectura-en-veu-alta","category-portada","category-secundaria"],"post_mailing_queue_ids":[],"_links":{"self":[{"href":"https:\/\/serveiseducatius.xtec.cat\/altmaresme\/wp-json\/wp\/v2\/posts\/19507","targetHints":{"allow":["GET"]}}],"collection":[{"href":"https:\/\/serveiseducatius.xtec.cat\/altmaresme\/wp-json\/wp\/v2\/posts"}],"about":[{"href":"https:\/\/serveiseducatius.xtec.cat\/altmaresme\/wp-json\/wp\/v2\/types\/post"}],"author":[{"embeddable":true,"href":"https:\/\/serveiseducatius.xtec.cat\/altmaresme\/wp-json\/wp\/v2\/users\/147"}],"replies":[{"embeddable":true,"href":"https:\/\/serveiseducatius.xtec.cat\/altmaresme\/wp-json\/wp\/v2\/comments?post=19507"}],"version-history":[{"count":1,"href":"https:\/\/serveiseducatius.xtec.cat\/altmaresme\/wp-json\/wp\/v2\/posts\/19507\/revisions"}],"predecessor-version":[{"id":19509,"href":"https:\/\/serveiseducatius.xtec.cat\/altmaresme\/wp-json\/wp\/v2\/posts\/19507\/revisions\/19509"}],"wp:featuredmedia":[{"embeddable":true,"href":"https:\/\/serveiseducatius.xtec.cat\/altmaresme\/wp-json\/wp\/v2\/media\/19508"}],"wp:attachment":[{"href":"https:\/\/serveiseducatius.xtec.cat\/altmaresme\/wp-json\/wp\/v2\/media?parent=19507"}],"wp:term":[{"taxonomy":"category","embeddable":true,"href":"https:\/\/serveiseducatius.xtec.cat\/altmaresme\/wp-json\/wp\/v2\/categories?post=19507"},{"taxonomy":"post_tag","embeddable":true,"href":"https:\/\/serveiseducatius.xtec.cat\/altmaresme\/wp-json\/wp\/v2\/tags?post=19507"}],"curies":[{"name":"wp","href":"https:\/\/api.w.org\/{rel}","templated":true}]}}