{"id":19449,"date":"2026-02-19T10:29:17","date_gmt":"2026-02-19T09:29:17","guid":{"rendered":"https:\/\/serveiseducatius.xtec.cat\/altmaresme\/?p=19449"},"modified":"2026-02-19T10:51:44","modified_gmt":"2026-02-19T09:51:44","slug":"seguim-amb-el-foment-de-la-llengua-i-de-la-creacio-literaria","status":"publish","type":"post","link":"https:\/\/serveiseducatius.xtec.cat\/altmaresme\/portada\/seguim-amb-el-foment-de-la-llengua-i-de-la-creacio-literaria\/","title":{"rendered":"Seguim amb el foment de la llengua i la creaci\u00f3 liter\u00e0ria"},"content":{"rendered":"\n<p>Ja s\u2019ha publicat la convocat\u00f2ria dels\u00a0<strong><a href=\"https:\/\/serveiseducatius.xtec.cat\/mvo\/general\/xiii-jocs-florals-escolars\/\" target=\"_blank\" rel=\"noreferrer noopener\">XIII Jocs Florals Escolars de Catalunya<\/a><\/strong>.\u00a0<\/p>\n\n\n\n<p>Us animem a participar en aquesta nova edici\u00f3, una oportunitat magn\u00edfica per donar veu a la creativitat del vostre alumnat i compartir el seu talent literari amb tota la comunitat educativa.<\/p>\n\n\n\n<p>Aquesta nova edici\u00f3 la Fase Nacional que es feia a BCN passa a realitzar-se en el ST MVO. D&#8217;aquesta manera, el que fins ara era la Fase Territorial passa a ser la Fase Final. El veredicte de la Fase Final dels XIII Jocs Florals es far\u00e0 p\u00fablic en l&#8217;acte presencial del&nbsp;<strong>20 de maig a l&#8217;institut&nbsp;Alexandre Satorras de Matar\u00f3<\/strong>.<\/p>\n\n\n\n<p>Des d&#8217;aquest enlla\u00e7 podeu consultar les<a href=\"https:\/\/xtec.gencat.cat\/ca\/centres\/premis-i-concursos\/jocsflorals\/2526\/\" target=\"_blank\" rel=\"noreferrer noopener\">&nbsp;bases<\/a><a href=\"https:\/\/xtec.gencat.cat\/ca\/centres\/premis-i-concursos\/jocsflorals\/2526\/\" target=\"_blank\" rel=\"noreferrer noopener\">&nbsp;i els requisits de participaci\u00f3<\/a>. El calendari previst \u00e9s el seg\u00fcent:<\/p>\n\n\n\n<p>&#8211; Per\u00edode d&#8217;inscripci\u00f3: omplir aquest&nbsp;<a href=\"https:\/\/forms.gle\/4W7WhjvC2U83MbjS9\" target=\"_blank\" rel=\"noreferrer noopener\">formulari&nbsp;<\/a>abans del 13 de mar\u00e7.<\/p>\n\n\n\n<p>&#8211; Data l\u00edmit per entregar els treballs abans del 8 d&#8217;abril.<\/p>\n\n\n\n<p>&#8211; Acte d&#8217;entrega de premis, 20 de maig.<\/p>\n\n\n\n<p>Us encoratgem a fer-ne la m\u00e0xima difusi\u00f3 entre l\u2019alumnat i el professorat dels vostres centres, i a promoure activament la participaci\u00f3 en aquesta iniciativa de foment de la llengua i de la creaci\u00f3 liter\u00e0ria.<\/p>\n\n\n\n<p>Per a qualsevol aclariment, podeu adre\u00e7ar-vos a\u00a0l&#8217;adre\u00e7a\u00a0de correu electr\u00f2nic\u00a0<a href=\"mailto:serveis_edu_mvo.educacio@gencat.cat\" target=\"_blank\" rel=\"noreferrer noopener\">serveis_edu_mvo.educacio@gencat.cat<\/a>\u00a0o a la t\u00e8cnica referent\u00a0<a href=\"mailto:vmarti35@xtec.cat\" target=\"_blank\" rel=\"noreferrer noopener\">vmarti35@xtec.cat<\/a>.<\/p>\n","protected":false},"excerpt":{"rendered":"<p>Ja s\u2019ha publicat la convocat\u00f2ria dels\u00a0<a href=\"https:\/\/serveiseducatius.xtec.cat\/mvo\/general\/xiii-jocs-florals-escolars\/\" target=\"_blank\" rel=\"noreferrer noopener\">XIII Jocs Florals Escolars de Catalunya<\/a>.\u00a0<\/p>\n<p>Us animem a participar en aquesta nova edici\u00f3, una oportunitat magn\u00edfica per donar veu a la creativitat del vostre alumnat i compartir el seu talent literari amb tota la comunitat educativa.<\/p>\n<p>Aquesta&hellip;  <a href=\"https:\/\/serveiseducatius.xtec.cat\/altmaresme\/portada\/seguim-amb-el-foment-de-la-llengua-i-de-la-creacio-literaria\/\" title=\"Read Seguim amb el foment de la llengua i la creaci\u00f3 liter\u00e0ria\">Llegeix m\u00e9s\u00bb<\/a><\/p>\n","protected":false},"author":137,"featured_media":15835,"comment_status":"open","ping_status":"open","sticky":false,"template":"","format":"standard","meta":{"_bbp_topic_count":0,"_bbp_reply_count":0,"_bbp_total_topic_count":0,"_bbp_total_reply_count":0,"_bbp_voice_count":0,"_bbp_anonymous_reply_count":0,"_bbp_topic_count_hidden":0,"_bbp_reply_count_hidden":0,"_bbp_forum_subforum_count":0,"footnotes":""},"categories":[71,29,1046,1045],"tags":[],"class_list":["post-19449","post","type-post","status-publish","format-standard","has-post-thumbnail","hentry","category-jocs-florals","category-portada","category-primaria","category-secundaria"],"post_mailing_queue_ids":[],"_links":{"self":[{"href":"https:\/\/serveiseducatius.xtec.cat\/altmaresme\/wp-json\/wp\/v2\/posts\/19449","targetHints":{"allow":["GET"]}}],"collection":[{"href":"https:\/\/serveiseducatius.xtec.cat\/altmaresme\/wp-json\/wp\/v2\/posts"}],"about":[{"href":"https:\/\/serveiseducatius.xtec.cat\/altmaresme\/wp-json\/wp\/v2\/types\/post"}],"author":[{"embeddable":true,"href":"https:\/\/serveiseducatius.xtec.cat\/altmaresme\/wp-json\/wp\/v2\/users\/137"}],"replies":[{"embeddable":true,"href":"https:\/\/serveiseducatius.xtec.cat\/altmaresme\/wp-json\/wp\/v2\/comments?post=19449"}],"version-history":[{"count":2,"href":"https:\/\/serveiseducatius.xtec.cat\/altmaresme\/wp-json\/wp\/v2\/posts\/19449\/revisions"}],"predecessor-version":[{"id":19451,"href":"https:\/\/serveiseducatius.xtec.cat\/altmaresme\/wp-json\/wp\/v2\/posts\/19449\/revisions\/19451"}],"wp:featuredmedia":[{"embeddable":true,"href":"https:\/\/serveiseducatius.xtec.cat\/altmaresme\/wp-json\/wp\/v2\/media\/15835"}],"wp:attachment":[{"href":"https:\/\/serveiseducatius.xtec.cat\/altmaresme\/wp-json\/wp\/v2\/media?parent=19449"}],"wp:term":[{"taxonomy":"category","embeddable":true,"href":"https:\/\/serveiseducatius.xtec.cat\/altmaresme\/wp-json\/wp\/v2\/categories?post=19449"},{"taxonomy":"post_tag","embeddable":true,"href":"https:\/\/serveiseducatius.xtec.cat\/altmaresme\/wp-json\/wp\/v2\/tags?post=19449"}],"curies":[{"name":"wp","href":"https:\/\/api.w.org\/{rel}","templated":true}]}}