{"id":19439,"date":"2026-02-18T16:31:15","date_gmt":"2026-02-18T15:31:15","guid":{"rendered":"https:\/\/serveiseducatius.xtec.cat\/altmaresme\/?p=19439"},"modified":"2026-02-18T17:01:10","modified_gmt":"2026-02-18T16:01:10","slug":"sant-cebria-negre-una-oportunitat-de-creacio-literaria-i-audiovisual-pels-joves","status":"publish","type":"post","link":"https:\/\/serveiseducatius.xtec.cat\/altmaresme\/general\/sant-cebria-negre-una-oportunitat-de-creacio-literaria-i-audiovisual-pels-joves\/","title":{"rendered":"Sant Cebri\u00e0 negre. Una oportunitat de creaci\u00f3 liter\u00e0ria i audiovisual per joves."},"content":{"rendered":"\n<figure class=\"wp-block-image size-full is-resized\"><a href=\"https:\/\/serveiseducatius.xtec.cat\/altmaresme\/wp-content\/uploads\/usu1140\/2026\/02\/image-1.png\"><img loading=\"lazy\" decoding=\"async\" width=\"605\" height=\"753\" src=\"https:\/\/serveiseducatius.xtec.cat\/altmaresme\/wp-content\/uploads\/usu1140\/2026\/02\/image-1.png\" alt=\"\" class=\"wp-image-19441\" style=\"width:607px;height:auto\" srcset=\"https:\/\/serveiseducatius.xtec.cat\/altmaresme\/wp-content\/uploads\/usu1140\/2026\/02\/image-1.png 605w, https:\/\/serveiseducatius.xtec.cat\/altmaresme\/wp-content\/uploads\/usu1140\/2026\/02\/image-1-241x300.png 241w\" sizes=\"auto, (max-width: 605px) 100vw, 605px\" \/><\/a><\/figure>\n\n\n\n<p><\/p>\n\n\n\n<p>El municipi de Sant Cebri\u00e0 aposta per tercer cop consecutiu per aquesta iniciativa al voltant de la novel\u00b7la negra obrint l&#8217;oportunitat dels joves de la comarca a presentar les seves creacions gr\u00e0fiques, liter\u00e0ries i audiovisuals amb l\u2019objectiu de fomentar la creativitat aplicada a la literatura i l&#8217;audiovisual i alhora promoure la creaci\u00f3 d\u2019obres breus del g\u00e8nere per a totes les edats i el plaer lector.<\/p>\n\n\n\n<p>Les obres han de ser de g\u00e8nere negre, policial o misteri escrites en catal\u00e0 i es poden presentar persones dels 11 anys en endavant a la seva respectiva categoria.<\/p>\n\n\n\n<p>La data l\u00edmit per a la recepci\u00f3 de les obres ser\u00e0:<\/p>\n\n\n\n<p>&#8211; el 13 de mar\u00e7 de 2026 a les 21:00 hores pels relats curts.<\/p>\n\n\n\n<p>&#8211; el 20 de mar\u00e7 de 2026 a les 21:00 hores per les novel\u00b7les gr\u00e0fiques i els curtmetratges.<\/p>\n\n\n\n<p>i l\u2019anunci de les persones guanyadores es far\u00e0 en un acte del festival Sant Cebri\u00e0 Negre, que tindr\u00e0 lloc el 12 d\u2019abril de 2026 a Sant Cebri\u00e0 de Vallalta.<\/p>\n\n\n\n<p>Trobareu els criteris de valoraci\u00f3 i tota la informaci\u00f3 a les bases de cada concurs:<\/p>\n\n\n\n<div class=\"wp-block-file\"><a id=\"wp-block-file--media-990cadd3-2be2-4a2d-b0ba-a2152eeadcc3\" href=\"https:\/\/serveiseducatius.xtec.cat\/altmaresme\/wp-content\/uploads\/usu1140\/2026\/02\/Bases-novella-grafica2026.pdf\">Bases novel\u00b7la gr\u00e0fica 2026<\/a><a href=\"https:\/\/serveiseducatius.xtec.cat\/altmaresme\/wp-content\/uploads\/usu1140\/2026\/02\/Bases-novella-grafica2026.pdf\" class=\"wp-block-file__button wp-element-button\" download aria-describedby=\"wp-block-file--media-990cadd3-2be2-4a2d-b0ba-a2152eeadcc3\">Baixa<\/a><\/div>\n\n\n\n<div class=\"wp-block-file\"><a id=\"wp-block-file--media-78aa2f5e-3245-4991-a975-4d51679ef47a\" href=\"https:\/\/serveiseducatius.xtec.cat\/altmaresme\/wp-content\/uploads\/usu1140\/2026\/02\/Bases-literari-negre2026.pdf\">Bases relats curts 2026<\/a><a href=\"https:\/\/serveiseducatius.xtec.cat\/altmaresme\/wp-content\/uploads\/usu1140\/2026\/02\/Bases-literari-negre2026.pdf\" class=\"wp-block-file__button wp-element-button\" download aria-describedby=\"wp-block-file--media-78aa2f5e-3245-4991-a975-4d51679ef47a\">Baixa<\/a><\/div>\n\n\n\n<div class=\"wp-block-file\"><a id=\"wp-block-file--media-c99afae8-a935-4b38-8a2b-f11f7bab6a7a\" href=\"https:\/\/serveiseducatius.xtec.cat\/altmaresme\/wp-content\/uploads\/usu1140\/2026\/02\/Bases-curtmetratges2026.pdf\">Bases curtmetratges 2026<\/a><a href=\"https:\/\/serveiseducatius.xtec.cat\/altmaresme\/wp-content\/uploads\/usu1140\/2026\/02\/Bases-curtmetratges2026.pdf\" class=\"wp-block-file__button wp-element-button\" download aria-describedby=\"wp-block-file--media-c99afae8-a935-4b38-8a2b-f11f7bab6a7a\">Baixa<\/a><\/div>\n\n\n\n<p><\/p>\n","protected":false},"excerpt":{"rendered":"<p><a href=\"https:\/\/serveiseducatius.xtec.cat\/altmaresme\/wp-content\/uploads\/usu1140\/2026\/02\/image-1.png\"><\/a><\/p>\n<p>El municipi de Sant Cebri\u00e0 aposta per tercer cop consecutiu per aquesta iniciativa al voltant de la novel\u00b7la negra obrint l&#8217;oportunitat dels joves de la comarca a presentar les seves creacions gr\u00e0fiques, liter\u00e0ries i audiovisuals amb l\u2019objectiu de fomentar la creativitat aplicada a la&hellip;  <a href=\"https:\/\/serveiseducatius.xtec.cat\/altmaresme\/general\/sant-cebria-negre-una-oportunitat-de-creacio-literaria-i-audiovisual-pels-joves\/\" title=\"Read Sant Cebri\u00e0 negre. Una oportunitat de creaci\u00f3 liter\u00e0ria i audiovisual per joves.\">Llegeix m\u00e9s\u00bb<\/a><\/p>\n","protected":false},"author":137,"featured_media":19440,"comment_status":"open","ping_status":"open","sticky":false,"template":"","format":"standard","meta":{"_bbp_topic_count":0,"_bbp_reply_count":0,"_bbp_total_topic_count":0,"_bbp_total_reply_count":0,"_bbp_voice_count":0,"_bbp_anonymous_reply_count":0,"_bbp_topic_count_hidden":0,"_bbp_reply_count_hidden":0,"_bbp_forum_subforum_count":0,"footnotes":""},"categories":[1,29,1046,1045],"tags":[],"class_list":["post-19439","post","type-post","status-publish","format-standard","has-post-thumbnail","hentry","category-general","category-portada","category-primaria","category-secundaria"],"post_mailing_queue_ids":[],"_links":{"self":[{"href":"https:\/\/serveiseducatius.xtec.cat\/altmaresme\/wp-json\/wp\/v2\/posts\/19439","targetHints":{"allow":["GET"]}}],"collection":[{"href":"https:\/\/serveiseducatius.xtec.cat\/altmaresme\/wp-json\/wp\/v2\/posts"}],"about":[{"href":"https:\/\/serveiseducatius.xtec.cat\/altmaresme\/wp-json\/wp\/v2\/types\/post"}],"author":[{"embeddable":true,"href":"https:\/\/serveiseducatius.xtec.cat\/altmaresme\/wp-json\/wp\/v2\/users\/137"}],"replies":[{"embeddable":true,"href":"https:\/\/serveiseducatius.xtec.cat\/altmaresme\/wp-json\/wp\/v2\/comments?post=19439"}],"version-history":[{"count":4,"href":"https:\/\/serveiseducatius.xtec.cat\/altmaresme\/wp-json\/wp\/v2\/posts\/19439\/revisions"}],"predecessor-version":[{"id":19448,"href":"https:\/\/serveiseducatius.xtec.cat\/altmaresme\/wp-json\/wp\/v2\/posts\/19439\/revisions\/19448"}],"wp:featuredmedia":[{"embeddable":true,"href":"https:\/\/serveiseducatius.xtec.cat\/altmaresme\/wp-json\/wp\/v2\/media\/19440"}],"wp:attachment":[{"href":"https:\/\/serveiseducatius.xtec.cat\/altmaresme\/wp-json\/wp\/v2\/media?parent=19439"}],"wp:term":[{"taxonomy":"category","embeddable":true,"href":"https:\/\/serveiseducatius.xtec.cat\/altmaresme\/wp-json\/wp\/v2\/categories?post=19439"},{"taxonomy":"post_tag","embeddable":true,"href":"https:\/\/serveiseducatius.xtec.cat\/altmaresme\/wp-json\/wp\/v2\/tags?post=19439"}],"curies":[{"name":"wp","href":"https:\/\/api.w.org\/{rel}","templated":true}]}}