{"id":19405,"date":"2026-02-11T08:34:00","date_gmt":"2026-02-11T07:34:00","guid":{"rendered":"https:\/\/serveiseducatius.xtec.cat\/altmaresme\/?p=19405"},"modified":"2026-02-11T12:37:48","modified_gmt":"2026-02-11T11:37:48","slug":"lexposicio-joves-i-families-migrants-sallarga-fins-a-l1-de-marc","status":"publish","type":"post","link":"https:\/\/serveiseducatius.xtec.cat\/altmaresme\/general\/lexposicio-joves-i-families-migrants-sallarga-fins-a-l1-de-marc\/","title":{"rendered":"L&#8217;exposici\u00f3 &#8220;Joves i fam\u00edlies migrants&#8221; s&#8217;allarga fins a l&#8217;1 de mar\u00e7!"},"content":{"rendered":"\n<p>L\u2019exposici\u00f3 \u201cJoves i fam\u00edlies. Migrants a Arenys de Mar\u201d, comissariada per l\u2019<strong>alumnat de 2n de Batxillerat de l\u2019<a href=\"https:\/\/agora.xtec.cat\/inselstresturons\/batxillerat\/inaugurem-exposicio-al-museu\/\" data-type=\"link\" data-id=\"https:\/\/agora.xtec.cat\/inselstresturons\/batxillerat\/inaugurem-exposicio-al-museu\/\">Institut Els Tres Turons<\/a><\/strong>, amplia la seva durada i estar\u00e0 oberta fins a l\u2019<strong>1 de mar\u00e7<\/strong> al Museu d\u2019Arenys de Mar.<\/p>\n\n\n\n<p>L&#8217;exposici\u00f3 \u00e9s una proposta comissariada per l\u2019alumnat de 2n de Batxillerat del curs 2024-25 de l\u2019assignatura <strong>Objectius de desenvolupament sostenible (ODS)<\/strong>, en col\u00b7laboraci\u00f3 amb l\u2019alumnat de l\u2019aula d\u2019acollida, el <strong>Museu d\u2019Arenys de Mar<\/strong> i l\u2019<strong>Ajuntament<\/strong>.<\/p>\n\n\n\n<p>La mostra ofereix una mirada <strong>m\u00e9s real i humana sobre la immigraci\u00f3 i la diversitat cultural<\/strong> al municipi, a trav\u00e9s d\u2019hist\u00f2ries, imatges i testimonis que conviden a reflexionar i entendre els moviments migratoris com una riquesa social. <\/p>\n\n\n\n<p>L\u2019exposici\u00f3 es pot visitar en l\u2019horari habitual del <a href=\"https:\/\/museu.arenysdemar.cat\/ca\/agenda\/exposici%C3%B3\/joves-i-fam%C3%ADlies-migrants-arenys-de-mar\" data-type=\"link\" data-id=\"https:\/\/museu.arenysdemar.cat\/ca\/agenda\/exposici%C3%B3\/joves-i-fam%C3%ADlies-migrants-arenys-de-mar\">Museu<\/a> i \u00e9s una oportunitat per aprofundir en temes de diversitat, conviv\u00e8ncia i identitat local.<\/p>\n\n\n\n<p><\/p>\n","protected":false},"excerpt":{"rendered":"<p>L\u2019exposici\u00f3 \u201cJoves i fam\u00edlies. Migrants a Arenys de Mar\u201d, comissariada per l\u2019alumnat de 2n de Batxillerat de l\u2019<a href=\"https:\/\/agora.xtec.cat\/inselstresturons\/batxillerat\/inaugurem-exposicio-al-museu\/\" data-type=\"link\" data-id=\"https:\/\/agora.xtec.cat\/inselstresturons\/batxillerat\/inaugurem-exposicio-al-museu\/\">Institut Els Tres Turons<\/a>, amplia la seva durada i estar\u00e0 oberta fins a l\u20191 de mar\u00e7 al Museu d\u2019Arenys de Mar.<\/p>\n<p>L&#8217;exposici\u00f3 \u00e9s una proposta comissariada&hellip;  <a href=\"https:\/\/serveiseducatius.xtec.cat\/altmaresme\/general\/lexposicio-joves-i-families-migrants-sallarga-fins-a-l1-de-marc\/\" title=\"Read L&#8217;exposici\u00f3 &#8220;Joves i fam\u00edlies migrants&#8221; s&#8217;allarga fins a l&#8217;1 de mar\u00e7!\">Llegeix m\u00e9s\u00bb<\/a><\/p>\n","protected":false},"author":147,"featured_media":19406,"comment_status":"open","ping_status":"open","sticky":false,"template":"","format":"standard","meta":{"_bbp_topic_count":0,"_bbp_reply_count":0,"_bbp_total_topic_count":0,"_bbp_total_reply_count":0,"_bbp_voice_count":0,"_bbp_anonymous_reply_count":0,"_bbp_topic_count_hidden":0,"_bbp_reply_count_hidden":0,"_bbp_forum_subforum_count":0,"footnotes":""},"categories":[1059,1057,501,1062,1,29,1053,1045],"tags":[],"class_list":["post-19405","post","type-post","status-publish","format-standard","has-post-thumbnail","hentry","category-artistic","category-medi","category-apadrinem-el-patrimoni","category-dinamitzacio","category-general","category-portada","category-recursos","category-secundaria"],"post_mailing_queue_ids":[],"_links":{"self":[{"href":"https:\/\/serveiseducatius.xtec.cat\/altmaresme\/wp-json\/wp\/v2\/posts\/19405","targetHints":{"allow":["GET"]}}],"collection":[{"href":"https:\/\/serveiseducatius.xtec.cat\/altmaresme\/wp-json\/wp\/v2\/posts"}],"about":[{"href":"https:\/\/serveiseducatius.xtec.cat\/altmaresme\/wp-json\/wp\/v2\/types\/post"}],"author":[{"embeddable":true,"href":"https:\/\/serveiseducatius.xtec.cat\/altmaresme\/wp-json\/wp\/v2\/users\/147"}],"replies":[{"embeddable":true,"href":"https:\/\/serveiseducatius.xtec.cat\/altmaresme\/wp-json\/wp\/v2\/comments?post=19405"}],"version-history":[{"count":6,"href":"https:\/\/serveiseducatius.xtec.cat\/altmaresme\/wp-json\/wp\/v2\/posts\/19405\/revisions"}],"predecessor-version":[{"id":19417,"href":"https:\/\/serveiseducatius.xtec.cat\/altmaresme\/wp-json\/wp\/v2\/posts\/19405\/revisions\/19417"}],"wp:featuredmedia":[{"embeddable":true,"href":"https:\/\/serveiseducatius.xtec.cat\/altmaresme\/wp-json\/wp\/v2\/media\/19406"}],"wp:attachment":[{"href":"https:\/\/serveiseducatius.xtec.cat\/altmaresme\/wp-json\/wp\/v2\/media?parent=19405"}],"wp:term":[{"taxonomy":"category","embeddable":true,"href":"https:\/\/serveiseducatius.xtec.cat\/altmaresme\/wp-json\/wp\/v2\/categories?post=19405"},{"taxonomy":"post_tag","embeddable":true,"href":"https:\/\/serveiseducatius.xtec.cat\/altmaresme\/wp-json\/wp\/v2\/tags?post=19405"}],"curies":[{"name":"wp","href":"https:\/\/api.w.org\/{rel}","templated":true}]}}