{"id":19300,"date":"2025-09-22T12:04:10","date_gmt":"2025-09-22T10:04:10","guid":{"rendered":"https:\/\/serveiseducatius.xtec.cat\/altmaresme\/?p=19300"},"modified":"2025-09-22T12:04:10","modified_gmt":"2025-09-22T10:04:10","slug":"educacio-per-a-la-mobilitat-segura-6","status":"publish","type":"post","link":"https:\/\/serveiseducatius.xtec.cat\/altmaresme\/portada\/educacio-per-a-la-mobilitat-segura-6\/","title":{"rendered":"Educaci\u00f3 per a la mobilitat segura"},"content":{"rendered":"<p style=\"font-weight: 400;\">Oberta la inscripci\u00f3 a la nova edici\u00f3 del Curs en l\u00ednia <u>Educaci\u00f3 per a la mobilitat segura (internivells)<\/u>\u00a0per a mestres i professorat que el Departament d\u2019Educaci\u00f3 i Formaci\u00f3 Professional i el Servei Catal\u00e0 de Tr\u00e0nsit del Departament d\u2019Interior i Seguretat P\u00fablica de la Generalitat de Catalunya organitzem. El termini d\u2019<span style=\"text-decoration: underline;\">inscripci\u00f3 finalitzar\u00e0 el 28 de setembre de 2025<\/span>.<\/p>\n<p>Consulteu les dates, els continguts i inscripci\u00f3:<\/p>\n<p style=\"font-weight: 400;\"><a href=\"https:\/\/edums.gencat.cat\/ca\/activitats\/noticies\/detalls\/noticia\/Formacio-en-educacio-per-a-la-mobilitat-segura-per-al-professorat-Primera-edicio-2025-2026\" data-saferedirecturl=\"https:\/\/www.google.com\/url?q=https:\/\/edums.gencat.cat\/ca\/activitats\/noticies\/detalls\/noticia\/Formacio-en-educacio-per-a-la-mobilitat-segura-per-al-professorat-Primera-edicio-2025-2026&amp;source=gmail&amp;ust=1758618782566000&amp;usg=AOvVaw1YGvFZL2aZKO9bnQRccmxs\">Formaci\u00f3 en educaci\u00f3 per a la mobilitat segura per al professorat. Primera edici\u00f3 2025-2026. Educaci\u00f3 per a la mobilitat segura<\/a><\/p>\n<p style=\"font-weight: 400;\">El curs\u00a0<u>Educaci\u00f3 per a la mobilitat segura (internivells)<\/u>\u00a0comen\u00e7ar\u00e0 el 13 d\u2019octubre de 2025 i finalitzar\u00e0 el 29 de gener de 2026.\u00a0La formaci\u00f3 \u00e9s virtual i t\u00e9 una durada de 30 hores que cada persona pot adaptar al seu horari.<\/p>\n","protected":false},"excerpt":{"rendered":"<p>Oberta la inscripci\u00f3 a la nova edici\u00f3 del Curs en l\u00ednia Educaci\u00f3 per a la mobilitat segura (internivells)\u00a0per a mestres i professorat que el Departament d\u2019Educaci\u00f3 i Formaci\u00f3 Professional i el Servei Catal\u00e0 de Tr\u00e0nsit del Departament d\u2019Interior i Seguretat P\u00fablica de la Generalitat de&hellip;  <a href=\"https:\/\/serveiseducatius.xtec.cat\/altmaresme\/portada\/educacio-per-a-la-mobilitat-segura-6\/\" title=\"Read Educaci\u00f3 per a la mobilitat segura\">Llegeix m\u00e9s\u00bb<\/a><\/p>\n","protected":false},"author":137,"featured_media":14552,"comment_status":"open","ping_status":"open","sticky":false,"template":"","format":"standard","meta":{"_bbp_topic_count":0,"_bbp_reply_count":0,"_bbp_total_topic_count":0,"_bbp_total_reply_count":0,"_bbp_voice_count":0,"_bbp_anonymous_reply_count":0,"_bbp_topic_count_hidden":0,"_bbp_reply_count_hidden":0,"_bbp_forum_subforum_count":0,"footnotes":""},"categories":[1051,29,1046,1045],"tags":[],"class_list":["post-19300","post","type-post","status-publish","format-standard","has-post-thumbnail","hentry","category-formacio","category-portada","category-primaria","category-secundaria"],"post_mailing_queue_ids":[],"_links":{"self":[{"href":"https:\/\/serveiseducatius.xtec.cat\/altmaresme\/wp-json\/wp\/v2\/posts\/19300","targetHints":{"allow":["GET"]}}],"collection":[{"href":"https:\/\/serveiseducatius.xtec.cat\/altmaresme\/wp-json\/wp\/v2\/posts"}],"about":[{"href":"https:\/\/serveiseducatius.xtec.cat\/altmaresme\/wp-json\/wp\/v2\/types\/post"}],"author":[{"embeddable":true,"href":"https:\/\/serveiseducatius.xtec.cat\/altmaresme\/wp-json\/wp\/v2\/users\/137"}],"replies":[{"embeddable":true,"href":"https:\/\/serveiseducatius.xtec.cat\/altmaresme\/wp-json\/wp\/v2\/comments?post=19300"}],"version-history":[{"count":1,"href":"https:\/\/serveiseducatius.xtec.cat\/altmaresme\/wp-json\/wp\/v2\/posts\/19300\/revisions"}],"predecessor-version":[{"id":19301,"href":"https:\/\/serveiseducatius.xtec.cat\/altmaresme\/wp-json\/wp\/v2\/posts\/19300\/revisions\/19301"}],"wp:featuredmedia":[{"embeddable":true,"href":"https:\/\/serveiseducatius.xtec.cat\/altmaresme\/wp-json\/wp\/v2\/media\/14552"}],"wp:attachment":[{"href":"https:\/\/serveiseducatius.xtec.cat\/altmaresme\/wp-json\/wp\/v2\/media?parent=19300"}],"wp:term":[{"taxonomy":"category","embeddable":true,"href":"https:\/\/serveiseducatius.xtec.cat\/altmaresme\/wp-json\/wp\/v2\/categories?post=19300"},{"taxonomy":"post_tag","embeddable":true,"href":"https:\/\/serveiseducatius.xtec.cat\/altmaresme\/wp-json\/wp\/v2\/tags?post=19300"}],"curies":[{"name":"wp","href":"https:\/\/api.w.org\/{rel}","templated":true}]}}