{"id":19206,"date":"2025-05-28T09:09:39","date_gmt":"2025-05-28T07:09:39","guid":{"rendered":"https:\/\/serveiseducatius.xtec.cat\/altmaresme\/?p=19206"},"modified":"2025-05-28T09:10:47","modified_gmt":"2025-05-28T07:10:47","slug":"formacio-upc-per-a-docents","status":"publish","type":"post","link":"https:\/\/serveiseducatius.xtec.cat\/altmaresme\/portada\/formacio-upc-per-a-docents\/","title":{"rendered":"Formaci\u00f3 UPC per a docents."},"content":{"rendered":"<p>Hi trobareu l\u2019oferta formativa d\u2019estiu 2025 adre\u00e7ada <strong>a professorat de prim\u00e0ria, secund\u00e0ria i formaci\u00f3 professional.<\/strong><\/p>\n<p>Oferta variada de formacions d&#8217;estiu que aborden tem\u00e0tiques com l\u2019avaluaci\u00f3 formativa, la programaci\u00f3 amb Python, les matem\u00e0tiques o els experiments a l\u2019aula, i que combinen un enfocament pr\u00e0ctic amb un fonament te\u00f2ric s\u00f2lid i actualitzat.<\/p>\n<p>Podeu consultar tots els detalls al web de l\u2019ICE de la UPC:: <a href=\"https:\/\/ice.upc.edu\/ca\/secretaria-virtual\/formacio-docents-secundaria-i-fp\" target=\"_blank\" rel=\"noopener\" data-saferedirecturl=\"https:\/\/www.google.com\/url?q=https:\/\/ice.upc.edu\/ca\/secretaria-virtual\/formacio-docents-secundaria-i-fp&amp;source=gmail&amp;ust=1748501896367000&amp;usg=AOvVaw113vGzwvNURejATO-GA5nS\">enlla\u00e7<\/a>.<\/p>\n<p><span style=\"color: #000000; font-family: Arial, sans-serif;\">Totes les activitats formen part del Pla de formaci\u00f3 permanent del Departament d&#8217;Educaci\u00f3 i Formaci\u00f3 Professional. <\/span><\/p>\n","protected":false},"excerpt":{"rendered":"<p>Hi trobareu l\u2019oferta formativa d\u2019estiu 2025 adre\u00e7ada a professorat de prim\u00e0ria, secund\u00e0ria i formaci\u00f3 professional.<br \/>\nOferta variada de formacions d&#8217;estiu que aborden tem\u00e0tiques com l\u2019avaluaci\u00f3 formativa, la programaci\u00f3 amb Python, les matem\u00e0tiques o els experiments a l\u2019aula, i que combinen un enfocament pr\u00e0ctic amb un fonament&hellip;  <a href=\"https:\/\/serveiseducatius.xtec.cat\/altmaresme\/portada\/formacio-upc-per-a-docents\/\" title=\"Read Formaci\u00f3 UPC per a docents.\">Llegeix m\u00e9s\u00bb<\/a><\/p>\n","protected":false},"author":1,"featured_media":19207,"comment_status":"open","ping_status":"closed","sticky":false,"template":"","format":"standard","meta":{"_bbp_topic_count":0,"_bbp_reply_count":0,"_bbp_total_topic_count":0,"_bbp_total_reply_count":0,"_bbp_voice_count":0,"_bbp_anonymous_reply_count":0,"_bbp_topic_count_hidden":0,"_bbp_reply_count_hidden":0,"_bbp_forum_subforum_count":0,"footnotes":""},"categories":[1051,29,1046,1045],"tags":[],"class_list":["post-19206","post","type-post","status-publish","format-standard","has-post-thumbnail","hentry","category-formacio","category-portada","category-primaria","category-secundaria"],"post_mailing_queue_ids":[],"_links":{"self":[{"href":"https:\/\/serveiseducatius.xtec.cat\/altmaresme\/wp-json\/wp\/v2\/posts\/19206","targetHints":{"allow":["GET"]}}],"collection":[{"href":"https:\/\/serveiseducatius.xtec.cat\/altmaresme\/wp-json\/wp\/v2\/posts"}],"about":[{"href":"https:\/\/serveiseducatius.xtec.cat\/altmaresme\/wp-json\/wp\/v2\/types\/post"}],"author":[{"embeddable":true,"href":"https:\/\/serveiseducatius.xtec.cat\/altmaresme\/wp-json\/wp\/v2\/users\/1"}],"replies":[{"embeddable":true,"href":"https:\/\/serveiseducatius.xtec.cat\/altmaresme\/wp-json\/wp\/v2\/comments?post=19206"}],"version-history":[{"count":2,"href":"https:\/\/serveiseducatius.xtec.cat\/altmaresme\/wp-json\/wp\/v2\/posts\/19206\/revisions"}],"predecessor-version":[{"id":19209,"href":"https:\/\/serveiseducatius.xtec.cat\/altmaresme\/wp-json\/wp\/v2\/posts\/19206\/revisions\/19209"}],"wp:featuredmedia":[{"embeddable":true,"href":"https:\/\/serveiseducatius.xtec.cat\/altmaresme\/wp-json\/wp\/v2\/media\/19207"}],"wp:attachment":[{"href":"https:\/\/serveiseducatius.xtec.cat\/altmaresme\/wp-json\/wp\/v2\/media?parent=19206"}],"wp:term":[{"taxonomy":"category","embeddable":true,"href":"https:\/\/serveiseducatius.xtec.cat\/altmaresme\/wp-json\/wp\/v2\/categories?post=19206"},{"taxonomy":"post_tag","embeddable":true,"href":"https:\/\/serveiseducatius.xtec.cat\/altmaresme\/wp-json\/wp\/v2\/tags?post=19206"}],"curies":[{"name":"wp","href":"https:\/\/api.w.org\/{rel}","templated":true}]}}