{"id":19156,"date":"2025-05-12T12:30:20","date_gmt":"2025-05-12T10:30:20","guid":{"rendered":"https:\/\/serveiseducatius.xtec.cat\/altmaresme\/?p=19156"},"modified":"2025-05-12T12:30:20","modified_gmt":"2025-05-12T10:30:20","slug":"cloenda-de-a-lalt-maresme-fem-dansa-situacio-daprenentatge-artistic","status":"publish","type":"post","link":"https:\/\/serveiseducatius.xtec.cat\/altmaresme\/general\/cloenda-de-a-lalt-maresme-fem-dansa-situacio-daprenentatge-artistic\/","title":{"rendered":"Cloenda de \u201cA l\u2019Alt Maresme fem dansa\u201d. Situaci\u00f3 d&#8217;aprenentatge art\u00edstic!"},"content":{"rendered":"<p>Us informem que el proper <strong>27 de maig<\/strong> tindr\u00e0 lloc la cloenda de l&#8217;activitat art\u00edstica <em>\u201cA l\u2019Alt Maresme fem dansa\u201d .<\/em>Aquest \u00e9s un projecte que impulsa la dansa i la m\u00fasica entre els infants dels cicles inicial i mitj\u00e0 de prim\u00e0ria i que culmina en una ballada col\u00b7lectiva dels infants dels centres participants oberta a tothom. T\u00e9 com a objectius principals treballar el llenguatge del cos, de la dansa i de la dansa tradicional i donar eines i recursos per incloure-la en els projectes educatius dels centres per tal de millorar les compet\u00e8ncies expressives de l\u2019alumnat.<\/p>\n<p>Enguany la ballada final es far\u00e0 al Pavell\u00f3 esportiu Can Zariquei d&#8217;Arenys de Munt amb la participaci\u00f3 dels centres educatius seg\u00fcents:\u00a0 Escola Sant Pau, Escola Sant Mart\u00ed, Escola Sobirans, Escola Jaume Llull, Escola Miseric\u00f2rdia, Escola Tur\u00f3 del Drac, FEDAC-Yglesias, FEDAC Canet, IE Montagut, ESC Santa Susanna, IE El Pi Gros i ESC Dones d&#8217;Aigua que participaran en la ballada, aix\u00ed com als alumnes de 1r de batxillerat de l\u2019Institut Dom\u00e8nech i Montaner de Canet de Mar que ens oferiran una demostraci\u00f3 de dansa. Tamb\u00e9 volem agrair la participaci\u00f3 de la Laida Tanco que ha dut\u00a0 a terme la formaci\u00f3 i dinamitzar\u00e0 l\u2019acte. Aquesta ballada es dur\u00e0 a terme amb la col\u00b7laboraci\u00f3 de les regidories d\u2019educaci\u00f3 dels ajuntaments de Canet de Mar, Sant Andreu de Llavaneres, Sant Iscle de Vallalta, Sant Pol de Mar, Sant Cebri\u00e0 de Vallalta, Santa Susanna i Arenys de\u00a0 Munt, que s\u2019ha encarregat de l\u2019organitzaci\u00f3 de l\u2019acte.<\/p>\n<p>Volem animar-vos a participar en les properes edicions d\u2019aquest projecte que ens pot ajudar a assolir compet\u00e8ncies relacionades amb l\u2019expressi\u00f3 i comunicaci\u00f3 corporal de l\u2019\u00e0rea d\u2019<strong>educaci\u00f3 f\u00edsica<\/strong> i totes les compet\u00e8ncies que formen part de l\u2019\u00e0rea d<strong>\u2019educaci\u00f3 art\u00edstica<\/strong> i\u00a0formar part de la xarxa d\u2019escoles que ballen juntes! Nom\u00e9s us heu de posar en contacte amb el CRP el m\u00e9s aviat possible.<\/p>\n<p><strong>\u201cBallem a la panxa de la mare, als bra\u00e7os del pare, caminant amb un amic, a la festa del poble\u2026 i ballant produ\u00efm la nostra vida, i sobretot movem les nostres emocions i les nostres sensacions.\u201d<\/strong><br \/>\n<em>Joan Serra (core\u00f2graf i ballar\u00ed).<\/em><\/p>\n","protected":false},"excerpt":{"rendered":"<p>Us informem que el proper 27 de maig tindr\u00e0 lloc la cloenda de l&#8217;activitat art\u00edstica \u201cA l\u2019Alt Maresme fem dansa\u201d .Aquest \u00e9s un projecte que impulsa la dansa i la m\u00fasica entre els infants dels cicles inicial i mitj\u00e0 de prim\u00e0ria i que culmina en&hellip;  <a href=\"https:\/\/serveiseducatius.xtec.cat\/altmaresme\/general\/cloenda-de-a-lalt-maresme-fem-dansa-situacio-daprenentatge-artistic\/\" title=\"Read Cloenda de \u201cA l\u2019Alt Maresme fem dansa\u201d. Situaci\u00f3 d&#8217;aprenentatge art\u00edstic!\">Llegeix m\u00e9s\u00bb<\/a><\/p>\n","protected":false},"author":73,"featured_media":19160,"comment_status":"open","ping_status":"closed","sticky":false,"template":"","format":"standard","meta":{"_bbp_topic_count":0,"_bbp_reply_count":0,"_bbp_total_topic_count":0,"_bbp_total_reply_count":0,"_bbp_voice_count":0,"_bbp_anonymous_reply_count":0,"_bbp_topic_count_hidden":0,"_bbp_reply_count_hidden":0,"_bbp_forum_subforum_count":0,"footnotes":""},"categories":[1062,1,29,1046],"tags":[],"class_list":["post-19156","post","type-post","status-publish","format-standard","has-post-thumbnail","hentry","category-dinamitzacio","category-general","category-portada","category-primaria"],"post_mailing_queue_ids":[],"_links":{"self":[{"href":"https:\/\/serveiseducatius.xtec.cat\/altmaresme\/wp-json\/wp\/v2\/posts\/19156","targetHints":{"allow":["GET"]}}],"collection":[{"href":"https:\/\/serveiseducatius.xtec.cat\/altmaresme\/wp-json\/wp\/v2\/posts"}],"about":[{"href":"https:\/\/serveiseducatius.xtec.cat\/altmaresme\/wp-json\/wp\/v2\/types\/post"}],"author":[{"embeddable":true,"href":"https:\/\/serveiseducatius.xtec.cat\/altmaresme\/wp-json\/wp\/v2\/users\/73"}],"replies":[{"embeddable":true,"href":"https:\/\/serveiseducatius.xtec.cat\/altmaresme\/wp-json\/wp\/v2\/comments?post=19156"}],"version-history":[{"count":4,"href":"https:\/\/serveiseducatius.xtec.cat\/altmaresme\/wp-json\/wp\/v2\/posts\/19156\/revisions"}],"predecessor-version":[{"id":19162,"href":"https:\/\/serveiseducatius.xtec.cat\/altmaresme\/wp-json\/wp\/v2\/posts\/19156\/revisions\/19162"}],"wp:featuredmedia":[{"embeddable":true,"href":"https:\/\/serveiseducatius.xtec.cat\/altmaresme\/wp-json\/wp\/v2\/media\/19160"}],"wp:attachment":[{"href":"https:\/\/serveiseducatius.xtec.cat\/altmaresme\/wp-json\/wp\/v2\/media?parent=19156"}],"wp:term":[{"taxonomy":"category","embeddable":true,"href":"https:\/\/serveiseducatius.xtec.cat\/altmaresme\/wp-json\/wp\/v2\/categories?post=19156"},{"taxonomy":"post_tag","embeddable":true,"href":"https:\/\/serveiseducatius.xtec.cat\/altmaresme\/wp-json\/wp\/v2\/tags?post=19156"}],"curies":[{"name":"wp","href":"https:\/\/api.w.org\/{rel}","templated":true}]}}