{"id":19140,"date":"2025-05-21T09:50:32","date_gmt":"2025-05-21T07:50:32","guid":{"rendered":"https:\/\/serveiseducatius.xtec.cat\/altmaresme\/?p=19140"},"modified":"2025-05-22T12:29:15","modified_gmt":"2025-05-22T10:29:15","slug":"una-experiencia-practica-i-participativa-amb-espais-de-debat-treball-en-grup-i-analisi-de-revistes","status":"publish","type":"post","link":"https:\/\/serveiseducatius.xtec.cat\/altmaresme\/general\/una-experiencia-practica-i-participativa-amb-espais-de-debat-treball-en-grup-i-analisi-de-revistes\/","title":{"rendered":"Una experi\u00e8ncia pr\u00e0ctica i participativa, amb espais de debat, treball en grup i an\u00e0lisi de revistes."},"content":{"rendered":"<p>Dem\u00e0 a la tarda es dur\u00e0 a terme la formaci\u00f3 <b>Les revistes, un recurs pedag\u00f2gic<\/b> amb la formadora\u00a0<strong>Magal\u00ed Homs i Ros<\/strong>, directora del Festival de literatura i arts infantil i juvenil (FLIC).<\/p>\n<p><a href=\"https:\/\/www.lesrevistes.cat\/\">L\u2019APPEC<\/a>, entitat sense \u00e0nim de lucre que agrupa els editors de revistes en catal\u00e0 d\u2019informaci\u00f3 general i especialitzada que tenen una distribuci\u00f3 i difusi\u00f3 dins de l\u2019\u00e0mbit catal\u00e0, ha treballat amb ella per dissenyar aquesta formaci\u00f3.<\/p>\n<table style=\"width: 81.7827%; height: 113px;\" border=\"0\" cellspacing=\"0\" cellpadding=\"0\">\n<tbody>\n<tr style=\"height: 113px;\">\n<td style=\"height: 113px; width: 18.6005%;\" align=\"RIGHT\" valign=\"TOP\">\n<h5><b><span style=\"font-family: arial, helvetica, geneva; font-size: small;\">Objectius\u00a0\u00a0<\/span><\/b><\/h5>\n<\/td>\n<td style=\"height: 113px; width: 81.3109%;\" valign=\"TOP\">\n<h5><span style=\"font-family: arial, helvetica, geneva; font-size: small;\">Fer con\u00e8ixer la varietat i riquesa de les revistes en catal\u00e0 disponibles.<br \/>\nProporcionar eines i estrat\u00e8gies per incorporar aquests materials a les activitats did\u00e0ctiques.<br \/>\nFomentar l&#8217;\u00fas de continguts actuals i rellevants per als alumnes, adaptats a diferents nivells educatius.<br \/>\nExplorar metodologies per treballar la comprensi\u00f3 lectora a trav\u00e9s d&#8217;articles period\u00edstics, entrevistes, reportatges i altres formats.<\/span><\/h5>\n<\/td>\n<\/tr>\n<\/tbody>\n<\/table>\n<table style=\"width: 82.2245%; height: 94px;\" border=\"0\" cellspacing=\"0\" cellpadding=\"0\">\n<tbody>\n<tr style=\"height: 94px;\">\n<td style=\"height: 94px;\" align=\"RIGHT\" valign=\"TOP\">\n<h5><b><span style=\"font-family: arial, helvetica, geneva; font-size: small;\">Continguts\u00a0\u00a0<\/span><\/b><\/h5>\n<\/td>\n<td style=\"height: 94px;\" valign=\"TOP\">\n<h5><span style=\"font-family: arial, helvetica, geneva; font-size: small;\">Revistes disponibles en catal\u00e0<br \/>\nEines i estrat\u00e8gies per a l&#8217;aprofitament pedag\u00f2gic de les revistes<br \/>\nFoment de la lectura i treball de la comprensi\u00f3 lectora<\/span><\/h5>\n<\/td>\n<\/tr>\n<\/tbody>\n<\/table>\n<p style=\"text-align: left;\">Enlla\u00e7 a la inscripci\u00f3:<\/p>\n<table border=\"0\" width=\"675\" cellspacing=\"2\" cellpadding=\"0\">\n<tbody>\n<tr>\n<td valign=\"TOP\"><span style=\"font-family: arial, helvetica, geneva; font-size: small;\">A101070555<\/span><\/td>\n<td valign=\"TOP\"><span style=\"font-family: arial, helvetica, geneva; font-size: small;\"><b><a href=\"https:\/\/aplicacions.gestioeducativa.gencat.cat\/ords\/pls\/soloas\/pk_for_mod_ins.p_for_detall_activitat?p_header=Llista%20d%27activitats^pk_for_mod_ins.p_for_cons_activitats?p_crp=A10%26p_crp_txt=Maresme%20II.%20Pineda%20de%20Mar%26p_totes=S%26p_inici=81%26p_excloure_crp_rec=F&amp;p_codi=A101070555&amp;p_curs=2024-2025&amp;p_excloure_crp_rec=F\">Les revistes, un recurs pedag\u00f2gic<\/a><\/b><\/span><\/td>\n<\/tr>\n<\/tbody>\n<\/table>\n<table style=\"width: 39.9455%;\" border=\"0\" cellspacing=\"0\" cellpadding=\"0\">\n<tbody>\n<tr>\n<td style=\"width: 100%;\">\n<h3 style=\"text-align: center;\"><span style=\"font-family: arial, helvetica, geneva; font-size: small;\">22 de maig de 17:15h a 18:45h<\/span><\/h3>\n<\/td>\n<\/tr>\n<tr>\n<td style=\"width: 100%;\">\n<h2 style=\"text-align: center;\">A la biblioteca del CRP<\/h2>\n<h2 style=\"text-align: center;\">c\/ Extremadura, 27<br \/>\nPineda de Mar<\/h2>\n<\/td>\n<\/tr>\n<\/tbody>\n<\/table>\n<p>&nbsp;<\/p>\n<p>La <span style=\"text-decoration: underline;\">Magal\u00ed Homs i Ros<\/span> \u00e9s Directora de Tant\u00e0gora, serveis literaris i culturals.\u00a0Dins d\u2019aquesta associaci\u00f3, treballa en el disseny de programacions per p\u00fablic escolar, familiar i professional, instal\u00b7lacions ef\u00edmeres, exposicions i espectacles de la m\u00e0, acompanyada d&#8217;un equip amb mirada interdisciplin\u00e0ria. S\u2019ha format en diversos \u00e0mbits culturals com son el disseny, l\u2019arquitectura ef\u00edmera, l\u2019audiovisual, el maquillatge i l\u2019escenografia.<br \/>\nHeus ac\u00ed les recomanacions de la Magal\u00ed:<br \/>\n<strong>Escolto:<\/strong><\/p>\n<p>Segons l\u2019\u00e8poca escolto una m\u00fasica o una altra sense massa criteri, saltant d\u2019un estil a un altre amb fases intenses quan (re)descobreixo alguna cosa que m\u2019agrada. Aquest darrer any he escoltat el podcast No hay negros en el Tibet per\u00f2 en general em costa ser-ne fidel.<br \/>\n<strong>Llegeixo:\u00a0<\/strong><\/p>\n<p>Aquest estiu he llegit\u00a0 la novel\u00b7la negra\u00a0<a href=\"https:\/\/aladi.diba.cat\/search~S171*cat?\/XGolpe+de+gracia+&amp;searchscope=171&amp;SORT=D\/XGolpe+de+gracia+&amp;searchscope=171&amp;SORT=D&amp;SUBKEY=Golpe+de+gracia+\/1%2C3%2C3%2CB\/frameset&amp;FF=XGolpe+de+gracia+&amp;searchscope=171&amp;SORT=D&amp;1%2C1%2C\">Golpe de gracia<\/a>\u00a0de Dennis Lehane,\u00a0<a href=\"https:\/\/aladi.diba.cat\/search~S171*cat?\/XAlabama++Moon+&amp;searchscope=171&amp;SORT=DZ\/XAlabama++Moon+&amp;searchscope=171&amp;SORT=DZ&amp;extended=0&amp;SUBKEY=Alabama++Moon+\/1%2C3%2C3%2CB\/frameset&amp;FF=XAlabama++Moon+&amp;searchscope=171&amp;SORT=DZ&amp;1%2C1%2C\">Alabama \u00a0Moon<\/a>\u00a0de Watt Key i estic acabant\u00a0<a href=\"https:\/\/aladi.diba.cat\/search~S171*cat?\/XDe+mares+a+filles+&amp;searchscope=171&amp;SORT=DZ\/XDe+mares+a+filles+&amp;searchscope=171&amp;SORT=DZ&amp;extended=0&amp;SUBKEY=De+mares+a+filles+\/1%2C17%2C17%2CB\/frameset&amp;FF=XDe+mares+a+filles+&amp;searchscope=171&amp;SORT=DZ&amp;1%2C1%2C\">De mares a filles<\/a>\u00a0de la Marina Subirats. Els darrers anys he llegit poc i he vist molt audiovisual com Perni, Brasic, SwanSong, Hasta que te mate, The Split, Ramy, Dejad que el r\u00edo fluya &#8230;<br \/>\n<strong>Alg\u00fa que trobo molt interessant:<\/strong><\/p>\n<p>Fa molts anys que segueixo la feina dels dissenyadors Mart\u00edn de Az\u00faa,\u00a0Curro Claret i Emiliana i des de que el vaig descobrir gr\u00e0cies a una amiga procuro no perdre de vista aRodrigo Cuevas per la seva relaci\u00f3 i reinterpretaci\u00f3 del folklore i la cultura popular.<br \/>\n<strong>Seguiu aquestes organitzacions:\u00a0<\/strong><\/p>\n<p>El\u00a0<a href=\"https:\/\/es.teatrebarcelona.com\/collectiu-desasosiego\">col\u00b7lectiu Desasosiego<\/a>\u00a0est\u00e0 traient la pols dels formats de narraci\u00f3 oral, cosa que sempre em resulta interessant i tinc ganes de con\u00e8ixer la feina de Teatro Plaza.<br \/>\n<strong>Aix\u00f2 em mant\u00e9 desperta a la nit:\u00a0<\/strong><\/p>\n<p>\u00c9s molt variat. Poden ser coses personals, pol\u00edtiques, de feina, socials, sobre amics, fam\u00edlia o salut per\u00f2 per tornar a agafar el son em poso els auriculars, escolto The Crown en versi\u00f3 original i m\u2019adormo de nou.<br \/>\n<strong>Articles Interacci\u00f3. Indispensable!\u00a0<\/strong><\/p>\n<p>El darrer article que m\u2019he llegit, \u00a0<a href=\"https:\/\/interaccio.diba.cat\/news\/2024\/09\/lgtbi-passa-el-relleu\">Projectes culturals amb mirada LGTBQIA+<\/a>\u00a0, m\u2019ha ajudat a estar al dia de projectes i o continuar q\u00fcestionant-me certes coses.<\/p>\n<p>&nbsp;<\/p>\n<pre><strong>Font original de la biografia i recomanacions de la Magal\u00ed: <a href=\"https:\/\/interaccio.diba.cat\/news\/2024\/11\/homsm\">Els meus millors consells, de Magal\u00ed Homs<\/a><\/strong><\/pre>\n","protected":false},"excerpt":{"rendered":"<p>Dem\u00e0 a la tarda es dur\u00e0 a terme la formaci\u00f3 Les revistes, un recurs pedag\u00f2gic amb la formadora\u00a0Magal\u00ed Homs i Ros, directora del Festival de literatura i arts infantil i juvenil (FLIC).<br \/>\n<a href=\"https:\/\/www.lesrevistes.cat\/\">L\u2019APPEC<\/a>, entitat sense \u00e0nim de lucre que agrupa els editors de revistes en&hellip;  <a href=\"https:\/\/serveiseducatius.xtec.cat\/altmaresme\/general\/una-experiencia-practica-i-participativa-amb-espais-de-debat-treball-en-grup-i-analisi-de-revistes\/\" title=\"Read Una experi\u00e8ncia pr\u00e0ctica i participativa, amb espais de debat, treball en grup i an\u00e0lisi de revistes.\">Llegeix m\u00e9s\u00bb<\/a><\/p>\n","protected":false},"author":137,"featured_media":19141,"comment_status":"open","ping_status":"closed","sticky":false,"template":"","format":"standard","meta":{"_bbp_topic_count":0,"_bbp_reply_count":0,"_bbp_total_topic_count":0,"_bbp_total_reply_count":0,"_bbp_voice_count":0,"_bbp_anonymous_reply_count":0,"_bbp_topic_count_hidden":0,"_bbp_reply_count_hidden":0,"_bbp_forum_subforum_count":0,"footnotes":""},"categories":[1,153,1215,29,1046,1045],"tags":[],"class_list":["post-19140","post","type-post","status-publish","format-standard","has-post-thumbnail","hentry","category-general","category-pfz","category-plamib","category-portada","category-primaria","category-secundaria"],"post_mailing_queue_ids":[],"_links":{"self":[{"href":"https:\/\/serveiseducatius.xtec.cat\/altmaresme\/wp-json\/wp\/v2\/posts\/19140","targetHints":{"allow":["GET"]}}],"collection":[{"href":"https:\/\/serveiseducatius.xtec.cat\/altmaresme\/wp-json\/wp\/v2\/posts"}],"about":[{"href":"https:\/\/serveiseducatius.xtec.cat\/altmaresme\/wp-json\/wp\/v2\/types\/post"}],"author":[{"embeddable":true,"href":"https:\/\/serveiseducatius.xtec.cat\/altmaresme\/wp-json\/wp\/v2\/users\/137"}],"replies":[{"embeddable":true,"href":"https:\/\/serveiseducatius.xtec.cat\/altmaresme\/wp-json\/wp\/v2\/comments?post=19140"}],"version-history":[{"count":3,"href":"https:\/\/serveiseducatius.xtec.cat\/altmaresme\/wp-json\/wp\/v2\/posts\/19140\/revisions"}],"predecessor-version":[{"id":19198,"href":"https:\/\/serveiseducatius.xtec.cat\/altmaresme\/wp-json\/wp\/v2\/posts\/19140\/revisions\/19198"}],"wp:featuredmedia":[{"embeddable":true,"href":"https:\/\/serveiseducatius.xtec.cat\/altmaresme\/wp-json\/wp\/v2\/media\/19141"}],"wp:attachment":[{"href":"https:\/\/serveiseducatius.xtec.cat\/altmaresme\/wp-json\/wp\/v2\/media?parent=19140"}],"wp:term":[{"taxonomy":"category","embeddable":true,"href":"https:\/\/serveiseducatius.xtec.cat\/altmaresme\/wp-json\/wp\/v2\/categories?post=19140"},{"taxonomy":"post_tag","embeddable":true,"href":"https:\/\/serveiseducatius.xtec.cat\/altmaresme\/wp-json\/wp\/v2\/tags?post=19140"}],"curies":[{"name":"wp","href":"https:\/\/api.w.org\/{rel}","templated":true}]}}