{"id":19128,"date":"2025-05-05T11:43:30","date_gmt":"2025-05-05T09:43:30","guid":{"rendered":"https:\/\/serveiseducatius.xtec.cat\/altmaresme\/?p=19128"},"modified":"2025-05-05T11:43:30","modified_gmt":"2025-05-05T09:43:30","slug":"un-punt-de-partida-per-pensar-com-enfocar-leducacio-de-les-diverses-arees-i-materies-segons-el-nou-curriculum","status":"publish","type":"post","link":"https:\/\/serveiseducatius.xtec.cat\/altmaresme\/portada\/un-punt-de-partida-per-pensar-com-enfocar-leducacio-de-les-diverses-arees-i-materies-segons-el-nou-curriculum\/","title":{"rendered":"Un punt de partida per pensar com enfocar l&#8217;educaci\u00f3 de les diverses \u00e0rees i mat\u00e8ries segons el nou curr\u00edculum."},"content":{"rendered":"<p><span class=\"yt-core-attributed-string yt-core-attributed-string--white-space-pre-wrap\" dir=\"auto\" role=\"text\"><span class=\"yt-core-attributed-string--link-inherit-color\" dir=\"auto\">Qu\u00e8 vol dir avui dia ensenyar i aprendre des de l\u2019\u00f2ptica del curr\u00edculum actual?\u00a0 per qu\u00e8 \u00e9s important que tot l&#8217;alumnat estigui alfabetitzat quan acabi l&#8217;educaci\u00f3 b\u00e0sica?\u00a0 com els docents podem millorar la nostra acci\u00f3 perqu\u00e8 aix\u00f2 sigui possible?<\/span><\/span><\/p>\n<p id=\"yui_3_17_2_1_1746434252598_144127\">Des de la Xarxa de compet\u00e8ncies s&#8217;estan enregistrant v\u00eddeos-conversa sobre cada una de les grans \u00e0rees\/mat\u00e8ries de l&#8217;educaci\u00f3 b\u00e0sica per donar una visi\u00f3 tranquil\u00b7litzadora de per qu\u00e8 i com ens podem adaptar a la nostra realitat educativa.<\/p>\n<p id=\"yui_3_17_2_1_1746434252598_144130\">Ja tenim els tres primers v\u00eddeos de la col\u00b7lecci\u00f3!<\/p>\n<p id=\"yui_3_17_2_1_1746434252598_144136\">\n<p id=\"yui_3_17_2_1_1746434252598_144137\"><strong id=\"yui_3_17_2_1_1746434252598_144138\"> <iframe loading=\"lazy\" title=\"YouTube video player\" src=\"\/\/www.youtube.com\/embed\/YQW_QLcWgm0?si=Scc-mTljWXHT5U7h\" width=\"560\" height=\"315\" frameborder=\"0\" allowfullscreen=\"allowfullscreen\"><\/iframe><\/strong><\/p>\n<h4 id=\"yui_3_17_2_1_1746434252598_129148\"><strong id=\"yui_3_17_2_1_1746434252598_129156\">Les matem\u00e0tiques al curr\u00edculum. Conversa entre Anton Aubanell, Carles Granell i N\u00faria Serra.<\/strong><\/h4>\n<div id=\"snippet\" class=\"style-scope ytd-text-inline-expander\"><\/div>\n<div class=\"style-scope ytd-watch-metadata\">\n<div id=\"items\" class=\"style-scope ytd-structured-description-content-renderer\"><\/div>\n<\/div>\n<p id=\"yui_3_17_2_1_1746434252598_129209\">\n<h1 id=\"yui_3_17_2_1_1746434252598_129210\"><iframe loading=\"lazy\" title=\"YouTube video player\" src=\"\/\/www.youtube.com\/embed\/-XI_4VFzDDc?si=O-sTaVHz8D1Oa3mh\" width=\"560\" height=\"315\" frameborder=\"0\" allowfullscreen=\"allowfullscreen\"><\/iframe><\/h1>\n<h4><span id=\"yui_3_17_2_1_1746434252598_129229\"><span id=\"yui_3_17_2_1_1746434252598_133472\"><strong id=\"yui_3_17_2_1_1746434252598_133685\">Les lleng\u00fces al curr\u00edculum. Conversa entre Juli Palou, Marta Pont i N\u00faria S\u00e0rria.<\/strong><\/span><\/span><\/h4>\n<div id=\"description-inner\" class=\"style-scope ytd-watch-metadata\">\n<div id=\"waves\" class=\"style-scope tp-yt-paper-ripple\"><\/div>\n<\/div>\n<h4><span id=\"yui_3_17_2_1_1746434252598_133151\">\u00a0<br id=\"yui_3_17_2_1_1746434252598_133152\" \/><\/span><\/h4>\n<p><iframe loading=\"lazy\" title=\"YouTube video player\" src=\"\/\/www.youtube.com\/embed\/CBQjGWstU4w?si=B5KotqID0xe83MJd\" width=\"560\" height=\"315\" frameborder=\"0\" allowfullscreen=\"allowfullscreen\"><\/iframe><\/p>\n<h4 id=\"yui_3_17_2_1_1746434252598_138653\">Les arts al curr\u00edculum. Conversa entre Dimas F\u00e0bregas i Carme Hoyas.<\/h4>\n<p>&nbsp;<\/p>\n<div id=\"snippet\" class=\"style-scope ytd-text-inline-expander\"><\/div>\n<div class=\"style-scope ytd-watch-metadata\">\n<div id=\"video-summary\" class=\"style-scope ytd-structured-description-content-renderer\"><\/div>\n<div id=\"merch-shelf\" class=\"style-scope ytd-structured-description-content-renderer\"><\/div>\n<div id=\"items\" class=\"style-scope ytd-structured-description-content-renderer\"><\/div>\n<\/div>\n","protected":false},"excerpt":{"rendered":"<p>Qu\u00e8 vol dir avui dia ensenyar i aprendre des de l\u2019\u00f2ptica del curr\u00edculum actual?\u00a0 per qu\u00e8 \u00e9s important que tot l&#8217;alumnat estigui alfabetitzat quan acabi l&#8217;educaci\u00f3 b\u00e0sica?\u00a0 com els docents podem millorar la nostra acci\u00f3 perqu\u00e8 aix\u00f2 sigui possible?<br \/>\nDes de la Xarxa de compet\u00e8ncies s&#8217;estan&hellip;  <a href=\"https:\/\/serveiseducatius.xtec.cat\/altmaresme\/portada\/un-punt-de-partida-per-pensar-com-enfocar-leducacio-de-les-diverses-arees-i-materies-segons-el-nou-curriculum\/\" title=\"Read Un punt de partida per pensar com enfocar l&#8217;educaci\u00f3 de les diverses \u00e0rees i mat\u00e8ries segons el nou curr\u00edculum.\">Llegeix m\u00e9s\u00bb<\/a><\/p>\n","protected":false},"author":137,"featured_media":19129,"comment_status":"open","ping_status":"closed","sticky":false,"template":"","format":"standard","meta":{"_bbp_topic_count":0,"_bbp_reply_count":0,"_bbp_total_topic_count":0,"_bbp_total_reply_count":0,"_bbp_voice_count":0,"_bbp_anonymous_reply_count":0,"_bbp_topic_count_hidden":0,"_bbp_reply_count_hidden":0,"_bbp_forum_subforum_count":0,"footnotes":""},"categories":[1058,29,1046,1045],"tags":[],"class_list":["post-19128","post","type-post","status-publish","format-standard","has-post-thumbnail","hentry","category-curriculum","category-portada","category-primaria","category-secundaria"],"post_mailing_queue_ids":[],"_links":{"self":[{"href":"https:\/\/serveiseducatius.xtec.cat\/altmaresme\/wp-json\/wp\/v2\/posts\/19128","targetHints":{"allow":["GET"]}}],"collection":[{"href":"https:\/\/serveiseducatius.xtec.cat\/altmaresme\/wp-json\/wp\/v2\/posts"}],"about":[{"href":"https:\/\/serveiseducatius.xtec.cat\/altmaresme\/wp-json\/wp\/v2\/types\/post"}],"author":[{"embeddable":true,"href":"https:\/\/serveiseducatius.xtec.cat\/altmaresme\/wp-json\/wp\/v2\/users\/137"}],"replies":[{"embeddable":true,"href":"https:\/\/serveiseducatius.xtec.cat\/altmaresme\/wp-json\/wp\/v2\/comments?post=19128"}],"version-history":[{"count":1,"href":"https:\/\/serveiseducatius.xtec.cat\/altmaresme\/wp-json\/wp\/v2\/posts\/19128\/revisions"}],"predecessor-version":[{"id":19130,"href":"https:\/\/serveiseducatius.xtec.cat\/altmaresme\/wp-json\/wp\/v2\/posts\/19128\/revisions\/19130"}],"wp:featuredmedia":[{"embeddable":true,"href":"https:\/\/serveiseducatius.xtec.cat\/altmaresme\/wp-json\/wp\/v2\/media\/19129"}],"wp:attachment":[{"href":"https:\/\/serveiseducatius.xtec.cat\/altmaresme\/wp-json\/wp\/v2\/media?parent=19128"}],"wp:term":[{"taxonomy":"category","embeddable":true,"href":"https:\/\/serveiseducatius.xtec.cat\/altmaresme\/wp-json\/wp\/v2\/categories?post=19128"},{"taxonomy":"post_tag","embeddable":true,"href":"https:\/\/serveiseducatius.xtec.cat\/altmaresme\/wp-json\/wp\/v2\/tags?post=19128"}],"curies":[{"name":"wp","href":"https:\/\/api.w.org\/{rel}","templated":true}]}}