{"id":19104,"date":"2025-04-29T12:30:57","date_gmt":"2025-04-29T10:30:57","guid":{"rendered":"https:\/\/serveiseducatius.xtec.cat\/altmaresme\/?p=19104"},"modified":"2025-04-29T12:30:57","modified_gmt":"2025-04-29T10:30:57","slug":"dissenyant-projectes-educatius-sobre-lus-de-laigua-i-dels-residus-organics-amb-enfocament-de-ciencia-ciutadana","status":"publish","type":"post","link":"https:\/\/serveiseducatius.xtec.cat\/altmaresme\/portada\/dissenyant-projectes-educatius-sobre-lus-de-laigua-i-dels-residus-organics-amb-enfocament-de-ciencia-ciutadana\/","title":{"rendered":"DISSENYANT PROJECTES EDUCATIUS SOBRE L&#8217;\u00daS DE L&#8217;AIGUA I DELS RESIDUS ORG\u00c0NICS AMB ENFOCAMENT DE CI\u00c8NCIA CIUTADANA"},"content":{"rendered":"<p>L\u2019Institut de Ci\u00e8ncia i Tecnologia Ambientals de la Universitat Aut\u00f2noma de Barcelona (ICTA-UAB) i l\u2019Institut de Ci\u00e8ncies de l\u2019Educaci\u00f3 de la UAB\u00a0(ICE UAB), en col\u00b7laboraci\u00f3 amb la Fundaci\u00f3n Espa\u00f1ola de Ciencia y Tecnolog\u00eda y el Ministerio de Universidades i amb el suport de l\u2019Ajuntament de Cerdanyola del Vall\u00e8s i l\u2019Associaci\u00f3 \u00c0mbit B30, hem organitzat un curs que pensem que pot ser del vostre inter\u00e8s.<u><\/u><u><\/u><\/p>\n<p>Aquest curs \u00e9s resultat del\u00a0<b>projecte CCS-B30<\/b>\u00a0(Ci\u00e8ncia Ciutadana i Sostenibilitat en el territori de la B30), on es busca augmentar la percepci\u00f3 d\u2019infants i adolescents sobre els impactes de l\u2019\u00fas de recursos naturals, mitjan\u00e7ant la implementaci\u00f3 de projectes amb enfocament de ci\u00e8ncia ciutadana en escoles i instituts. El projecte se centra en\u00a0<b>la gesti\u00f3 sostenible de l\u2019aigua i dels residus org\u00e0nics<\/b>\u00a0(mitjan\u00e7ant el compostatge), sent aquests recursos amb els quals els i les alumnes interactuen en el seu dia a dia. S\u2019ha dut a terme una prova pilot d\u2019implementaci\u00f3 de projectes educatius co-dissenyats amb el professorat en sis centres de Cerdanyola del Vall\u00e8s que han treballat en tres combos escola-institut, treball que volem que es pugui mantenir i estendre a altres centres.<u><\/u><u><\/u><\/p>\n<p>El curs va dirigit al\u00a0<b>professorat de prim\u00e0ria i secund\u00e0ria<\/b>, tant dels centres participants en la prova pilot com d\u2019altres centres. L\u2019objectiu \u00e9s ajudar a adquirir les eines i els coneixements necessaris, tant de contingut t\u00e8cnic com sobre ci\u00e8ncia ciutadana en general, per a\u00a0<b>integrar aquest tipus de projectes en el curr\u00edculum<\/b>\u00a0<b>dels centres<\/b>, adaptant els projectes a la realitat de cadascun d\u2019ells. A m\u00e9s de la part de contingut te\u00f2ric, hi haur\u00e0 una part de treball aplicat per a l\u2019elaboraci\u00f3 (o consolidaci\u00f3), amb el nostre suport, d\u2019una situaci\u00f3 d\u2019aprenentatge segons els formats institucionals del Departament d\u2019Educaci\u00f3 i Formaci\u00f3 Professional, que podreu utilitzar com a recurs pel futur.<u><\/u><u><\/u><\/p>\n<p><b>El contingut del curs inclou:<\/b><u><\/u><u><\/u><\/p>\n<ol start=\"1\" type=\"1\">\n<li>Ci\u00e8ncia ciutadana a l\u2019educaci\u00f3 prim\u00e0ria i secund\u00e0ria.<u><\/u><u><\/u><\/li>\n<li>Formaci\u00f3 t\u00e8cnica en sostenibilitat (I): \u00das i gesti\u00f3 de l\u2019aigua.<u><\/u><u><\/u><\/li>\n<li>Formaci\u00f3 t\u00e8cnica en sostenibilitat (II): Generaci\u00f3 i gesti\u00f3 de residus org\u00e0nics.<u><\/u><u><\/u><\/li>\n<li>Disseny i consolidaci\u00f3 dels projectes educatius (I).<u><\/u><u><\/u><\/li>\n<li>Disseny i consolidaci\u00f3 dels projectes educatius (II).<u><\/u><u><\/u><\/li>\n<\/ol>\n<p>Si hi esteu interessat\/da, us convidem a inscriure-us-hi.<u><\/u><u><\/u><\/p>\n<table border=\"0\" cellspacing=\"0\" cellpadding=\"0\">\n<tbody>\n<tr>\n<td valign=\"top\" width=\"122\">Nom del curs:<u><\/u><u><\/u><\/td>\n<td valign=\"top\" width=\"548\">DISSENYANT PROJECTES EDUCATIUS SOBRE L&#8217;\u00daS DE L&#8217;AIGUA I DELS RESIDUS ORG\u00c0NICS AMB ENFOCAMENT DE CI\u00c8NCIA CIUTADANA<u><\/u><u><\/u><\/td>\n<\/tr>\n<tr>\n<td valign=\"top\" width=\"122\">Modalitat:<u><\/u><u><\/u><\/td>\n<td valign=\"top\" width=\"548\">Presencial<u><\/u><u><\/u><\/td>\n<\/tr>\n<tr>\n<td valign=\"top\" width=\"122\">A qui va dirigit:<u><\/u><u><\/u><\/td>\n<td valign=\"top\" width=\"548\">Professorat de prim\u00e0ria i secund\u00e0ria<u><\/u><u><\/u><\/td>\n<\/tr>\n<tr>\n<td valign=\"top\" width=\"122\">Preu<u><\/u><u><\/u><\/td>\n<td valign=\"top\" width=\"548\">Gratu\u00eft<u><\/u><u><\/u><\/td>\n<\/tr>\n<tr>\n<td valign=\"top\" width=\"122\">Dates i horari:<u><\/u><u><\/u><\/td>\n<td valign=\"top\" width=\"548\">22, 24 i 28 d\u2019abril i 6 i 13 de maig de 2025, de 17.30 h a 19.30 h<u><\/u><u><\/u><\/td>\n<\/tr>\n<tr>\n<td valign=\"top\" width=\"122\">Lloc:<u><\/u><u><\/u><\/td>\n<td valign=\"top\" width=\"548\">Espai\u00a0Montseny, Planta 0, <u><a title=\"https:\/\/www.bing.com\/maps?&amp;ty=18&amp;q=UAB-Institut%20de%20Ci%C3%A8ncia%20i%20Tecnologia%20Ambientals&amp;ss=ypid.YN6306x14268756502964945236&amp;mb=41.504664~2.098485~41.496163~2.118162&amp;description=Cerdanyola%20Del%20Vall%C3%A8s%2C%2008193%2C%20Barcelona%C2%B7Instit\" href=\"https:\/\/www.bing.com\/maps?&amp;ty=18&amp;q=UAB-Institut%20de%20Ci%C3%A8ncia%20i%20Tecnologia%20Ambientals&amp;ss=ypid.YN6306x14268756502964945236&amp;mb=41.504664~2.098485~41.496163~2.118162&amp;description=Cerdanyola%20Del%20Vall%C3%A8s%2C%2008193%2C%20Barcelona%C2%B7Instituto%20de%20investigaci%C3%B3n&amp;cardbg=%23F98745&amp;dt=1741698000000&amp;tt=UAB-Institut%20de%20Ci%C3%A8ncia%20i%20Tecnologia%20Ambientals&amp;tsts0=%2526ty%253D18%2526q%253DUAB-Institut%252520de%252520Ci%2525C3%2525A8ncia%252520i%252520Tecnologia%252520Ambientals%2526ss%253Dypid.YN6306x14268756502964945236%2526mb%253D41.504664~2.098485~41.496163~2.118162%2526description%253DCerdanyola%252520Del%252520Vall%2525C3%2525A8s%25252C%25252008193%25252C%252520Barcelona%2525C2%2525B7Instituto%252520de%252520investigaci%2525C3%2525B3n%2526cardbg%253D%252523F98745%2526dt%253D1741698000000&amp;tstt0=UAB-Institut%20de%20Ci%C3%A8ncia%20i%20Tecnologia%20Ambientals&amp;cp=41.500414~2.103002&amp;lvl=16&amp;pi=0&amp;ftst=0&amp;ftics=False&amp;v=2&amp;sV=2&amp;form=S00027\" target=\"_blank\" rel=\"noopener\" data-saferedirecturl=\"https:\/\/www.google.com\/url?q=https:\/\/www.bing.com\/maps?%26ty%3D18%26q%3DUAB-Institut%2520de%2520Ci%25C3%25A8ncia%2520i%2520Tecnologia%2520Ambientals%26ss%3Dypid.YN6306x14268756502964945236%26mb%3D41.504664~2.098485~41.496163~2.118162%26description%3DCerdanyola%2520Del%2520Vall%25C3%25A8s%252C%252008193%252C%2520Barcelona%25C2%25B7Instituto%2520de%2520investigaci%25C3%25B3n%26cardbg%3D%2523F98745%26dt%3D1741698000000%26tt%3DUAB-Institut%2520de%2520Ci%25C3%25A8ncia%2520i%2520Tecnologia%2520Ambientals%26tsts0%3D%252526ty%25253D18%252526q%25253DUAB-Institut%25252520de%25252520Ci%252525C3%252525A8ncia%25252520i%25252520Tecnologia%25252520Ambientals%252526ss%25253Dypid.YN6306x14268756502964945236%252526mb%25253D41.504664~2.098485~41.496163~2.118162%252526description%25253DCerdanyola%25252520Del%25252520Vall%252525C3%252525A8s%2525252C%2525252008193%2525252C%25252520Barcelona%252525C2%252525B7Instituto%25252520de%25252520investigaci%252525C3%252525B3n%252526cardbg%25253D%25252523F98745%252526dt%25253D1741698000000%26tstt0%3DUAB-Institut%2520de%2520Ci%25C3%25A8ncia%2520i%2520Tecnologia%2520Ambientals%26cp%3D41.500414~2.103002%26lvl%3D16%26pi%3D0%26ftst%3D0%26ftics%3DFalse%26v%3D2%26sV%3D2%26form%3DS00027&amp;source=gmail&amp;ust=1746008606156000&amp;usg=AOvVaw2KiQ4fVcJGmFm4SrbkLrrV\">Institut de Ci\u00e8ncia i Tecnologia Ambientals (ICTA)<\/a><\/u>, UAB<u><\/u><u><\/u><\/td>\n<\/tr>\n<tr>\n<td valign=\"top\" width=\"122\">Certificaci\u00f3:<u><\/u><u><\/u><\/td>\n<td valign=\"top\" width=\"548\">Se certificaran 15 hores: 10 hores presencials m\u00e9s 5 hores de treball aut\u00f2nom. Aquestes 15 hores estan reconegudes com a formaci\u00f3 permanent del Departament d\u2019Educaci\u00f3 i Formaci\u00f3 Professional de la Generalitat de Catalunya. <u><\/u><u><\/u><\/p>\n<p>Per obtenir la certificaci\u00f3 cal complir dues condicions indispensables:<u><\/u><u><\/u><\/p>\n<p>\u00b7\u00a0\u00a0\u00a0\u00a0\u00a0\u00a0\u00a0 Superar les taques encomanades, amb una part de treball grupal i una part de treball individual.<u><\/u><u><\/u><\/p>\n<p>\u00b7\u00a0\u00a0\u00a0\u00a0\u00a0\u00a0\u00a0 Assistir a un m\u00ednim d\u2019un 80% de les sessions. Les faltes justificades, siguin per causes de for\u00e7a major o per salut no fan variar aquest m\u00ednim d\u2019assist\u00e8ncia requerida, tot i que s\u00ed que es tindran en compte a l\u2019hora d\u2019informar la causa de no assoliment del curs.<u><\/u><u><\/u><\/td>\n<\/tr>\n<tr>\n<td valign=\"top\" width=\"122\">Dates de matr\u00edcula:<u><\/u><u><\/u><\/td>\n<td valign=\"top\" width=\"548\">Fins al 6 d&#8217;abril (m\u00e0xim\u00a05 persones per centre)<u><\/u><u><\/u><\/td>\n<\/tr>\n<tr>\n<td valign=\"top\" width=\"122\">Com realitzar la matr\u00edcula:<u><\/u><u><\/u><\/td>\n<td valign=\"top\" width=\"548\">Enlla\u00e7os per a realitzar la matr\u00edcula:<u><\/u><u><\/u><\/p>\n<p>\u00b7\u00a0\u00a0\u00a0\u00a0\u00a0 \u00a0Si es disposa de N\u00famero d\u2019Identificaci\u00f3 Universit\u00e0ria (NIU) de la UAB: <u><a title=\"https:\/\/sia.uab.cat\/matricula_ice.html?estudi=5119&amp;edicio=1&amp;idioma=ca&amp;pais=ES\" href=\"https:\/\/sia.uab.cat\/matricula_ice.html?estudi=5119&amp;edicio=1&amp;idioma=ca&amp;pais=ES\" target=\"_blank\" rel=\"noopener\" data-saferedirecturl=\"https:\/\/www.google.com\/url?q=https:\/\/sia.uab.cat\/matricula_ice.html?estudi%3D5119%26edicio%3D1%26idioma%3Dca%26pais%3DES&amp;source=gmail&amp;ust=1746008606156000&amp;usg=AOvVaw0Totb9pn6RSHb2XIWNcOah\">https:\/\/sia.uab.cat\/matricula_<wbr \/>ice.html?estudi=5119&amp;edicio=1&amp;<wbr \/>idioma=ca&amp;pais=ES<\/a><\/u><u><\/u><u><\/u><\/p>\n<p>\u00b7\u00a0\u00a0\u00a0\u00a0\u00a0 \u00a0Si no es disposa de NIU: <u><a title=\"https:\/\/sia.uab.cat\/regis_mat_ice.html?estudi=5119&amp;edicio=1&amp;idioma=ca&amp;pais=ES\" href=\"https:\/\/sia.uab.cat\/regis_mat_ice.html?estudi=5119&amp;edicio=1&amp;idioma=ca&amp;pais=ES\" target=\"_blank\" rel=\"noopener\" data-saferedirecturl=\"https:\/\/www.google.com\/url?q=https:\/\/sia.uab.cat\/regis_mat_ice.html?estudi%3D5119%26edicio%3D1%26idioma%3Dca%26pais%3DES&amp;source=gmail&amp;ust=1746008606156000&amp;usg=AOvVaw0wEXyrjuTftmYNo-oVtSVF\">https:\/\/sia.uab.cat\/regis_mat_<wbr \/>ice.html?estudi=5119&amp;edicio=1&amp;<wbr \/>idioma=ca&amp;pais=ES<\/a><\/u><u><\/u><u><\/u><\/p>\n<p>Atenci\u00f3! Si disposeu de NIU, per\u00f2 no el recordeu, ens podeu enviar un e-mail a <u><a title=\"mailto:ga.ice@uab.cat\" href=\"mailto:ga.ice@uab.cat\" target=\"_blank\" rel=\"noopener\">ga.ice@uab.cat<\/a><\/u>\u00a0tot indicant el vostre nom i cognoms aix\u00ed com el n\u00famero de DNI.<u><\/u><u><\/u><\/td>\n<\/tr>\n<\/tbody>\n<\/table>\n<p>&nbsp;<\/p>\n<p><a href=\"https:\/\/www.uab.cat\/ca\/ice\/noticies\/20250422\/del-curriculum-a-laula-amb-una-mirada-inclusiva\" target=\"_blank\" rel=\"noopener\" data-saferedirecturl=\"https:\/\/www.google.com\/url?q=https:\/\/www.uab.cat\/ca\/ice\/noticies\/20250422\/del-curriculum-a-laula-amb-una-mirada-inclusiva&amp;source=gmail&amp;ust=1746008606156000&amp;usg=AOvVaw2qK8ZGJ8JaaCDeEUZMtFi9\">Aqu\u00ed<\/a> podreu trobar la informaci\u00f3 actualitzada del curs.<u><\/u><u><\/u><\/p>\n<p>&nbsp;<\/p>\n","protected":false},"excerpt":{"rendered":"<p>L\u2019Institut de Ci\u00e8ncia i Tecnologia Ambientals de la Universitat Aut\u00f2noma de Barcelona (ICTA-UAB) i l\u2019Institut de Ci\u00e8ncies de l\u2019Educaci\u00f3 de la UAB\u00a0(ICE UAB), en col\u00b7laboraci\u00f3 amb la Fundaci\u00f3n Espa\u00f1ola de Ciencia y Tecnolog\u00eda y el Ministerio de Universidades i amb el suport de l\u2019Ajuntament de&hellip;  <a href=\"https:\/\/serveiseducatius.xtec.cat\/altmaresme\/portada\/dissenyant-projectes-educatius-sobre-lus-de-laigua-i-dels-residus-organics-amb-enfocament-de-ciencia-ciutadana\/\" title=\"Read DISSENYANT PROJECTES EDUCATIUS SOBRE L&#8217;\u00daS DE L&#8217;AIGUA I DELS RESIDUS ORG\u00c0NICS AMB ENFOCAMENT DE CI\u00c8NCIA CIUTADANA\">Llegeix m\u00e9s\u00bb<\/a><\/p>\n","protected":false},"author":1,"featured_media":19105,"comment_status":"open","ping_status":"closed","sticky":false,"template":"","format":"standard","meta":{"_bbp_topic_count":0,"_bbp_reply_count":0,"_bbp_total_topic_count":0,"_bbp_total_reply_count":0,"_bbp_voice_count":0,"_bbp_anonymous_reply_count":0,"_bbp_topic_count_hidden":0,"_bbp_reply_count_hidden":0,"_bbp_forum_subforum_count":0,"footnotes":""},"categories":[1063,1061,1208,1051,29,1046,1045],"tags":[],"class_list":["post-19104","post","type-post","status-publish","format-standard","has-post-thumbnail","hentry","category-premis-i-concursos","category-competencies","category-ciutadania","category-formacio","category-portada","category-primaria","category-secundaria"],"post_mailing_queue_ids":[],"_links":{"self":[{"href":"https:\/\/serveiseducatius.xtec.cat\/altmaresme\/wp-json\/wp\/v2\/posts\/19104","targetHints":{"allow":["GET"]}}],"collection":[{"href":"https:\/\/serveiseducatius.xtec.cat\/altmaresme\/wp-json\/wp\/v2\/posts"}],"about":[{"href":"https:\/\/serveiseducatius.xtec.cat\/altmaresme\/wp-json\/wp\/v2\/types\/post"}],"author":[{"embeddable":true,"href":"https:\/\/serveiseducatius.xtec.cat\/altmaresme\/wp-json\/wp\/v2\/users\/1"}],"replies":[{"embeddable":true,"href":"https:\/\/serveiseducatius.xtec.cat\/altmaresme\/wp-json\/wp\/v2\/comments?post=19104"}],"version-history":[{"count":1,"href":"https:\/\/serveiseducatius.xtec.cat\/altmaresme\/wp-json\/wp\/v2\/posts\/19104\/revisions"}],"predecessor-version":[{"id":19106,"href":"https:\/\/serveiseducatius.xtec.cat\/altmaresme\/wp-json\/wp\/v2\/posts\/19104\/revisions\/19106"}],"wp:featuredmedia":[{"embeddable":true,"href":"https:\/\/serveiseducatius.xtec.cat\/altmaresme\/wp-json\/wp\/v2\/media\/19105"}],"wp:attachment":[{"href":"https:\/\/serveiseducatius.xtec.cat\/altmaresme\/wp-json\/wp\/v2\/media?parent=19104"}],"wp:term":[{"taxonomy":"category","embeddable":true,"href":"https:\/\/serveiseducatius.xtec.cat\/altmaresme\/wp-json\/wp\/v2\/categories?post=19104"},{"taxonomy":"post_tag","embeddable":true,"href":"https:\/\/serveiseducatius.xtec.cat\/altmaresme\/wp-json\/wp\/v2\/tags?post=19104"}],"curies":[{"name":"wp","href":"https:\/\/api.w.org\/{rel}","templated":true}]}}