{"id":19057,"date":"2025-03-24T09:45:34","date_gmt":"2025-03-24T08:45:34","guid":{"rendered":"https:\/\/serveiseducatius.xtec.cat\/altmaresme\/?p=19057"},"modified":"2025-03-24T09:45:34","modified_gmt":"2025-03-24T08:45:34","slug":"canvi-de-data-31-de-marc-conferencia-que-ens-diu-la-ciencia-sobre-com-aprenem-a-llegir-de-lhector-ruiz","status":"publish","type":"post","link":"https:\/\/serveiseducatius.xtec.cat\/altmaresme\/general\/canvi-de-data-31-de-marc-conferencia-que-ens-diu-la-ciencia-sobre-com-aprenem-a-llegir-de-lhector-ruiz\/","title":{"rendered":"CANVI DE DATA: 31 de mar\u00e7, confer\u00e8ncia &#8220;Qu\u00e8 ens diu la ci\u00e8ncia sobre com aprenem a llegir?&#8221;\u00a0de l&#8217;H\u00e9ctor Ruiz"},"content":{"rendered":"<p>Us informem que la confer\u00e8ncia que hem organitzat a c\u00e0rrec de l&#8217;<strong>H\u00e9ctor Ruiz<\/strong> sobre <strong><em>&#8220;Qu\u00e8 ens diu la ci\u00e8ncia sobre com aprenem a llegir?&#8221;<\/em>\u00a0<\/strong> ha canviat de data al <strong>31 de mar\u00e7<\/strong> de 17.00 a 19.00h i es dur\u00e0 a terme a l&#8217;Auditori de la Biblioteca Serra i Moret de Pineda de Mar. L&#8217;H\u00e9ctor Ruiz \u00e9s actualment director de l&#8217;<b><span style=\"color: #0b5394;\">International Science Teaching Foundation,<\/span><\/b> investigador i divulgador cient\u00edfic en l&#8217;\u00e0mbit de la psicologia cognitiva de l&#8217;aprenentatge i referent important de l&#8217;educaci\u00f3 basada en evid\u00e8ncies.<\/p>\n<p><strong>Data: 31 de mar\u00e7 de 2025<\/strong><\/p>\n<p><strong>Horari: <\/strong>de 17.00 a 19.00h<\/p>\n<p><strong>Lloc: <\/strong><a href=\"https:\/\/www.google.es\/maps\/dir\/\/Carrer+Progr%C3%A9s,+22,+08397+Pineda+de+Mar,+Barcelona\/@41.6241396,2.6110488,26226m\/data=!3m1!1e3!4m8!4m7!1m0!1m5!1m1!1s0x406785f9b1d3622b:0x6058c0b866f11209!2m2!1d2.6934314!2d41.6241938?entry=ttu&amp;g_ep=EgoyMDI1MDMxOS4yIKXMDSoASAFQAw%3D%3D\">Auditori de la Biblioteca Serra i Moret de Pineda de Mar<\/a><\/p>\n<p>Donat el canvi de data, deixem oberta la inscripci\u00f3 per a les persones que vulgueu assistir-hi:<\/p>\n<table border=\"0\" width=\"675\" cellspacing=\"2\" cellpadding=\"0\">\n<tbody>\n<tr>\n<td valign=\"TOP\"><img loading=\"lazy\" decoding=\"async\" src=\"https:\/\/aplicacions.gestioeducativa.gencat.cat\/est\/gafadm\/img\/ins_ok.gif\" alt=\"Inscripci\u00f3 oberta\" width=\"16\" height=\"16\" border=\"0\" \/><\/td>\n<td valign=\"TOP\"><span style=\"font-family: arial, helvetica, geneva; font-size: small;\">A100621A10<\/span><\/td>\n<td valign=\"TOP\"><span style=\"font-family: arial, helvetica, geneva; font-size: small;\"><b><a href=\"https:\/\/aplicacions.gestioeducativa.gencat.cat\/ords\/pls\/soloas\/pk_for_mod_ins.p_for_detall_activitat?p_header=Llista%20d%27activitats^pk_for_mod_ins.p_for_cons_activitats?p_crp=A10%26p_crp_txt=Maresme%20II.%20Pineda%20de%20Mar%26p_totes=S%26p_inici=51%26p_excloure_crp_rec=F&amp;p_codi=A100621A10&amp;p_curs=2024-2025&amp;p_excloure_crp_rec=F\">Qu\u00e8 ens diu la ci\u00e8ncia sobre com aprenem a llegir?<\/a><\/b><\/span><\/td>\n<\/tr>\n<\/tbody>\n<\/table>\n<p>Us animem a participar en aquest pon\u00e8ncia en la que l&#8217;H\u00e9ctor Ruiz compartir\u00e0 les seves <strong>experi\u00e8ncies en processos de millora i innovaci\u00f3 acompanyats de recerca<\/strong>. Us hi esperem!<\/p>\n","protected":false},"excerpt":{"rendered":"<p>Us informem que la confer\u00e8ncia que hem organitzat a c\u00e0rrec de l&#8217;H\u00e9ctor Ruiz sobre &#8220;Qu\u00e8 ens diu la ci\u00e8ncia sobre com aprenem a llegir?&#8221;\u00a0 ha canviat de data al 31 de mar\u00e7 de 17.00 a 19.00h i es dur\u00e0 a terme a l&#8217;Auditori de la&hellip;  <a href=\"https:\/\/serveiseducatius.xtec.cat\/altmaresme\/general\/canvi-de-data-31-de-marc-conferencia-que-ens-diu-la-ciencia-sobre-com-aprenem-a-llegir-de-lhector-ruiz\/\" title=\"Read CANVI DE DATA: 31 de mar\u00e7, confer\u00e8ncia &#8220;Qu\u00e8 ens diu la ci\u00e8ncia sobre com aprenem a llegir?&#8221;\u00a0de l&#8217;H\u00e9ctor Ruiz\">Llegeix m\u00e9s\u00bb<\/a><\/p>\n","protected":false},"author":73,"featured_media":19058,"comment_status":"open","ping_status":"closed","sticky":false,"template":"","format":"standard","meta":{"_bbp_topic_count":0,"_bbp_reply_count":0,"_bbp_total_topic_count":0,"_bbp_total_reply_count":0,"_bbp_voice_count":0,"_bbp_anonymous_reply_count":0,"_bbp_topic_count_hidden":0,"_bbp_reply_count_hidden":0,"_bbp_forum_subforum_count":0,"footnotes":""},"categories":[1050,1,1206,1214,1046,1045],"tags":[],"class_list":["post-19057","post","type-post","status-publish","format-standard","has-post-thumbnail","hentry","category-comunitat","category-general","category-infantil","category-llars-infants","category-primaria","category-secundaria"],"post_mailing_queue_ids":[],"_links":{"self":[{"href":"https:\/\/serveiseducatius.xtec.cat\/altmaresme\/wp-json\/wp\/v2\/posts\/19057","targetHints":{"allow":["GET"]}}],"collection":[{"href":"https:\/\/serveiseducatius.xtec.cat\/altmaresme\/wp-json\/wp\/v2\/posts"}],"about":[{"href":"https:\/\/serveiseducatius.xtec.cat\/altmaresme\/wp-json\/wp\/v2\/types\/post"}],"author":[{"embeddable":true,"href":"https:\/\/serveiseducatius.xtec.cat\/altmaresme\/wp-json\/wp\/v2\/users\/73"}],"replies":[{"embeddable":true,"href":"https:\/\/serveiseducatius.xtec.cat\/altmaresme\/wp-json\/wp\/v2\/comments?post=19057"}],"version-history":[{"count":1,"href":"https:\/\/serveiseducatius.xtec.cat\/altmaresme\/wp-json\/wp\/v2\/posts\/19057\/revisions"}],"predecessor-version":[{"id":19059,"href":"https:\/\/serveiseducatius.xtec.cat\/altmaresme\/wp-json\/wp\/v2\/posts\/19057\/revisions\/19059"}],"wp:featuredmedia":[{"embeddable":true,"href":"https:\/\/serveiseducatius.xtec.cat\/altmaresme\/wp-json\/wp\/v2\/media\/19058"}],"wp:attachment":[{"href":"https:\/\/serveiseducatius.xtec.cat\/altmaresme\/wp-json\/wp\/v2\/media?parent=19057"}],"wp:term":[{"taxonomy":"category","embeddable":true,"href":"https:\/\/serveiseducatius.xtec.cat\/altmaresme\/wp-json\/wp\/v2\/categories?post=19057"},{"taxonomy":"post_tag","embeddable":true,"href":"https:\/\/serveiseducatius.xtec.cat\/altmaresme\/wp-json\/wp\/v2\/tags?post=19057"}],"curies":[{"name":"wp","href":"https:\/\/api.w.org\/{rel}","templated":true}]}}