{"id":18938,"date":"2025-02-19T13:37:49","date_gmt":"2025-02-19T12:37:49","guid":{"rendered":"https:\/\/serveiseducatius.xtec.cat\/altmaresme\/?p=18938"},"modified":"2025-02-19T13:39:52","modified_gmt":"2025-02-19T12:39:52","slug":"lectures-sobre-ladolescencia","status":"publish","type":"post","link":"https:\/\/serveiseducatius.xtec.cat\/altmaresme\/portada\/lectures-sobre-ladolescencia\/","title":{"rendered":"Lectures sobre l&#8217;adolesc\u00e8ncia"},"content":{"rendered":"<p style=\"text-align: justify;\">Mostra bibliogr\u00e0fica sobre els adolescents i l&#8217;adolesc\u00e8ncia de la biblioteca del Departament d&#8217;Educaci\u00f3 i Formaci\u00f3 Professional.<\/p>\n<p style=\"text-align: justify;\">Del 17 al 28 de febrer trobareu aquests llibres exposats a la nostra sala de lectura, per\u00f2 trobareu m\u00e9s publicacions sobre aquesta tem\u00e0tica al\u00a0<a id=\"m_3299489453513398201OWAf199e91a-d5bc-89b3-d93c-f8d267189917\" title=\"https:\/\/milleniumbeg.cultura.gencat.cat\/search~s30*cat\/?searchtype=x&amp;searcharg=adolesc*&amp;searchscope=30&amp;sortdropdown=-&amp;sort=dz&amp;extended=0&amp;submit=cerca&amp;searchlimits=&amp;searchorigarg=dadolescents\" href=\"https:\/\/milleniumbeg.cultura.gencat.cat\/search~S30%2acat\/?searchtype=X&amp;searcharg=adolesc%2a&amp;searchscope=30&amp;sortdropdown=-&amp;SORT=DZ&amp;extended=0&amp;SUBMIT=Cerca&amp;searchlimits=&amp;searchorigarg=dadolescents\" target=\"_blank\" rel=\"noopener\" data-saferedirecturl=\"https:\/\/www.google.com\/url?q=https:\/\/milleniumbeg.cultura.gencat.cat\/search~S30%252acat\/?searchtype%3DX%26searcharg%3Dadolesc%252a%26searchscope%3D30%26sortdropdown%3D-%26SORT%3DDZ%26extended%3D0%26SUBMIT%3DCerca%26searchlimits%3D%26searchorigarg%3Ddadolescents&amp;source=gmail&amp;ust=1740050714942000&amp;usg=AOvVaw2751Hp8DSfgCVy6AvKYq25\">cat\u00e0leg<\/a> de la biblioteca. Tamb\u00e9 podeu fer la cerca que m\u00e9s us convingui.<\/p>\n<div><\/div>\n<div><a href=\"https:\/\/serveiseducatius.xtec.cat\/altmaresme\/wp-content\/uploads\/usu1140\/2025\/02\/image-4.png\"><img loading=\"lazy\" decoding=\"async\" class=\"alignnone size-full wp-image-18942\" src=\"https:\/\/serveiseducatius.xtec.cat\/altmaresme\/wp-content\/uploads\/usu1140\/2025\/02\/image-4.png\" alt=\"\" width=\"835\" height=\"687\" srcset=\"https:\/\/serveiseducatius.xtec.cat\/altmaresme\/wp-content\/uploads\/usu1140\/2025\/02\/image-4.png 835w, https:\/\/serveiseducatius.xtec.cat\/altmaresme\/wp-content\/uploads\/usu1140\/2025\/02\/image-4-300x247.png 300w, https:\/\/serveiseducatius.xtec.cat\/altmaresme\/wp-content\/uploads\/usu1140\/2025\/02\/image-4-768x632.png 768w\" sizes=\"auto, (max-width: 835px) 100vw, 835px\" \/><\/a><\/div>\n<div><a href=\"https:\/\/serveiseducatius.xtec.cat\/altmaresme\/wp-content\/uploads\/usu1140\/2025\/02\/image-3.png\"><img loading=\"lazy\" decoding=\"async\" class=\"alignnone size-full wp-image-18941\" src=\"https:\/\/serveiseducatius.xtec.cat\/altmaresme\/wp-content\/uploads\/usu1140\/2025\/02\/image-3.png\" alt=\"\" width=\"829\" height=\"693\" srcset=\"https:\/\/serveiseducatius.xtec.cat\/altmaresme\/wp-content\/uploads\/usu1140\/2025\/02\/image-3.png 829w, https:\/\/serveiseducatius.xtec.cat\/altmaresme\/wp-content\/uploads\/usu1140\/2025\/02\/image-3-300x250.png 300w, https:\/\/serveiseducatius.xtec.cat\/altmaresme\/wp-content\/uploads\/usu1140\/2025\/02\/image-3-768x642.png 768w\" sizes=\"auto, (max-width: 829px) 100vw, 829px\" \/><\/a><\/div>\n","protected":false},"excerpt":{"rendered":"<p>Mostra bibliogr\u00e0fica sobre els adolescents i l&#8217;adolesc\u00e8ncia de la biblioteca del Departament d&#8217;Educaci\u00f3 i Formaci\u00f3 Professional.<br \/>\nDel 17 al 28 de febrer trobareu aquests llibres exposats a la nostra sala de lectura, per\u00f2 trobareu m\u00e9s publicacions sobre aquesta tem\u00e0tica al\u00a0<a id=\"m_3299489453513398201OWAf199e91a-d5bc-89b3-d93c-f8d267189917\" title=\"https:\/\/milleniumbeg.cultura.gencat.cat\/search~s30*cat\/?searchtype=x&amp;searcharg=adolesc*&amp;searchscope=30&amp;sortdropdown=-&amp;sort=dz&amp;extended=0&amp;submit=cerca&amp;searchlimits=&amp;searchorigarg=dadolescents\" href=\"https:\/\/milleniumbeg.cultura.gencat.cat\/search~S30%2acat\/?searchtype=X&amp;searcharg=adolesc%2a&amp;searchscope=30&amp;sortdropdown=-&amp;SORT=DZ&amp;extended=0&amp;SUBMIT=Cerca&amp;searchlimits=&amp;searchorigarg=dadolescents\" target=\"_blank\" rel=\"noopener\" data-saferedirecturl=\"https:\/\/www.google.com\/url?q=https:\/\/milleniumbeg.cultura.gencat.cat\/search~S30%252acat\/?searchtype%3DX%26searcharg%3Dadolesc%252a%26searchscope%3D30%26sortdropdown%3D-%26SORT%3DDZ%26extended%3D0%26SUBMIT%3DCerca%26searchlimits%3D%26searchorigarg%3Ddadolescents&amp;source=gmail&amp;ust=1740050714942000&amp;usg=AOvVaw2751Hp8DSfgCVy6AvKYq25\">cat\u00e0leg<\/a>&hellip;  <a href=\"https:\/\/serveiseducatius.xtec.cat\/altmaresme\/portada\/lectures-sobre-ladolescencia\/\" title=\"Read Lectures sobre l&#8217;adolesc\u00e8ncia\">Llegeix m\u00e9s\u00bb<\/a><\/p>\n","protected":false},"author":137,"featured_media":18943,"comment_status":"open","ping_status":"closed","sticky":false,"template":"","format":"standard","meta":{"_bbp_topic_count":0,"_bbp_reply_count":0,"_bbp_total_topic_count":0,"_bbp_total_reply_count":0,"_bbp_voice_count":0,"_bbp_anonymous_reply_count":0,"_bbp_topic_count_hidden":0,"_bbp_reply_count_hidden":0,"_bbp_forum_subforum_count":0,"footnotes":""},"categories":[1042,81,1193,29,1046,1045],"tags":[],"class_list":["post-18938","post","type-post","status-publish","format-standard","has-post-thumbnail","hentry","category-benestar-emocional","category-biblioteca-escolar","category-genere","category-portada","category-primaria","category-secundaria"],"post_mailing_queue_ids":[],"_links":{"self":[{"href":"https:\/\/serveiseducatius.xtec.cat\/altmaresme\/wp-json\/wp\/v2\/posts\/18938","targetHints":{"allow":["GET"]}}],"collection":[{"href":"https:\/\/serveiseducatius.xtec.cat\/altmaresme\/wp-json\/wp\/v2\/posts"}],"about":[{"href":"https:\/\/serveiseducatius.xtec.cat\/altmaresme\/wp-json\/wp\/v2\/types\/post"}],"author":[{"embeddable":true,"href":"https:\/\/serveiseducatius.xtec.cat\/altmaresme\/wp-json\/wp\/v2\/users\/137"}],"replies":[{"embeddable":true,"href":"https:\/\/serveiseducatius.xtec.cat\/altmaresme\/wp-json\/wp\/v2\/comments?post=18938"}],"version-history":[{"count":1,"href":"https:\/\/serveiseducatius.xtec.cat\/altmaresme\/wp-json\/wp\/v2\/posts\/18938\/revisions"}],"predecessor-version":[{"id":18944,"href":"https:\/\/serveiseducatius.xtec.cat\/altmaresme\/wp-json\/wp\/v2\/posts\/18938\/revisions\/18944"}],"wp:featuredmedia":[{"embeddable":true,"href":"https:\/\/serveiseducatius.xtec.cat\/altmaresme\/wp-json\/wp\/v2\/media\/18943"}],"wp:attachment":[{"href":"https:\/\/serveiseducatius.xtec.cat\/altmaresme\/wp-json\/wp\/v2\/media?parent=18938"}],"wp:term":[{"taxonomy":"category","embeddable":true,"href":"https:\/\/serveiseducatius.xtec.cat\/altmaresme\/wp-json\/wp\/v2\/categories?post=18938"},{"taxonomy":"post_tag","embeddable":true,"href":"https:\/\/serveiseducatius.xtec.cat\/altmaresme\/wp-json\/wp\/v2\/tags?post=18938"}],"curies":[{"name":"wp","href":"https:\/\/api.w.org\/{rel}","templated":true}]}}